{"id":258074,"date":"2025-09-05T08:38:31","date_gmt":"2025-09-05T08:38:31","guid":{"rendered":"https:\/\/disteco.com\/la-carn-de-porc-saludable\/"},"modified":"2025-09-08T08:44:34","modified_gmt":"2025-09-08T08:44:34","slug":"la-carn-de-porc-saludable","status":"publish","type":"post","link":"https:\/\/disteco.com\/ca\/la-carn-de-porc-saludable\/","title":{"rendered":"La carn de porc saludable"},"content":{"rendered":"\n<figure class=\"wp-block-image size-full\"><img loading=\"lazy\" decoding=\"async\" width=\"825\" height=\"582\" src=\"https:\/\/disteco.com\/wp-content\/uploads\/2017\/04\/Imagen-noticia-17.10.2014.jpg\" alt=\"La carn de porc saludable\" class=\"wp-image-25605\" srcset=\"https:\/\/disteco.com\/wp-content\/uploads\/2017\/04\/Imagen-noticia-17.10.2014.jpg 825w, https:\/\/disteco.com\/wp-content\/uploads\/2017\/04\/Imagen-noticia-17.10.2014-300x212.jpg 300w, https:\/\/disteco.com\/wp-content\/uploads\/2017\/04\/Imagen-noticia-17.10.2014-768x542.jpg 768w\" sizes=\"(max-width: 825px) 100vw, 825px\" \/><\/figure>\n<h6 data-start=\"350\" data-end=\"433\"><span style=\"color: #cc0000;\"><em>La carn de porc saludable<\/em><\/span><\/h6>\n<h2 data-start=\"350\" data-end=\"433\"> <\/h2>\n<h2 data-start=\"350\" data-end=\"433\"><strong>Carn de porc: propietats nutricionals i beneficis per a una dieta saludable<\/strong><\/h2>\n<p data-start=\"435\" data-end=\"772\">Durant anys hi havia la creen\u00e7a que la <strong data-start=\"478\" data-end=\"496\">carn de porc<\/strong> era un aliment amb un alt contingut en greix i, per tant, poc recomanable dins una <strong data-start=\"590\" data-end=\"616\">alimentaci\u00f3 saludable<\/strong>. Tot i aix\u00f2, aquesta percepci\u00f3 ha canviat gr\u00e0cies a l&#8217;evoluci\u00f3 en la <strong data-start=\"688\" data-end=\"709\">crian\u00e7a del porc<\/strong>, les millores en la seva <strong data-start=\"729\" data-end=\"745\">alimentaci\u00f3<\/strong> i la selecci\u00f3 gen\u00e8tica. <\/p>\n<p data-start=\"774\" data-end=\"1003\">Avui dia, talls magres de porc com el <strong data-start=\"817\" data-end=\"851\">llom, el filet o la cuixa<\/strong> formen part d&#8217;una dieta equilibrada i s\u00f3n una font de <strong data-start=\"910\" data-end=\"947\">prote\u00efnes d&#8217;alt valor biol\u00f2gic<\/strong>, amb una aportaci\u00f3 grassa molt menor del que es pensa.<\/p>\n<h3 data-start=\"1010\" data-end=\"1057\"> <\/h3>\n<h3 data-start=\"1010\" data-end=\"1057\"><strong>Carn de porc de qualitat: Duroc i Ib\u00e8rica<\/strong><\/h3>\n<p data-start=\"1059\" data-end=\"1202\">La carn de porc de qualitat, com la <strong data-start=\"1097\" data-end=\"1106\">Duroc<\/strong> i la <strong data-start=\"1112\" data-end=\"1123\">Ib\u00e8rica<\/strong> (la que distribu\u00efm a la nostra empresa), \u00e9s molt diferent de la tradicional.<\/p>\n<p data-start=\"1204\" data-end=\"1507\">Les millores en l&#8217;<strong data-start=\"1222\" data-end=\"1254\">alimentaci\u00f3 dels animals<\/strong>, juntament amb la mobilitat m\u00e9s gran durant la cria, han perm\u00e8s obtenir una carn amb m\u00e9s prote\u00efnes, menys l\u00edpids i un perfil de greix m\u00e9s saludable. Amb el pas del temps tamb\u00e9 s&#8217;ha perfeccionat la gen\u00e8tica de les races, donant lloc a carns amb: <\/p>\n<ul data-start=\"1508\" data-end=\"1634\">\n<li data-start=\"1508\" data-end=\"1566\">\n<p data-start=\"1510\" data-end=\"1566\">M\u00e9s proporci\u00f3 d&#8217;<strong data-start=\"1530\" data-end=\"1563\">\u00e0cids grassos monoinsaturats<\/strong>.<\/p>\n<\/li>\n<li data-start=\"1567\" data-end=\"1602\">\n<p data-start=\"1569\" data-end=\"1602\">Menor contingut total en greix.<\/p>\n<\/li>\n<li data-start=\"1603\" data-end=\"1634\">\n<p data-start=\"1605\" data-end=\"1634\">Menor aportaci\u00f3 de colesterol.<\/p>\n<\/li>\n<\/ul>\n<p data-start=\"1636\" data-end=\"1767\">Aix\u00f2 converteix la carn de porc de qualitat en un producte m\u00e9s d&#8217;acord amb les <strong data-start=\"1716\" data-end=\"1755\">tend\u00e8ncies gastron\u00f2miques i de salut <\/strong> actuals.<\/p>\n<h3 data-start=\"1774\" data-end=\"1817\"> <\/h3>\n<h3 data-start=\"1774\" data-end=\"1817\"><strong>Talls magres de porc: m\u00e9s saludables<\/strong><\/h3>\n<p data-start=\"1819\" data-end=\"1971\">No tots els talls del porc tenen la mateixa composici\u00f3 nutricional. Alguns s\u00f3n especialment recomanables dins una alimentaci\u00f3 equilibrada: <\/p>\n<ul data-start=\"1973\" data-end=\"2051\">\n<li data-start=\"1973\" data-end=\"1999\">\n<p data-start=\"1975\" data-end=\"1999\"><strong data-start=\"1975\" data-end=\"1997\">Filet de porc<\/strong><\/p>\n<\/li>\n<li data-start=\"2000\" data-end=\"2021\">\n<p data-start=\"2002\" data-end=\"2021\"><strong data-start=\"2002\" data-end=\"2019\">Llom de porc<\/strong><\/p>\n<\/li>\n<li data-start=\"2022\" data-end=\"2036\">\n<p data-start=\"2024\" data-end=\"2036\"><strong data-start=\"2024\" data-end=\"2034\">Paleta<\/strong><\/p>\n<\/li>\n<li data-start=\"2037\" data-end=\"2051\">\n<p data-start=\"2039\" data-end=\"2051\"><strong data-start=\"2039\" data-end=\"2049\">Cuixa<\/strong><\/p>\n<\/li>\n<\/ul>\n<p data-start=\"2053\" data-end=\"2166\">Aquests talls no superen el <strong data-start=\"2080\" data-end=\"2116\">10% de greix per cada 100 grams<\/strong>, cosa que els fa una opci\u00f3 saludable i lleugera.<\/p>\n<p data-start=\"2168\" data-end=\"2401\">En canvi, talls com la <strong data-start=\"2194\" data-end=\"2250\">papada, la cansalada, la cansalada o els peus de porc<\/strong> tenen m\u00e9s greix i menys prote\u00efna, per la qual cosa s&#8217;han de consumir de manera m\u00e9s ocasional o sota supervisi\u00f3 m\u00e8dica en persones amb problemes de salut.<\/p>\n<h3 data-start=\"2408\" data-end=\"2454\"> <\/h3>\n<h3 data-start=\"2408\" data-end=\"2454\"><strong>Carn de porc ib\u00e8ric: nutrici\u00f3 i sabor<\/strong><\/h3>\n<p data-start=\"2456\" data-end=\"2645\">Dins de les diferents races porcines, la <strong data-start=\"2500\" data-end=\"2531\">carn de porc ib\u00e8ric pur<\/strong> destaca no nom\u00e9s pel sabor i les caracter\u00edstiques organol\u00e8ptiques, sin\u00f3 tamb\u00e9 per la composici\u00f3 nutricional:<\/p>\n<ul data-start=\"2647\" data-end=\"2791\">\n<li data-start=\"2647\" data-end=\"2692\">\n<p data-start=\"2649\" data-end=\"2692\">Menor proporci\u00f3 de <strong data-start=\"2669\" data-end=\"2689\">greixos saturats<\/strong>.<\/p>\n<\/li>\n<li data-start=\"2693\" data-end=\"2791\">\n<p data-start=\"2695\" data-end=\"2791\">Major concentraci\u00f3 d&#8217;<strong data-start=\"2718\" data-end=\"2751\">\u00e0cids grassos monoinsaturats<\/strong>, semblants als de l&#8217;oli d&#8217;oliva.<\/p>\n<\/li>\n<\/ul>\n<p data-start=\"2793\" data-end=\"2892\">Aix\u00f2 converteix el porc ib\u00e8ric en una de les opcions m\u00e9s saludables dins del grup de carns.<\/p>\n<h3 data-start=\"2899\" data-end=\"2930\"> <\/h3>\n<h3 data-start=\"2899\" data-end=\"2930\"><strong>Carn blanca vs carn vermella<\/strong><\/h3>\n<p data-start=\"2932\" data-end=\"3067\">De manera senzilla, la difer\u00e8ncia principal entre les <strong data-start=\"2985\" data-end=\"3003\">carns blanques<\/strong> i les <strong data-start=\"3010\" data-end=\"3026\">carns vermelles<\/strong> \u00e9s la <strong data-start=\"3033\" data-end=\"3064\">qualitat i quantitat de greix<\/strong>.<\/p>\n<ul data-start=\"3068\" data-end=\"3273\">\n<li data-start=\"3068\" data-end=\"3166\">\n<p data-start=\"3070\" data-end=\"3166\">Les <strong data-start=\"3074\" data-end=\"3092\">carns blanques<\/strong> (aus i porc) contenen m\u00e9s \u00e0cids grassos insaturats, m\u00e9s saludables.<\/p>\n<\/li>\n<li data-start=\"3167\" data-end=\"3273\">\n<p data-start=\"3169\" data-end=\"3273\">Les <strong data-start=\"3173\" data-end=\"3189\">carns vermelles<\/strong> (bov\u00ed, ov\u00ed i cabrum) tenen m\u00e9s greixos saturats i una aportaci\u00f3 cal\u00f2rica m\u00e9s gran.<\/p>\n<\/li>\n<\/ul>\n<p data-start=\"3275\" data-end=\"3568\">Alguns estudis han assenyalat que a la carn vermella, la <strong data-start=\"3330\" data-end=\"3343\">carnitina<\/strong> es transforma en l&#8217;intest\u00ed en compostos que eleven el colesterol i augmenten el risc cardiovascular. Per aquest motiu, l&#8217;<strong data-start=\"3470\" data-end=\"3477\">OMS<\/strong> recomana moderar el consum de carns vermelles davant de carns blanques com la del porc. <\/p>\n<h3 data-start=\"3575\" data-end=\"3625\"> <\/h3>\n<h3 data-start=\"3575\" data-end=\"3625\"><strong>Beneficis nutricionals de la carn de porc<\/strong><\/h3>\n<p data-start=\"3627\" data-end=\"3761\">A m\u00e9s de ser una carn <strong data-start=\"3651\" data-end=\"3695\">digestible, saciant i f\u00e0cil de mastegar<\/strong>, el porc magre ofereix avantatges nutricionals molt interessants:<\/p>\n<ul data-start=\"3763\" data-end=\"4008\">\n<li data-start=\"3763\" data-end=\"3832\">\n<p data-start=\"3765\" data-end=\"3832\">Aportaci\u00f3 moderada de calories: <strong data-start=\"3794\" data-end=\"3829\">111 kcal per cada 100 g de llom<\/strong>.<\/p>\n<\/li>\n<li data-start=\"3833\" data-end=\"3926\">\n<p data-start=\"3835\" data-end=\"3926\">Alta concentraci\u00f3 de <strong data-start=\"3857\" data-end=\"3878\">vitamines B1 i B6<\/strong>, fins i tot superior a la del bov\u00ed i l&#8217;ov\u00ed.<\/p>\n<\/li>\n<li data-start=\"3927\" data-end=\"4008\">\n<p data-start=\"3929\" data-end=\"4008\"><strong data-start=\"3929\" data-end=\"3966\">Prote\u00efnes d&#8217;alt valor biol\u00f2gic<\/strong>, comparables a les carns vermelles.<\/p>\n<\/li>\n<\/ul>\n<h3 data-start=\"4015\" data-end=\"4054\"> <\/h3>\n<h3 data-start=\"4015\" data-end=\"4054\"><strong>Consells per a un consum saludable<\/strong><\/h3>\n<ul data-start=\"4056\" data-end=\"4403\">\n<li data-start=\"4056\" data-end=\"4142\">\n<p data-start=\"4058\" data-end=\"4142\">Trieu sempre <strong data-start=\"4073\" data-end=\"4090\">talls magres<\/strong> i limiteu l&#8217;\u00fas de greixos afegits a la cuina.<\/p>\n<\/li>\n<li data-start=\"4143\" data-end=\"4283\">\n<p data-start=\"4145\" data-end=\"4283\">Combineu la carn de porc amb <strong data-start=\"4176\" data-end=\"4212\">ingredients rics en vitamina C<\/strong> (pebrots, c\u00edtrics, julivert) per millorar l&#8217;absorci\u00f3 del ferro.<\/p>\n<\/li>\n<li data-start=\"4284\" data-end=\"4403\">\n<p data-start=\"4286\" data-end=\"4403\">Acompanyeu els plats de carn amb fruites i verdures per afavorir la digesti\u00f3 i equilibrar l&#8217;aportaci\u00f3 nutricional.<\/p>\n<\/li>\n<\/ul>\n<h3 data-start=\"4410\" data-end=\"4426\"> <\/h3>\n<h3 data-start=\"4410\" data-end=\"4426\"><strong>La nostra visi\u00f3 a Disteco<\/strong><\/h3>\n<blockquote>\n<h4 data-start=\"4428\" data-end=\"4698\"><a href=\"\/?page_id=247059\" target=\"_blank\" rel=\"noopener\">La carn de porc<\/a>, especialment la de qualitat com la <strong data-start=\"4483\" data-end=\"4502\">Ib\u00e8rica o Duroc<\/strong>, \u00e9s una <strong data-start=\"4511\" data-end=\"4544\">font saludable de prote\u00efnes<\/strong> i nutrients essencials. Inclosa de forma equilibrada i amb lelecci\u00f3 de talls magres, pot ser part fonamental duna <strong data-start=\"4671\" data-end=\"4695\">dieta sana i variada<\/strong>. <\/h4>\n<p>Consumida amb moderaci\u00f3 i en combinaci\u00f3 amb altres aliments frescos, la carn de porc no nom\u00e9s \u00e9s compatible amb una alimentaci\u00f3 saludable, sin\u00f3 que a m\u00e9s a m\u00e9s aporta sabor, versatilitat i un gran valor gastron\u00f2mic.<\/p>\n<\/blockquote>\n<p data-start=\"4700\" data-end=\"4902\">\n","protected":false},"excerpt":{"rendered":"<p>Durant anys hi havia la creen\u00e7a que la carn de porc era un aliment amb un alt contingut en greix i, per tant, poc recomanable dins una alimentaci\u00f3 saludable.<\/p>\n","protected":false},"author":1,"featured_media":205105,"comment_status":"closed","ping_status":"open","sticky":false,"template":"","format":"image","meta":{"_et_pb_use_builder":"off","_et_pb_old_content":"","_et_gb_content_width":"","footnotes":""},"categories":[43],"tags":[122,239,99,820,72,261,186,886],"class_list":["post-258074","post","type-post","status-publish","format-image","has-post-thumbnail","hentry","category-ultimes-noticies","tag-alimentacio-saludable","tag-aliments-de-qualitat","tag-aliments-rics-en-proteines-ca","tag-comprar-porc-iberic","tag-disteco-ca-2","tag-distribucio-gourmet","tag-grup-alimentari-disteco-ca","tag-parts-del-porc-iberic","post_format-post-format-image"],"yoast_head":"<!-- This site is optimized with the Yoast SEO plugin v26.9 - https:\/\/yoast.com\/product\/yoast-seo-wordpress\/ -->\n<title>La carn de porc saludable - GRUP ALIMENTARI DISTECO<\/title>\n<meta name=\"description\" content=\"Descobreix els beneficis de la carn de porc, les propietats nutricionals i els talls magres m\u00e9s saludables per a la teva dieta.\" \/>\n<meta name=\"robots\" content=\"index, follow, max-snippet:-1, max-image-preview:large, max-video-preview:-1\" \/>\n<link rel=\"canonical\" href=\"https:\/\/disteco.com\/ca\/la-carn-de-porc-saludable\/\" \/>\n<meta property=\"og:locale\" content=\"ca_ES\" \/>\n<meta property=\"og:type\" content=\"article\" \/>\n<meta property=\"og:title\" content=\"La carn de porc saludable - GRUP ALIMENTARI DISTECO\" \/>\n<meta property=\"og:description\" content=\"Descobreix els beneficis de la carn de porc, les propietats nutricionals i els talls magres m\u00e9s saludables per a la teva dieta.\" \/>\n<meta property=\"og:url\" content=\"https:\/\/disteco.com\/ca\/la-carn-de-porc-saludable\/\" \/>\n<meta property=\"og:site_name\" content=\"GRUP ALIMENTARI DISTECO\" \/>\n<meta property=\"article:publisher\" content=\"https:\/\/www.facebook.com\/grupalimentaridisteco\/\" \/>\n<meta property=\"article:published_time\" content=\"2025-09-05T08:38:31+00:00\" \/>\n<meta property=\"article:modified_time\" content=\"2025-09-08T08:44:34+00:00\" \/>\n<meta property=\"og:image\" content=\"https:\/\/disteco.com\/wp-content\/uploads\/2017\/04\/Imagen-noticia-17.10.2014.jpg\" \/>\n\t<meta property=\"og:image:width\" content=\"825\" \/>\n\t<meta property=\"og:image:height\" content=\"582\" \/>\n\t<meta property=\"og:image:type\" content=\"image\/jpeg\" \/>\n<meta name=\"author\" content=\"GAD\" \/>\n<meta name=\"twitter:card\" content=\"summary_large_image\" \/>\n<meta name=\"twitter:creator\" content=\"@DistecoGrup\" \/>\n<meta name=\"twitter:site\" content=\"@DistecoGrup\" \/>\n<meta name=\"twitter:label1\" content=\"Escrit per\" \/>\n\t<meta name=\"twitter:data1\" content=\"GAD\" \/>\n\t<meta name=\"twitter:label2\" content=\"Temps estimat de lectura\" \/>\n\t<meta name=\"twitter:data2\" content=\"4 minut\" \/>\n<script type=\"application\/ld+json\" class=\"yoast-schema-graph\">{\"@context\":\"https:\/\/schema.org\",\"@graph\":[{\"@type\":\"Article\",\"@id\":\"https:\/\/disteco.com\/ca\/la-carn-de-porc-saludable\/#article\",\"isPartOf\":{\"@id\":\"https:\/\/disteco.com\/ca\/la-carn-de-porc-saludable\/\"},\"author\":{\"name\":\"GAD\",\"@id\":\"https:\/\/disteco.com\/ca\/#\/schema\/person\/4ea51f932b94228a72ce3c6332cfd3c0\"},\"headline\":\"La carn de porc saludable\",\"datePublished\":\"2025-09-05T08:38:31+00:00\",\"dateModified\":\"2025-09-08T08:44:34+00:00\",\"mainEntityOfPage\":{\"@id\":\"https:\/\/disteco.com\/ca\/la-carn-de-porc-saludable\/\"},\"wordCount\":762,\"publisher\":{\"@id\":\"https:\/\/disteco.com\/ca\/#organization\"},\"image\":{\"@id\":\"https:\/\/disteco.com\/ca\/la-carn-de-porc-saludable\/#primaryimage\"},\"thumbnailUrl\":\"https:\/\/disteco.com\/wp-content\/uploads\/2017\/04\/Imagen-noticia-17.10.2014.jpg\",\"keywords\":[\"alimentaci\u00f3 saludable\",\"aliments de qualitat\",\"aliments rics en prote\u00efnes\",\"Comprar porc ib\u00e8ric\",\"Disteco\",\"distribuci\u00f3 gourmet\",\"grup alimentari disteco\",\"Parts del porc ib\u00e8ric\"],\"articleSection\":[\"\u00daltimes not\u00edcies\"],\"inLanguage\":\"ca\"},{\"@type\":\"WebPage\",\"@id\":\"https:\/\/disteco.com\/ca\/la-carn-de-porc-saludable\/\",\"url\":\"https:\/\/disteco.com\/ca\/la-carn-de-porc-saludable\/\",\"name\":\"La carn de porc saludable - GRUP ALIMENTARI DISTECO\",\"isPartOf\":{\"@id\":\"https:\/\/disteco.com\/ca\/#website\"},\"primaryImageOfPage\":{\"@id\":\"https:\/\/disteco.com\/ca\/la-carn-de-porc-saludable\/#primaryimage\"},\"image\":{\"@id\":\"https:\/\/disteco.com\/ca\/la-carn-de-porc-saludable\/#primaryimage\"},\"thumbnailUrl\":\"https:\/\/disteco.com\/wp-content\/uploads\/2017\/04\/Imagen-noticia-17.10.2014.jpg\",\"datePublished\":\"2025-09-05T08:38:31+00:00\",\"dateModified\":\"2025-09-08T08:44:34+00:00\",\"description\":\"Descobreix els beneficis de la carn de porc, les propietats nutricionals i els talls magres m\u00e9s saludables per a la teva dieta.\",\"breadcrumb\":{\"@id\":\"https:\/\/disteco.com\/ca\/la-carn-de-porc-saludable\/#breadcrumb\"},\"inLanguage\":\"ca\",\"potentialAction\":[{\"@type\":\"ReadAction\",\"target\":[\"https:\/\/disteco.com\/ca\/la-carn-de-porc-saludable\/\"]}]},{\"@type\":\"ImageObject\",\"inLanguage\":\"ca\",\"@id\":\"https:\/\/disteco.com\/ca\/la-carn-de-porc-saludable\/#primaryimage\",\"url\":\"https:\/\/disteco.com\/wp-content\/uploads\/2017\/04\/Imagen-noticia-17.10.2014.jpg\",\"contentUrl\":\"https:\/\/disteco.com\/wp-content\/uploads\/2017\/04\/Imagen-noticia-17.10.2014.jpg\",\"width\":825,\"height\":582,\"caption\":\"La carn de porc \u00e9s saludable amb alta concentraci\u00f3 de vitamines B1 i B6\"},{\"@type\":\"BreadcrumbList\",\"@id\":\"https:\/\/disteco.com\/ca\/la-carn-de-porc-saludable\/#breadcrumb\",\"itemListElement\":[{\"@type\":\"ListItem\",\"position\":1,\"name\":\"Portada\",\"item\":\"https:\/\/disteco.com\/ca\/\"},{\"@type\":\"ListItem\",\"position\":2,\"name\":\"La carn de porc saludable\"}]},{\"@type\":\"WebSite\",\"@id\":\"https:\/\/disteco.com\/ca\/#website\",\"url\":\"https:\/\/disteco.com\/ca\/\",\"name\":\"GRUP ALIMENTARI DISTECO\",\"description\":\"Distribuci\u00f3 aliment\u00e0ria de productes d'alta qualitat\",\"publisher\":{\"@id\":\"https:\/\/disteco.com\/ca\/#organization\"},\"potentialAction\":[{\"@type\":\"SearchAction\",\"target\":{\"@type\":\"EntryPoint\",\"urlTemplate\":\"https:\/\/disteco.com\/ca\/?s={search_term_string}\"},\"query-input\":{\"@type\":\"PropertyValueSpecification\",\"valueRequired\":true,\"valueName\":\"search_term_string\"}}],\"inLanguage\":\"ca\"},{\"@type\":\"Organization\",\"@id\":\"https:\/\/disteco.com\/ca\/#organization\",\"name\":\"GRUP ALIMENTARI DISTECO\",\"url\":\"https:\/\/disteco.com\/ca\/\",\"logo\":{\"@type\":\"ImageObject\",\"inLanguage\":\"ca\",\"@id\":\"https:\/\/disteco.com\/ca\/#\/schema\/logo\/image\/\",\"url\":\"https:\/\/disteco.com\/wp-content\/uploads\/2017\/03\/logo-grup-alimentari-disteco.png\",\"contentUrl\":\"https:\/\/disteco.com\/wp-content\/uploads\/2017\/03\/logo-grup-alimentari-disteco.png\",\"width\":600,\"height\":61,\"caption\":\"GRUP ALIMENTARI DISTECO\"},\"image\":{\"@id\":\"https:\/\/disteco.com\/ca\/#\/schema\/logo\/image\/\"},\"sameAs\":[\"https:\/\/www.facebook.com\/grupalimentaridisteco\/\",\"https:\/\/x.com\/DistecoGrup\",\"https:\/\/www.instagram.com\/gadisteco\/\",\"https:\/\/www.linkedin.com\/company\/grup-alimentari-disteco\/\",\"https:\/\/www.youtube.com\/@grupalimentaridisteco572\"]},{\"@type\":\"Person\",\"@id\":\"https:\/\/disteco.com\/ca\/#\/schema\/person\/4ea51f932b94228a72ce3c6332cfd3c0\",\"name\":\"GAD\",\"image\":{\"@type\":\"ImageObject\",\"inLanguage\":\"ca\",\"@id\":\"https:\/\/disteco.com\/ca\/#\/schema\/person\/image\/\",\"url\":\"https:\/\/secure.gravatar.com\/avatar\/c03aafdc2e714d25acb2f145eda11ecc45ef17c5219efd6cfba9f6a37f404cfe?s=96&d=mm&r=g\",\"contentUrl\":\"https:\/\/secure.gravatar.com\/avatar\/c03aafdc2e714d25acb2f145eda11ecc45ef17c5219efd6cfba9f6a37f404cfe?s=96&d=mm&r=g\",\"caption\":\"GAD\"},\"url\":\"https:\/\/disteco.com\/ca\/author\/baraka\/\"}]}<\/script>\n<!-- \/ Yoast SEO plugin. -->","yoast_head_json":{"title":"La carn de porc saludable - GRUP ALIMENTARI DISTECO","description":"Descobreix els beneficis de la carn de porc, les propietats nutricionals i els talls magres m\u00e9s saludables per a la teva dieta.","robots":{"index":"index","follow":"follow","max-snippet":"max-snippet:-1","max-image-preview":"max-image-preview:large","max-video-preview":"max-video-preview:-1"},"canonical":"https:\/\/disteco.com\/ca\/la-carn-de-porc-saludable\/","og_locale":"ca_ES","og_type":"article","og_title":"La carn de porc saludable - GRUP ALIMENTARI DISTECO","og_description":"Descobreix els beneficis de la carn de porc, les propietats nutricionals i els talls magres m\u00e9s saludables per a la teva dieta.","og_url":"https:\/\/disteco.com\/ca\/la-carn-de-porc-saludable\/","og_site_name":"GRUP ALIMENTARI DISTECO","article_publisher":"https:\/\/www.facebook.com\/grupalimentaridisteco\/","article_published_time":"2025-09-05T08:38:31+00:00","article_modified_time":"2025-09-08T08:44:34+00:00","og_image":[{"width":825,"height":582,"url":"https:\/\/disteco.com\/wp-content\/uploads\/2017\/04\/Imagen-noticia-17.10.2014.jpg","type":"image\/jpeg"}],"author":"GAD","twitter_card":"summary_large_image","twitter_creator":"@DistecoGrup","twitter_site":"@DistecoGrup","twitter_misc":{"Escrit per":"GAD","Temps estimat de lectura":"4 minut"},"schema":{"@context":"https:\/\/schema.org","@graph":[{"@type":"Article","@id":"https:\/\/disteco.com\/ca\/la-carn-de-porc-saludable\/#article","isPartOf":{"@id":"https:\/\/disteco.com\/ca\/la-carn-de-porc-saludable\/"},"author":{"name":"GAD","@id":"https:\/\/disteco.com\/ca\/#\/schema\/person\/4ea51f932b94228a72ce3c6332cfd3c0"},"headline":"La carn de porc saludable","datePublished":"2025-09-05T08:38:31+00:00","dateModified":"2025-09-08T08:44:34+00:00","mainEntityOfPage":{"@id":"https:\/\/disteco.com\/ca\/la-carn-de-porc-saludable\/"},"wordCount":762,"publisher":{"@id":"https:\/\/disteco.com\/ca\/#organization"},"image":{"@id":"https:\/\/disteco.com\/ca\/la-carn-de-porc-saludable\/#primaryimage"},"thumbnailUrl":"https:\/\/disteco.com\/wp-content\/uploads\/2017\/04\/Imagen-noticia-17.10.2014.jpg","keywords":["alimentaci\u00f3 saludable","aliments de qualitat","aliments rics en prote\u00efnes","Comprar porc ib\u00e8ric","Disteco","distribuci\u00f3 gourmet","grup alimentari disteco","Parts del porc ib\u00e8ric"],"articleSection":["\u00daltimes not\u00edcies"],"inLanguage":"ca"},{"@type":"WebPage","@id":"https:\/\/disteco.com\/ca\/la-carn-de-porc-saludable\/","url":"https:\/\/disteco.com\/ca\/la-carn-de-porc-saludable\/","name":"La carn de porc saludable - GRUP ALIMENTARI DISTECO","isPartOf":{"@id":"https:\/\/disteco.com\/ca\/#website"},"primaryImageOfPage":{"@id":"https:\/\/disteco.com\/ca\/la-carn-de-porc-saludable\/#primaryimage"},"image":{"@id":"https:\/\/disteco.com\/ca\/la-carn-de-porc-saludable\/#primaryimage"},"thumbnailUrl":"https:\/\/disteco.com\/wp-content\/uploads\/2017\/04\/Imagen-noticia-17.10.2014.jpg","datePublished":"2025-09-05T08:38:31+00:00","dateModified":"2025-09-08T08:44:34+00:00","description":"Descobreix els beneficis de la carn de porc, les propietats nutricionals i els talls magres m\u00e9s saludables per a la teva dieta.","breadcrumb":{"@id":"https:\/\/disteco.com\/ca\/la-carn-de-porc-saludable\/#breadcrumb"},"inLanguage":"ca","potentialAction":[{"@type":"ReadAction","target":["https:\/\/disteco.com\/ca\/la-carn-de-porc-saludable\/"]}]},{"@type":"ImageObject","inLanguage":"ca","@id":"https:\/\/disteco.com\/ca\/la-carn-de-porc-saludable\/#primaryimage","url":"https:\/\/disteco.com\/wp-content\/uploads\/2017\/04\/Imagen-noticia-17.10.2014.jpg","contentUrl":"https:\/\/disteco.com\/wp-content\/uploads\/2017\/04\/Imagen-noticia-17.10.2014.jpg","width":825,"height":582,"caption":"La carn de porc \u00e9s saludable amb alta concentraci\u00f3 de vitamines B1 i B6"},{"@type":"BreadcrumbList","@id":"https:\/\/disteco.com\/ca\/la-carn-de-porc-saludable\/#breadcrumb","itemListElement":[{"@type":"ListItem","position":1,"name":"Portada","item":"https:\/\/disteco.com\/ca\/"},{"@type":"ListItem","position":2,"name":"La carn de porc saludable"}]},{"@type":"WebSite","@id":"https:\/\/disteco.com\/ca\/#website","url":"https:\/\/disteco.com\/ca\/","name":"GRUP ALIMENTARI DISTECO","description":"Distribuci\u00f3 aliment\u00e0ria de productes d'alta qualitat","publisher":{"@id":"https:\/\/disteco.com\/ca\/#organization"},"potentialAction":[{"@type":"SearchAction","target":{"@type":"EntryPoint","urlTemplate":"https:\/\/disteco.com\/ca\/?s={search_term_string}"},"query-input":{"@type":"PropertyValueSpecification","valueRequired":true,"valueName":"search_term_string"}}],"inLanguage":"ca"},{"@type":"Organization","@id":"https:\/\/disteco.com\/ca\/#organization","name":"GRUP ALIMENTARI DISTECO","url":"https:\/\/disteco.com\/ca\/","logo":{"@type":"ImageObject","inLanguage":"ca","@id":"https:\/\/disteco.com\/ca\/#\/schema\/logo\/image\/","url":"https:\/\/disteco.com\/wp-content\/uploads\/2017\/03\/logo-grup-alimentari-disteco.png","contentUrl":"https:\/\/disteco.com\/wp-content\/uploads\/2017\/03\/logo-grup-alimentari-disteco.png","width":600,"height":61,"caption":"GRUP ALIMENTARI DISTECO"},"image":{"@id":"https:\/\/disteco.com\/ca\/#\/schema\/logo\/image\/"},"sameAs":["https:\/\/www.facebook.com\/grupalimentaridisteco\/","https:\/\/x.com\/DistecoGrup","https:\/\/www.instagram.com\/gadisteco\/","https:\/\/www.linkedin.com\/company\/grup-alimentari-disteco\/","https:\/\/www.youtube.com\/@grupalimentaridisteco572"]},{"@type":"Person","@id":"https:\/\/disteco.com\/ca\/#\/schema\/person\/4ea51f932b94228a72ce3c6332cfd3c0","name":"GAD","image":{"@type":"ImageObject","inLanguage":"ca","@id":"https:\/\/disteco.com\/ca\/#\/schema\/person\/image\/","url":"https:\/\/secure.gravatar.com\/avatar\/c03aafdc2e714d25acb2f145eda11ecc45ef17c5219efd6cfba9f6a37f404cfe?s=96&d=mm&r=g","contentUrl":"https:\/\/secure.gravatar.com\/avatar\/c03aafdc2e714d25acb2f145eda11ecc45ef17c5219efd6cfba9f6a37f404cfe?s=96&d=mm&r=g","caption":"GAD"},"url":"https:\/\/disteco.com\/ca\/author\/baraka\/"}]}},"_links":{"self":[{"href":"https:\/\/disteco.com\/ca\/wp-json\/wp\/v2\/posts\/258074","targetHints":{"allow":["GET"]}}],"collection":[{"href":"https:\/\/disteco.com\/ca\/wp-json\/wp\/v2\/posts"}],"about":[{"href":"https:\/\/disteco.com\/ca\/wp-json\/wp\/v2\/types\/post"}],"author":[{"embeddable":true,"href":"https:\/\/disteco.com\/ca\/wp-json\/wp\/v2\/users\/1"}],"replies":[{"embeddable":true,"href":"https:\/\/disteco.com\/ca\/wp-json\/wp\/v2\/comments?post=258074"}],"version-history":[{"count":4,"href":"https:\/\/disteco.com\/ca\/wp-json\/wp\/v2\/posts\/258074\/revisions"}],"predecessor-version":[{"id":258083,"href":"https:\/\/disteco.com\/ca\/wp-json\/wp\/v2\/posts\/258074\/revisions\/258083"}],"wp:featuredmedia":[{"embeddable":true,"href":"https:\/\/disteco.com\/ca\/wp-json\/wp\/v2\/media\/205105"}],"wp:attachment":[{"href":"https:\/\/disteco.com\/ca\/wp-json\/wp\/v2\/media?parent=258074"}],"wp:term":[{"taxonomy":"category","embeddable":true,"href":"https:\/\/disteco.com\/ca\/wp-json\/wp\/v2\/categories?post=258074"},{"taxonomy":"post_tag","embeddable":true,"href":"https:\/\/disteco.com\/ca\/wp-json\/wp\/v2\/tags?post=258074"}],"curies":[{"name":"wp","href":"https:\/\/api.w.org\/{rel}","templated":true}]}}