{"id":257084,"date":"2025-05-09T08:59:46","date_gmt":"2025-05-09T08:59:46","guid":{"rendered":"https:\/\/disteco.com\/el-color-del-vi-ens-indica-els-seus-sabors-i-qualitat\/"},"modified":"2025-06-09T11:04:51","modified_gmt":"2025-06-09T11:04:51","slug":"el-color-del-vi-ens-indica-els-seus-sabors-i-qualitat","status":"publish","type":"post","link":"https:\/\/disteco.com\/ca\/el-color-del-vi-ens-indica-els-seus-sabors-i-qualitat\/","title":{"rendered":"El color del vi ens indica els seus sabors i qualitat"},"content":{"rendered":"\n<figure class=\"wp-block-image size-large\"><img loading=\"lazy\" decoding=\"async\" width=\"1024\" height=\"630\" src=\"https:\/\/disteco.com\/wp-content\/uploads\/2025\/05\/El-color-del-vino-nos-indica-sus-sabores-y-calidad-1024x630.webp\" alt=\"\" class=\"wp-image-257078\" srcset=\"https:\/\/disteco.com\/wp-content\/uploads\/2025\/05\/El-color-del-vino-nos-indica-sus-sabores-y-calidad-980x603.webp 980w, https:\/\/disteco.com\/wp-content\/uploads\/2025\/05\/El-color-del-vino-nos-indica-sus-sabores-y-calidad-480x295.webp 480w\" sizes=\"(min-width: 0px) and (max-width: 480px) 480px, (min-width: 481px) and (max-width: 980px) 980px, (min-width: 981px) 1024px, 100vw\" \/><\/figure>\n\n\n<h6><span style=\"color: #cc0000;\"><em>El color del vi ens indica els seus sabors i qualitat<\/em><\/span><\/h6>\n<h2>\u00a0<\/h2>\n<h2><b>El color del vi com una finestra als seus sabors i qualitat<\/b><\/h2>\n<p><span style=\"font-weight: 400;\">El color del vi \u00e9s <\/span><b>molt m\u00e9s que una caracter\u00edstica visual<\/b><span style=\"font-weight: 400;\"> per recon\u00e8ixer de manera general el seu sabor i origen. <\/span><\/p>\n<p><span style=\"font-weight: 400;\">Es tracta d&#8217;una pista clau per identificar des del proc\u00e9s de vinificaci\u00f3 fins al perfil sensorial. <\/span><\/p>\n<p><span style=\"font-weight: 400;\">Cada to t\u00e9 una hist\u00f2ria per explicar i comprendre&#8217;l pot <\/span><b>millorar enormement la nostra experi\u00e8ncia en gaudir-ho<\/b><span style=\"font-weight: 400;\">.<\/span><\/p>\n<p><span style=\"font-weight: 400;\">Des d&#8217;un brillant vermell rob\u00ed fins a un daurat profund, el color del vi ens parla del que ha de venir al paladar. <\/span><\/p>\n<p><span style=\"font-weight: 400;\">El color revela informaci\u00f3 fonamental que, quan s&#8217;ent\u00e9n correctament, pot ajudar a <\/span><b>anticipar el que s&#8217;est\u00e0 per descobrir a cada copa<\/b><span style=\"font-weight: 400;\">.<\/span><\/p>\n<p><span style=\"font-weight: 400;\">Aqu\u00ed explorem com el color del vi, des dels vins blancs fins als negres i les seves variants, \u00e9s un reflex de la seva qualitat, la seva evoluci\u00f3 i el que en podem esperar. <\/span><\/p>\n<h2><strong>Factors que determinen el color del vi<\/strong><\/h2>\n<p><span style=\"font-weight: 400;\">El color d&#8217;un vi est\u00e0 determinat per diversos factors que van m\u00e9s enll\u00e0 del color del ra\u00efm que s&#8217;utilitza per elaborar-lo:<\/span><\/p>\n<ul>\n<li style=\"font-weight: 400;\" aria-level=\"1\"><b>Temps de maceraci\u00f3<\/b><span style=\"font-weight: 400;\">: Com m\u00e9s temps romanen les pellofes en contacte amb el most, m\u00e9s color extreu el vi.<\/span><\/li>\n<li style=\"font-weight: 400;\" aria-level=\"1\"><b>Edat del vi<\/b><span style=\"font-weight: 400;\">: Amb el temps, els vins vermells poden tornar-se m\u00e9s clars i adquirir tons teula, mentre que els blancs evolucionen cap al daurat o ambar\u00ed.<\/span><\/li>\n<li style=\"font-weight: 400;\" aria-level=\"1\"><b>Crian\u00e7a i conservaci\u00f3<\/b><span style=\"font-weight: 400;\">: La fermentaci\u00f3 i envelliment en b\u00f3tes de fusta afecten la intensitat i tonalitat del color.<\/span><\/li>\n<li style=\"font-weight: 400;\" aria-level=\"1\"><b>Varietat de ra\u00efm<\/b><span style=\"font-weight: 400;\">: Per descomptat, les diferents varietats de ra\u00efm contenen diferents nivells de pigments naturals anomenats antocians, que s\u00f3n els responsables dels tons vermellosos i violacis en els vins negres.<\/span><\/li>\n<\/ul>\n<h3><strong>Tipus de vins segons el color<\/strong><\/h3>\n<ul>\n<li style=\"font-weight: 400;\" aria-level=\"1\"><b>Vins blancs<\/b><span style=\"font-weight: 400;\">: Pot variar des de tons palla fins a daurats profunds. Mentre els vins joves solen presentar tonalitats m\u00e9s clares, els de guarda poden mostrar reflexos daurats o fins i tot ambarins. <\/span><\/li>\n<li style=\"font-weight: 400;\" aria-level=\"1\"><b>Vins rosats<\/b><span style=\"font-weight: 400;\">: S&#8217;ubiquen entre els blancs i els negres quant a intensitat de color i, depenent del temps de maceraci\u00f3 amb les pells, poden adquirir tons des d&#8217;un rosa p\u00e0l\u00b7lid fins a un gerd intens.<\/span><\/li>\n<li style=\"font-weight: 400;\" aria-level=\"1\"><b>Vins negres<\/b><span style=\"font-weight: 400;\">: Poden presentar una \u00e0mplia gamma de colors, des d&#8217;un vermell violaci als m\u00e9s joves fins a un vermell teula als m\u00e9s envellits. Els tanins i l&#8217;acidesa influeixen a l&#8217;evoluci\u00f3 del color amb el temps. <\/span><\/li>\n<\/ul>\n<h2><strong>La relaci\u00f3 entre el color i la qualitat del vi<\/strong><\/h2>\n<p><span style=\"font-weight: 400;\">Observar el color d&#8217;un vi pot donar algunes pistes sobre la seva estructura i, sobretot, sobre la qualitat:<\/span><\/p>\n<ul>\n<li style=\"font-weight: 400;\" aria-level=\"1\"><b>Brillantor i netedat<\/b><span style=\"font-weight: 400;\">: Indiquen frescor i correcta elaboraci\u00f3.<\/span><\/li>\n<li style=\"font-weight: 400;\" aria-level=\"1\"><b>Intensitat del color<\/b><span style=\"font-weight: 400;\">: Com m\u00e9s intensitat, hi sol haver m\u00e9s concentraci\u00f3 de sabor i cos.<\/span><\/li>\n<li style=\"font-weight: 400;\" aria-level=\"1\"><b>Evoluci\u00f3 crom\u00e0tica<\/b><span style=\"font-weight: 400;\">: Canvis cap a tons marrons poden ser senyal d&#8217;oxidaci\u00f3 o envelliment.<\/span><\/li>\n<\/ul>\n<p><span style=\"font-weight: 400;\">Per tant, el color del vi \u00e9s una eina clau per entendre, des del seu origen, edat i qualitat fins a la seva estructura i perfil sensorial. <\/span><\/p>\n<p><span style=\"font-weight: 400;\">Saber interpretar <\/span><b>els matisos del vi permet gaudir-lo<\/b><span style=\"font-weight: 400;\"> amb m\u00e9s estima, el color ens en pot dir molt i considerar la seva elecci\u00f3 a consci\u00e8ncia.<\/span><\/p>\n<p><span style=\"font-weight: 400;\">A <a href=\"https:\/\/disteco.com\/ca\/\" target=\"_blank\" rel=\"noopener\"><strong><span style=\"color: #cc0000;\">Grup Alimentari Disteco<\/span><\/strong><\/a> som prove\u00efdors especialistes a la <a href=\"\/?page_id=204878\" target=\"_blank\" rel=\"noopener\">distribuci\u00f3 i comercialitzaci\u00f3 de diferents refer\u00e8ncies de vins<\/a><\/span><span style=\"font-weight: 400;\">, assegurant als nostres clients productes seleccionats. <\/span><\/p>","protected":false},"excerpt":{"rendered":"<p>El color del vi \u00e9s molt m\u00e9s que una caracter\u00edstica visual per recon\u00e8ixer de manera general el seu sabor i origen. Es tracta d&#8217;una pista clau per identificar des del proc\u00e9s de vinificaci\u00f3 <\/p>\n","protected":false},"author":1,"featured_media":257079,"comment_status":"closed","ping_status":"open","sticky":false,"template":"","format":"image","meta":{"_et_pb_use_builder":"off","_et_pb_old_content":"","_et_gb_content_width":"","footnotes":""},"categories":[43],"tags":[481,482,243,115],"class_list":["post-257084","post","type-post","status-publish","format-image","has-post-thumbnail","hentry","category-ultimes-noticies","tag-comercialitzacio-de-vins","tag-distribucio-de-vins","tag-gad-alimentacio-saludable","tag-vins-do-catalunya-ca-2","post_format-post-format-image"],"yoast_head":"<!-- This site is optimized with the Yoast SEO plugin v26.9 - https:\/\/yoast.com\/product\/yoast-seo-wordpress\/ -->\n<title>El color del vi ens indica els seus sabors i qualitat - GRUP ALIMENTARI DISTECO<\/title>\n<meta name=\"description\" content=\"El color del vi \u00e9s molt m\u00e9s que una caracter\u00edstica visual per recon\u00e8ixer de manera general els sabors, la qualitat i l&#039;origen.\" \/>\n<meta name=\"robots\" content=\"index, follow, max-snippet:-1, max-image-preview:large, max-video-preview:-1\" \/>\n<link rel=\"canonical\" href=\"https:\/\/disteco.com\/ca\/el-color-del-vi-ens-indica-els-seus-sabors-i-qualitat\/\" \/>\n<meta property=\"og:locale\" content=\"ca_ES\" \/>\n<meta property=\"og:type\" content=\"article\" \/>\n<meta property=\"og:title\" content=\"El color del vi ens indica els seus sabors i qualitat - GRUP ALIMENTARI DISTECO\" \/>\n<meta property=\"og:description\" content=\"El color del vi \u00e9s molt m\u00e9s que una caracter\u00edstica visual per recon\u00e8ixer de manera general els sabors, la qualitat i l&#039;origen.\" \/>\n<meta property=\"og:url\" content=\"https:\/\/disteco.com\/ca\/el-color-del-vi-ens-indica-els-seus-sabors-i-qualitat\/\" \/>\n<meta property=\"og:site_name\" content=\"GRUP ALIMENTARI DISTECO\" \/>\n<meta property=\"article:publisher\" content=\"https:\/\/www.facebook.com\/grupalimentaridisteco\/\" \/>\n<meta property=\"article:published_time\" content=\"2025-05-09T08:59:46+00:00\" \/>\n<meta property=\"article:modified_time\" content=\"2025-06-09T11:04:51+00:00\" \/>\n<meta property=\"og:image\" content=\"https:\/\/disteco.com\/wp-content\/uploads\/2025\/05\/El-color-del-vino-nos-indica-sus-sabores-y-calidad.webp\" \/>\n\t<meta property=\"og:image:width\" content=\"1920\" \/>\n\t<meta property=\"og:image:height\" content=\"1181\" \/>\n\t<meta property=\"og:image:type\" content=\"image\/jpeg\" \/>\n<meta name=\"author\" content=\"GAD\" \/>\n<meta name=\"twitter:card\" content=\"summary_large_image\" \/>\n<meta name=\"twitter:creator\" content=\"@DistecoGrup\" \/>\n<meta name=\"twitter:site\" content=\"@DistecoGrup\" \/>\n<meta name=\"twitter:label1\" content=\"Escrit per\" \/>\n\t<meta name=\"twitter:data1\" content=\"GAD\" \/>\n\t<meta name=\"twitter:label2\" content=\"Temps estimat de lectura\" \/>\n\t<meta name=\"twitter:data2\" content=\"3 minut\" \/>\n<script type=\"application\/ld+json\" class=\"yoast-schema-graph\">{\"@context\":\"https:\/\/schema.org\",\"@graph\":[{\"@type\":\"Article\",\"@id\":\"https:\/\/disteco.com\/ca\/el-color-del-vi-ens-indica-els-seus-sabors-i-qualitat\/#article\",\"isPartOf\":{\"@id\":\"https:\/\/disteco.com\/ca\/el-color-del-vi-ens-indica-els-seus-sabors-i-qualitat\/\"},\"author\":{\"name\":\"GAD\",\"@id\":\"https:\/\/disteco.com\/ca\/#\/schema\/person\/4ea51f932b94228a72ce3c6332cfd3c0\"},\"headline\":\"El color del vi ens indica els seus sabors i qualitat\",\"datePublished\":\"2025-05-09T08:59:46+00:00\",\"dateModified\":\"2025-06-09T11:04:51+00:00\",\"mainEntityOfPage\":{\"@id\":\"https:\/\/disteco.com\/ca\/el-color-del-vi-ens-indica-els-seus-sabors-i-qualitat\/\"},\"wordCount\":581,\"publisher\":{\"@id\":\"https:\/\/disteco.com\/ca\/#organization\"},\"image\":{\"@id\":\"https:\/\/disteco.com\/ca\/el-color-del-vi-ens-indica-els-seus-sabors-i-qualitat\/#primaryimage\"},\"thumbnailUrl\":\"https:\/\/disteco.com\/wp-content\/uploads\/2025\/05\/El-color-del-vino-nos-indica-sus-sabores-y-calidad.webp\",\"keywords\":[\"comercialitzaci\u00f3 de vins\",\"distribuci\u00f3 de vins\",\"GAD alimentaci\u00f3 saludable\",\"Vins DO Catalunya\"],\"articleSection\":[\"\u00daltimes not\u00edcies\"],\"inLanguage\":\"ca\"},{\"@type\":\"WebPage\",\"@id\":\"https:\/\/disteco.com\/ca\/el-color-del-vi-ens-indica-els-seus-sabors-i-qualitat\/\",\"url\":\"https:\/\/disteco.com\/ca\/el-color-del-vi-ens-indica-els-seus-sabors-i-qualitat\/\",\"name\":\"El color del vi ens indica els seus sabors i qualitat - GRUP ALIMENTARI DISTECO\",\"isPartOf\":{\"@id\":\"https:\/\/disteco.com\/ca\/#website\"},\"primaryImageOfPage\":{\"@id\":\"https:\/\/disteco.com\/ca\/el-color-del-vi-ens-indica-els-seus-sabors-i-qualitat\/#primaryimage\"},\"image\":{\"@id\":\"https:\/\/disteco.com\/ca\/el-color-del-vi-ens-indica-els-seus-sabors-i-qualitat\/#primaryimage\"},\"thumbnailUrl\":\"https:\/\/disteco.com\/wp-content\/uploads\/2025\/05\/El-color-del-vino-nos-indica-sus-sabores-y-calidad.webp\",\"datePublished\":\"2025-05-09T08:59:46+00:00\",\"dateModified\":\"2025-06-09T11:04:51+00:00\",\"description\":\"El color del vi \u00e9s molt m\u00e9s que una caracter\u00edstica visual per recon\u00e8ixer de manera general els sabors, la qualitat i l'origen.\",\"breadcrumb\":{\"@id\":\"https:\/\/disteco.com\/ca\/el-color-del-vi-ens-indica-els-seus-sabors-i-qualitat\/#breadcrumb\"},\"inLanguage\":\"ca\",\"potentialAction\":[{\"@type\":\"ReadAction\",\"target\":[\"https:\/\/disteco.com\/ca\/el-color-del-vi-ens-indica-els-seus-sabors-i-qualitat\/\"]}]},{\"@type\":\"ImageObject\",\"inLanguage\":\"ca\",\"@id\":\"https:\/\/disteco.com\/ca\/el-color-del-vi-ens-indica-els-seus-sabors-i-qualitat\/#primaryimage\",\"url\":\"https:\/\/disteco.com\/wp-content\/uploads\/2025\/05\/El-color-del-vino-nos-indica-sus-sabores-y-calidad.webp\",\"contentUrl\":\"https:\/\/disteco.com\/wp-content\/uploads\/2025\/05\/El-color-del-vino-nos-indica-sus-sabores-y-calidad.webp\",\"width\":1920,\"height\":1181},{\"@type\":\"BreadcrumbList\",\"@id\":\"https:\/\/disteco.com\/ca\/el-color-del-vi-ens-indica-els-seus-sabors-i-qualitat\/#breadcrumb\",\"itemListElement\":[{\"@type\":\"ListItem\",\"position\":1,\"name\":\"Portada\",\"item\":\"https:\/\/disteco.com\/ca\/\"},{\"@type\":\"ListItem\",\"position\":2,\"name\":\"El color del vi ens indica els seus sabors i qualitat\"}]},{\"@type\":\"WebSite\",\"@id\":\"https:\/\/disteco.com\/ca\/#website\",\"url\":\"https:\/\/disteco.com\/ca\/\",\"name\":\"GRUP ALIMENTARI DISTECO\",\"description\":\"Distribuci\u00f3 aliment\u00e0ria de productes d'alta qualitat\",\"publisher\":{\"@id\":\"https:\/\/disteco.com\/ca\/#organization\"},\"potentialAction\":[{\"@type\":\"SearchAction\",\"target\":{\"@type\":\"EntryPoint\",\"urlTemplate\":\"https:\/\/disteco.com\/ca\/?s={search_term_string}\"},\"query-input\":{\"@type\":\"PropertyValueSpecification\",\"valueRequired\":true,\"valueName\":\"search_term_string\"}}],\"inLanguage\":\"ca\"},{\"@type\":\"Organization\",\"@id\":\"https:\/\/disteco.com\/ca\/#organization\",\"name\":\"GRUP ALIMENTARI DISTECO\",\"url\":\"https:\/\/disteco.com\/ca\/\",\"logo\":{\"@type\":\"ImageObject\",\"inLanguage\":\"ca\",\"@id\":\"https:\/\/disteco.com\/ca\/#\/schema\/logo\/image\/\",\"url\":\"https:\/\/disteco.com\/wp-content\/uploads\/2017\/03\/logo-grup-alimentari-disteco.png\",\"contentUrl\":\"https:\/\/disteco.com\/wp-content\/uploads\/2017\/03\/logo-grup-alimentari-disteco.png\",\"width\":600,\"height\":61,\"caption\":\"GRUP ALIMENTARI DISTECO\"},\"image\":{\"@id\":\"https:\/\/disteco.com\/ca\/#\/schema\/logo\/image\/\"},\"sameAs\":[\"https:\/\/www.facebook.com\/grupalimentaridisteco\/\",\"https:\/\/x.com\/DistecoGrup\",\"https:\/\/www.instagram.com\/gadisteco\/\",\"https:\/\/www.linkedin.com\/company\/grup-alimentari-disteco\/\",\"https:\/\/www.youtube.com\/@grupalimentaridisteco572\"]},{\"@type\":\"Person\",\"@id\":\"https:\/\/disteco.com\/ca\/#\/schema\/person\/4ea51f932b94228a72ce3c6332cfd3c0\",\"name\":\"GAD\",\"image\":{\"@type\":\"ImageObject\",\"inLanguage\":\"ca\",\"@id\":\"https:\/\/disteco.com\/ca\/#\/schema\/person\/image\/\",\"url\":\"https:\/\/secure.gravatar.com\/avatar\/c03aafdc2e714d25acb2f145eda11ecc45ef17c5219efd6cfba9f6a37f404cfe?s=96&d=mm&r=g\",\"contentUrl\":\"https:\/\/secure.gravatar.com\/avatar\/c03aafdc2e714d25acb2f145eda11ecc45ef17c5219efd6cfba9f6a37f404cfe?s=96&d=mm&r=g\",\"caption\":\"GAD\"},\"url\":\"https:\/\/disteco.com\/ca\/author\/baraka\/\"}]}<\/script>\n<!-- \/ Yoast SEO plugin. -->","yoast_head_json":{"title":"El color del vi ens indica els seus sabors i qualitat - GRUP ALIMENTARI DISTECO","description":"El color del vi \u00e9s molt m\u00e9s que una caracter\u00edstica visual per recon\u00e8ixer de manera general els sabors, la qualitat i l'origen.","robots":{"index":"index","follow":"follow","max-snippet":"max-snippet:-1","max-image-preview":"max-image-preview:large","max-video-preview":"max-video-preview:-1"},"canonical":"https:\/\/disteco.com\/ca\/el-color-del-vi-ens-indica-els-seus-sabors-i-qualitat\/","og_locale":"ca_ES","og_type":"article","og_title":"El color del vi ens indica els seus sabors i qualitat - GRUP ALIMENTARI DISTECO","og_description":"El color del vi \u00e9s molt m\u00e9s que una caracter\u00edstica visual per recon\u00e8ixer de manera general els sabors, la qualitat i l'origen.","og_url":"https:\/\/disteco.com\/ca\/el-color-del-vi-ens-indica-els-seus-sabors-i-qualitat\/","og_site_name":"GRUP ALIMENTARI DISTECO","article_publisher":"https:\/\/www.facebook.com\/grupalimentaridisteco\/","article_published_time":"2025-05-09T08:59:46+00:00","article_modified_time":"2025-06-09T11:04:51+00:00","og_image":[{"width":1920,"height":1181,"url":"https:\/\/disteco.com\/wp-content\/uploads\/2025\/05\/El-color-del-vino-nos-indica-sus-sabores-y-calidad.webp","type":"image\/jpeg"}],"author":"GAD","twitter_card":"summary_large_image","twitter_creator":"@DistecoGrup","twitter_site":"@DistecoGrup","twitter_misc":{"Escrit per":"GAD","Temps estimat de lectura":"3 minut"},"schema":{"@context":"https:\/\/schema.org","@graph":[{"@type":"Article","@id":"https:\/\/disteco.com\/ca\/el-color-del-vi-ens-indica-els-seus-sabors-i-qualitat\/#article","isPartOf":{"@id":"https:\/\/disteco.com\/ca\/el-color-del-vi-ens-indica-els-seus-sabors-i-qualitat\/"},"author":{"name":"GAD","@id":"https:\/\/disteco.com\/ca\/#\/schema\/person\/4ea51f932b94228a72ce3c6332cfd3c0"},"headline":"El color del vi ens indica els seus sabors i qualitat","datePublished":"2025-05-09T08:59:46+00:00","dateModified":"2025-06-09T11:04:51+00:00","mainEntityOfPage":{"@id":"https:\/\/disteco.com\/ca\/el-color-del-vi-ens-indica-els-seus-sabors-i-qualitat\/"},"wordCount":581,"publisher":{"@id":"https:\/\/disteco.com\/ca\/#organization"},"image":{"@id":"https:\/\/disteco.com\/ca\/el-color-del-vi-ens-indica-els-seus-sabors-i-qualitat\/#primaryimage"},"thumbnailUrl":"https:\/\/disteco.com\/wp-content\/uploads\/2025\/05\/El-color-del-vino-nos-indica-sus-sabores-y-calidad.webp","keywords":["comercialitzaci\u00f3 de vins","distribuci\u00f3 de vins","GAD alimentaci\u00f3 saludable","Vins DO Catalunya"],"articleSection":["\u00daltimes not\u00edcies"],"inLanguage":"ca"},{"@type":"WebPage","@id":"https:\/\/disteco.com\/ca\/el-color-del-vi-ens-indica-els-seus-sabors-i-qualitat\/","url":"https:\/\/disteco.com\/ca\/el-color-del-vi-ens-indica-els-seus-sabors-i-qualitat\/","name":"El color del vi ens indica els seus sabors i qualitat - GRUP ALIMENTARI DISTECO","isPartOf":{"@id":"https:\/\/disteco.com\/ca\/#website"},"primaryImageOfPage":{"@id":"https:\/\/disteco.com\/ca\/el-color-del-vi-ens-indica-els-seus-sabors-i-qualitat\/#primaryimage"},"image":{"@id":"https:\/\/disteco.com\/ca\/el-color-del-vi-ens-indica-els-seus-sabors-i-qualitat\/#primaryimage"},"thumbnailUrl":"https:\/\/disteco.com\/wp-content\/uploads\/2025\/05\/El-color-del-vino-nos-indica-sus-sabores-y-calidad.webp","datePublished":"2025-05-09T08:59:46+00:00","dateModified":"2025-06-09T11:04:51+00:00","description":"El color del vi \u00e9s molt m\u00e9s que una caracter\u00edstica visual per recon\u00e8ixer de manera general els sabors, la qualitat i l'origen.","breadcrumb":{"@id":"https:\/\/disteco.com\/ca\/el-color-del-vi-ens-indica-els-seus-sabors-i-qualitat\/#breadcrumb"},"inLanguage":"ca","potentialAction":[{"@type":"ReadAction","target":["https:\/\/disteco.com\/ca\/el-color-del-vi-ens-indica-els-seus-sabors-i-qualitat\/"]}]},{"@type":"ImageObject","inLanguage":"ca","@id":"https:\/\/disteco.com\/ca\/el-color-del-vi-ens-indica-els-seus-sabors-i-qualitat\/#primaryimage","url":"https:\/\/disteco.com\/wp-content\/uploads\/2025\/05\/El-color-del-vino-nos-indica-sus-sabores-y-calidad.webp","contentUrl":"https:\/\/disteco.com\/wp-content\/uploads\/2025\/05\/El-color-del-vino-nos-indica-sus-sabores-y-calidad.webp","width":1920,"height":1181},{"@type":"BreadcrumbList","@id":"https:\/\/disteco.com\/ca\/el-color-del-vi-ens-indica-els-seus-sabors-i-qualitat\/#breadcrumb","itemListElement":[{"@type":"ListItem","position":1,"name":"Portada","item":"https:\/\/disteco.com\/ca\/"},{"@type":"ListItem","position":2,"name":"El color del vi ens indica els seus sabors i qualitat"}]},{"@type":"WebSite","@id":"https:\/\/disteco.com\/ca\/#website","url":"https:\/\/disteco.com\/ca\/","name":"GRUP ALIMENTARI DISTECO","description":"Distribuci\u00f3 aliment\u00e0ria de productes d'alta qualitat","publisher":{"@id":"https:\/\/disteco.com\/ca\/#organization"},"potentialAction":[{"@type":"SearchAction","target":{"@type":"EntryPoint","urlTemplate":"https:\/\/disteco.com\/ca\/?s={search_term_string}"},"query-input":{"@type":"PropertyValueSpecification","valueRequired":true,"valueName":"search_term_string"}}],"inLanguage":"ca"},{"@type":"Organization","@id":"https:\/\/disteco.com\/ca\/#organization","name":"GRUP ALIMENTARI DISTECO","url":"https:\/\/disteco.com\/ca\/","logo":{"@type":"ImageObject","inLanguage":"ca","@id":"https:\/\/disteco.com\/ca\/#\/schema\/logo\/image\/","url":"https:\/\/disteco.com\/wp-content\/uploads\/2017\/03\/logo-grup-alimentari-disteco.png","contentUrl":"https:\/\/disteco.com\/wp-content\/uploads\/2017\/03\/logo-grup-alimentari-disteco.png","width":600,"height":61,"caption":"GRUP ALIMENTARI DISTECO"},"image":{"@id":"https:\/\/disteco.com\/ca\/#\/schema\/logo\/image\/"},"sameAs":["https:\/\/www.facebook.com\/grupalimentaridisteco\/","https:\/\/x.com\/DistecoGrup","https:\/\/www.instagram.com\/gadisteco\/","https:\/\/www.linkedin.com\/company\/grup-alimentari-disteco\/","https:\/\/www.youtube.com\/@grupalimentaridisteco572"]},{"@type":"Person","@id":"https:\/\/disteco.com\/ca\/#\/schema\/person\/4ea51f932b94228a72ce3c6332cfd3c0","name":"GAD","image":{"@type":"ImageObject","inLanguage":"ca","@id":"https:\/\/disteco.com\/ca\/#\/schema\/person\/image\/","url":"https:\/\/secure.gravatar.com\/avatar\/c03aafdc2e714d25acb2f145eda11ecc45ef17c5219efd6cfba9f6a37f404cfe?s=96&d=mm&r=g","contentUrl":"https:\/\/secure.gravatar.com\/avatar\/c03aafdc2e714d25acb2f145eda11ecc45ef17c5219efd6cfba9f6a37f404cfe?s=96&d=mm&r=g","caption":"GAD"},"url":"https:\/\/disteco.com\/ca\/author\/baraka\/"}]}},"_links":{"self":[{"href":"https:\/\/disteco.com\/ca\/wp-json\/wp\/v2\/posts\/257084","targetHints":{"allow":["GET"]}}],"collection":[{"href":"https:\/\/disteco.com\/ca\/wp-json\/wp\/v2\/posts"}],"about":[{"href":"https:\/\/disteco.com\/ca\/wp-json\/wp\/v2\/types\/post"}],"author":[{"embeddable":true,"href":"https:\/\/disteco.com\/ca\/wp-json\/wp\/v2\/users\/1"}],"replies":[{"embeddable":true,"href":"https:\/\/disteco.com\/ca\/wp-json\/wp\/v2\/comments?post=257084"}],"version-history":[{"count":5,"href":"https:\/\/disteco.com\/ca\/wp-json\/wp\/v2\/posts\/257084\/revisions"}],"predecessor-version":[{"id":257091,"href":"https:\/\/disteco.com\/ca\/wp-json\/wp\/v2\/posts\/257084\/revisions\/257091"}],"wp:featuredmedia":[{"embeddable":true,"href":"https:\/\/disteco.com\/ca\/wp-json\/wp\/v2\/media\/257079"}],"wp:attachment":[{"href":"https:\/\/disteco.com\/ca\/wp-json\/wp\/v2\/media?parent=257084"}],"wp:term":[{"taxonomy":"category","embeddable":true,"href":"https:\/\/disteco.com\/ca\/wp-json\/wp\/v2\/categories?post=257084"},{"taxonomy":"post_tag","embeddable":true,"href":"https:\/\/disteco.com\/ca\/wp-json\/wp\/v2\/tags?post=257084"}],"curies":[{"name":"wp","href":"https:\/\/api.w.org\/{rel}","templated":true}]}}