{"id":255961,"date":"2024-10-14T07:47:53","date_gmt":"2024-10-14T07:47:53","guid":{"rendered":"https:\/\/disteco.com\/els-millors-talls-de-carn-de-vedella-dangus\/"},"modified":"2025-06-09T10:44:14","modified_gmt":"2025-06-09T10:44:14","slug":"els-millors-talls-de-carn-de-vedella-dangus","status":"publish","type":"post","link":"https:\/\/disteco.com\/ca\/els-millors-talls-de-carn-de-vedella-dangus\/","title":{"rendered":"Els millors talls de carn de vedella d&#8217;Angus"},"content":{"rendered":"\n<figure class=\"wp-block-image size-large\"><img loading=\"lazy\" decoding=\"async\" width=\"1024\" height=\"683\" src=\"https:\/\/disteco.com\/wp-content\/uploads\/2025\/10\/Los-mejores-cortes-de-carne-de-ternera-de-Angus-1024x683.webp\" alt=\"\" class=\"wp-image-255953\" srcset=\"https:\/\/disteco.com\/wp-content\/uploads\/2025\/10\/Los-mejores-cortes-de-carne-de-ternera-de-Angus-1024x683.webp 1024w, https:\/\/disteco.com\/wp-content\/uploads\/2025\/10\/Los-mejores-cortes-de-carne-de-ternera-de-Angus-300x200.webp 300w, https:\/\/disteco.com\/wp-content\/uploads\/2025\/10\/Los-mejores-cortes-de-carne-de-ternera-de-Angus-768x512.webp 768w, https:\/\/disteco.com\/wp-content\/uploads\/2025\/10\/Los-mejores-cortes-de-carne-de-ternera-de-Angus-1536x1024.webp 1536w, https:\/\/disteco.com\/wp-content\/uploads\/2025\/10\/Los-mejores-cortes-de-carne-de-ternera-de-Angus-1080x720.webp 1080w, https:\/\/disteco.com\/wp-content\/uploads\/2025\/10\/Los-mejores-cortes-de-carne-de-ternera-de-Angus-1280x853.webp 1280w, https:\/\/disteco.com\/wp-content\/uploads\/2025\/10\/Los-mejores-cortes-de-carne-de-ternera-de-Angus-980x653.webp 980w, https:\/\/disteco.com\/wp-content\/uploads\/2025\/10\/Los-mejores-cortes-de-carne-de-ternera-de-Angus-480x320.webp 480w, https:\/\/disteco.com\/wp-content\/uploads\/2025\/10\/Los-mejores-cortes-de-carne-de-ternera-de-Angus.jpg 1920w\" sizes=\"(max-width: 1024px) 100vw, 1024px\" \/><\/figure>\n<h6><em><strong><span style=\"color: #cc0000;\">Els millors talls de carn de vedella d&#8217;Angus<\/span><\/strong><\/em><\/h6>\n<h1> <\/h1>\n<h1><strong>Els millors talls de carn de vedella d&#8217;Angus per assaborir-ne l&#8217;exquisidesa<\/strong><\/h1>\n<p><span style=\"font-weight: 400;\">Una de les carns m\u00e9s ben valorades a nivell mundial,<strong> la carn de vedella d&#8217;Angus<\/strong>, t\u00e9 igualment una quantitat de talls en qu\u00e8 millor assaborir la seva qualitat i excel\u00b7l\u00e8ncia. <\/span><\/p>\n<p><span style=\"font-weight: 400;\">Cada vegada s\u00f3n m\u00e9s els consumidors que busquen talls espec\u00edfics per gaudir millor del sabor i la textura d&#8217;aquesta carn tan reconeguda a nivell mundial. <\/span><\/p>\n<blockquote>\n<h4><span style=\"font-weight: 400;\"><strong>La vedella Angus \u00e9s sin\u00f2nim de qualitat<\/strong><span style=\"font-weight: 400;\"><strong>.<\/strong> Prov\u00e9 de la ra\u00e7a origin\u00e0ria d&#8217;Esc\u00f2cia, i es caracteritza pel seu alt contingut de greix infiltrat.<\/span> <\/span><\/h4>\n<\/blockquote>\n<p><span style=\"font-weight: 400;\">Aquesta caracter\u00edstica natural i pr\u00f2pia de la ra\u00e7a fa que la textura d&#8217;aquesta carn resulti extraordin\u00e0riament tendra i amb un sabor \u00fanic que sembla fondre&#8217;s a la boca.<\/span><\/p>\n<p><span style=\"font-weight: 400;\">A m\u00e9s, el greix infiltrat resulta m\u00e9s saludable que el greix extern, ja que cont\u00e9 omega-3 i omega-6, nutrients beneficiosos per a l&#8217;organisme. <\/span><\/p>\n<h2> <\/h2>\n<h2><strong>Els millors talls de carn de vedella d&#8217;Angus<\/strong><\/h2>\n<p><span style=\"font-weight: 400;\">Tot i aix\u00ed, els m\u00e9s coneixedors d&#8217;aquesta extraordin\u00e0ria carn, saben molt b\u00e9 que hi ha un tall prec\u00eds per a cada tipus de preparaci\u00f3, permetent gaudir al m\u00e0xim d&#8217;aquesta exquisidesa. <\/span><\/p>\n<h3><strong>Bistec de vedella Angus<\/strong><\/h3>\n<p><span style=\"font-weight: 400;\">Es tracta d&#8217;un dels talls de carn de vedella d&#8217;Angus m\u00e9s tradicionals i accessibles que, per la sucositat i la textura, es converteix en l&#8217;elecci\u00f3 perfecta per cuinar a la planxa o en una paella. <\/span><\/p>\n<p><span style=\"font-weight: 400;\">Per aprofitar al m\u00e0xim un bistec de vedella Angus, la clau \u00e9s no sobrecoure&#8217;l. Amb nom\u00e9s cuinar-lo a punt mig i afegir-hi una mica de sal, aquest tall es converteix en un sabor\u00f3s plat r\u00e0pid per acompanyar amb qualsevol amanida.  <\/span><\/p>\n<h3><strong>Entrecot de vedella Angus<\/strong><\/h3>\n<p><span style=\"font-weight: 400;\">L&#8217;entrecot \u00e9s un dels talls m\u00e9s coneguts pels amants de la bona carn. Es tracta d\u00b4un tall amb una textura molt tendra i sabor intens, ideal per a la graella o la planxa. <\/span><\/p>\n<p><span style=\"font-weight: 400;\">Aquest tall de vedella d&#8217;Angus t\u00e9 la quantitat perfecta de greix infiltrat, cosa que el converteix en una opci\u00f3 suculenta, f\u00e0cil de cuinar i molt saborosa.<\/span><\/p>\n<h3><strong>Chulet\u00f3 de vedella Angus<\/strong><\/h3>\n<p><span style=\"font-weight: 400;\">El rei indiscutible dels talls per a les brases. La guixada de vedella Angus t\u00e9 una mida considerable i es caracteritza per la seva sucositat, amb un sabor ple de matisos, gr\u00e0cies al greix que el recorre.  <\/span><\/p>\n<p><span style=\"font-weight: 400;\">Si b\u00e9 \u00e9s un tall tendre, \u00e9s important cuinar-lo sense pressa, segellant l&#8217;exterior i mantenint una temperatura baixa despr\u00e9s per aconseguir una cocci\u00f3 uniforme a l&#8217;interior.<\/span><\/p>\n<h3><strong>Filet de vedella Angus<\/strong><\/h3>\n<p><span style=\"font-weight: 400;\">Un altre tall emblem\u00e0tic de la carn de vedella d&#8217;Angus, per la textura suau i delicada. Es pot preparar a la graella, per\u00f2 \u00e9s un dels m\u00e9s aprofitats per a forn o fins i tot en una paella amb una mica de mantega i herbes arom\u00e0tiques. <\/span><\/p>\n<p><span style=\"font-weight: 400;\">Si busques un tall que sigui sin\u00f2nim d&#8217;eleg\u00e0ncia i qualitat, el filet de vedella Angus \u00e9s l&#8217;elecci\u00f3 perfecta.<\/span><\/p>\n<h3><strong>Estofat de vedella Angus<\/strong><\/h3>\n<p><span style=\"font-weight: 400;\">Per als plats de cullera que ja comencen a presentar-se des de la tardor, l&#8217;estofat de vedella d&#8217;Angus \u00e9s una opci\u00f3 saborosa i tendra amb qu\u00e8 no pots fallar. <\/span><\/p>\n<p><span style=\"font-weight: 400;\">Per preparar un bon estofat, \u00e9s important segellar els trossos de carn d&#8217;Angus abans de la cocci\u00f3, perqu\u00e8 conservin els sucs i, cuinats a foc lent, resultin en una carn que es desf\u00e0 a la boca sense perdre els matisos.<\/span><\/p>\n<p><span style=\"font-weight: 400;\">Sens dubte, encara que cada tall t\u00e9 les seves particularitats, la carn de vedella d&#8217;Angus \u00e9s reconeguda mundialment per la qualitat, el sabor i la sucositat. <\/span><\/p>\n<p><span style=\"font-weight: 400;\">Per aix\u00f2, \u00e9s important comprar carn d&#8217;Angus certificada, cosa que garanteix la qualitat inigualable d&#8217;aquesta carn saborosa. <\/span><\/p>\n<blockquote>\n<h4><span style=\"font-weight: 400;\">A <a href=\"https:\/\/disteco.com\/ca\/\" target=\"_blank\" rel=\"noopener\"><span style=\"color: #cc0000;\"><strong>Grup Alimentari Disteco<\/strong><\/span><\/a> treballem amb els millors productors de <a href=\"\/?page_id=206036\" target=\"_blank\" rel=\"noopener\"><strong><span style=\"color: #cc0000;\">carn d&#8217;Angus<\/span><\/strong><\/a>, prenent part de la seva tra\u00e7abilitat a la distribuci\u00f3, perqu\u00e8 sempre sigui possible portar a taula un tall de carn amb gran qualitat.<\/span><\/h4>\n<\/blockquote>\n","protected":false},"excerpt":{"rendered":"<p>Una de les carns m\u00e9s ben valorades a nivell mundial, la carn de vedella d&#8217;Angus, t\u00e9 igualment una quantitat de talls en qu\u00e8 millor assaborir-ne la qualitat i l&#8217;excel\u00b7l\u00e8ncia. <\/p>\n","protected":false},"author":1,"featured_media":255954,"comment_status":"closed","ping_status":"open","sticky":false,"template":"","format":"image","meta":{"_et_pb_use_builder":"off","_et_pb_old_content":"","_et_gb_content_width":"","footnotes":""},"categories":[43],"tags":[552,724,865,160,243],"class_list":["post-255961","post","type-post","status-publish","format-image","has-post-thumbnail","hentry","category-ultimes-noticies","tag-anguscat","tag-carn-fresca-dangus","tag-distribucio-carn-dangus","tag-distribuidors-dalimentacio-a-espanya","tag-gad-alimentacio-saludable","post_format-post-format-image"],"yoast_head":"<!-- This site is optimized with the Yoast SEO plugin v26.9 - https:\/\/yoast.com\/product\/yoast-seo-wordpress\/ -->\n<title>Els millors talls de carn de vedella d&#039;Angus - GRUP ALIMENTARI DISTECO<\/title>\n<meta name=\"description\" content=\"Cada vegada s\u00f3n m\u00e9s els consumidors que busquen els millors talls d&#039;Angus per gaudir del sabor i la textura d&#039;aquesta carn de vedella.\" \/>\n<meta name=\"robots\" content=\"index, follow, max-snippet:-1, max-image-preview:large, max-video-preview:-1\" \/>\n<link rel=\"canonical\" href=\"https:\/\/disteco.com\/ca\/els-millors-talls-de-carn-de-vedella-dangus\/\" \/>\n<meta property=\"og:locale\" content=\"ca_ES\" \/>\n<meta property=\"og:type\" content=\"article\" \/>\n<meta property=\"og:title\" content=\"Els millors talls de carn de vedella d&#039;Angus - GRUP ALIMENTARI DISTECO\" \/>\n<meta property=\"og:description\" content=\"Cada vegada s\u00f3n m\u00e9s els consumidors que busquen els millors talls d&#039;Angus per gaudir del sabor i la textura d&#039;aquesta carn de vedella.\" \/>\n<meta property=\"og:url\" content=\"https:\/\/disteco.com\/ca\/els-millors-talls-de-carn-de-vedella-dangus\/\" \/>\n<meta property=\"og:site_name\" content=\"GRUP ALIMENTARI DISTECO\" \/>\n<meta property=\"article:publisher\" content=\"https:\/\/www.facebook.com\/grupalimentaridisteco\/\" \/>\n<meta property=\"article:published_time\" content=\"2024-10-14T07:47:53+00:00\" \/>\n<meta property=\"article:modified_time\" content=\"2025-06-09T10:44:14+00:00\" \/>\n<meta property=\"og:image\" content=\"https:\/\/disteco.com\/wp-content\/uploads\/2025\/10\/Los-mejores-cortes-de-carne-de-ternera-de-Angus.jpg\" \/>\n\t<meta property=\"og:image:width\" content=\"1920\" \/>\n\t<meta property=\"og:image:height\" content=\"1280\" \/>\n\t<meta property=\"og:image:type\" content=\"image\/jpeg\" \/>\n<meta name=\"author\" content=\"GAD\" \/>\n<meta name=\"twitter:card\" content=\"summary_large_image\" \/>\n<meta name=\"twitter:creator\" content=\"@DistecoGrup\" \/>\n<meta name=\"twitter:site\" content=\"@DistecoGrup\" \/>\n<meta name=\"twitter:label1\" content=\"Escrit per\" \/>\n\t<meta name=\"twitter:data1\" content=\"GAD\" \/>\n\t<meta name=\"twitter:label2\" content=\"Temps estimat de lectura\" \/>\n\t<meta name=\"twitter:data2\" content=\"3 minut\" \/>\n<script type=\"application\/ld+json\" class=\"yoast-schema-graph\">{\"@context\":\"https:\/\/schema.org\",\"@graph\":[{\"@type\":\"Article\",\"@id\":\"https:\/\/disteco.com\/ca\/els-millors-talls-de-carn-de-vedella-dangus\/#article\",\"isPartOf\":{\"@id\":\"https:\/\/disteco.com\/ca\/els-millors-talls-de-carn-de-vedella-dangus\/\"},\"author\":{\"name\":\"GAD\",\"@id\":\"https:\/\/disteco.com\/ca\/#\/schema\/person\/4ea51f932b94228a72ce3c6332cfd3c0\"},\"headline\":\"Els millors talls de carn de vedella d&#8217;Angus\",\"datePublished\":\"2024-10-14T07:47:53+00:00\",\"dateModified\":\"2025-06-09T10:44:14+00:00\",\"mainEntityOfPage\":{\"@id\":\"https:\/\/disteco.com\/ca\/els-millors-talls-de-carn-de-vedella-dangus\/\"},\"wordCount\":689,\"publisher\":{\"@id\":\"https:\/\/disteco.com\/ca\/#organization\"},\"image\":{\"@id\":\"https:\/\/disteco.com\/ca\/els-millors-talls-de-carn-de-vedella-dangus\/#primaryimage\"},\"thumbnailUrl\":\"https:\/\/disteco.com\/wp-content\/uploads\/2025\/10\/Los-mejores-cortes-de-carne-de-ternera-de-Angus.jpg\",\"keywords\":[\"Anguscat\",\"carn fresca d&#039;Angus\",\"Distribuci\u00f3 carn d&#039;angus\",\"Distribu\u00efdors d'alimentaci\u00f3 a Espanya\",\"GAD alimentaci\u00f3 saludable\"],\"articleSection\":[\"\u00daltimes not\u00edcies\"],\"inLanguage\":\"ca\"},{\"@type\":\"WebPage\",\"@id\":\"https:\/\/disteco.com\/ca\/els-millors-talls-de-carn-de-vedella-dangus\/\",\"url\":\"https:\/\/disteco.com\/ca\/els-millors-talls-de-carn-de-vedella-dangus\/\",\"name\":\"Els millors talls de carn de vedella d'Angus - GRUP ALIMENTARI DISTECO\",\"isPartOf\":{\"@id\":\"https:\/\/disteco.com\/ca\/#website\"},\"primaryImageOfPage\":{\"@id\":\"https:\/\/disteco.com\/ca\/els-millors-talls-de-carn-de-vedella-dangus\/#primaryimage\"},\"image\":{\"@id\":\"https:\/\/disteco.com\/ca\/els-millors-talls-de-carn-de-vedella-dangus\/#primaryimage\"},\"thumbnailUrl\":\"https:\/\/disteco.com\/wp-content\/uploads\/2025\/10\/Los-mejores-cortes-de-carne-de-ternera-de-Angus.jpg\",\"datePublished\":\"2024-10-14T07:47:53+00:00\",\"dateModified\":\"2025-06-09T10:44:14+00:00\",\"description\":\"Cada vegada s\u00f3n m\u00e9s els consumidors que busquen els millors talls d'Angus per gaudir del sabor i la textura d'aquesta carn de vedella.\",\"breadcrumb\":{\"@id\":\"https:\/\/disteco.com\/ca\/els-millors-talls-de-carn-de-vedella-dangus\/#breadcrumb\"},\"inLanguage\":\"ca\",\"potentialAction\":[{\"@type\":\"ReadAction\",\"target\":[\"https:\/\/disteco.com\/ca\/els-millors-talls-de-carn-de-vedella-dangus\/\"]}]},{\"@type\":\"ImageObject\",\"inLanguage\":\"ca\",\"@id\":\"https:\/\/disteco.com\/ca\/els-millors-talls-de-carn-de-vedella-dangus\/#primaryimage\",\"url\":\"https:\/\/disteco.com\/wp-content\/uploads\/2025\/10\/Los-mejores-cortes-de-carne-de-ternera-de-Angus.jpg\",\"contentUrl\":\"https:\/\/disteco.com\/wp-content\/uploads\/2025\/10\/Los-mejores-cortes-de-carne-de-ternera-de-Angus.jpg\",\"width\":1920,\"height\":1280},{\"@type\":\"BreadcrumbList\",\"@id\":\"https:\/\/disteco.com\/ca\/els-millors-talls-de-carn-de-vedella-dangus\/#breadcrumb\",\"itemListElement\":[{\"@type\":\"ListItem\",\"position\":1,\"name\":\"Portada\",\"item\":\"https:\/\/disteco.com\/ca\/\"},{\"@type\":\"ListItem\",\"position\":2,\"name\":\"Els millors talls de carn de vedella d&#8217;Angus\"}]},{\"@type\":\"WebSite\",\"@id\":\"https:\/\/disteco.com\/ca\/#website\",\"url\":\"https:\/\/disteco.com\/ca\/\",\"name\":\"GRUP ALIMENTARI DISTECO\",\"description\":\"Distribuci\u00f3 aliment\u00e0ria de productes d'alta qualitat\",\"publisher\":{\"@id\":\"https:\/\/disteco.com\/ca\/#organization\"},\"potentialAction\":[{\"@type\":\"SearchAction\",\"target\":{\"@type\":\"EntryPoint\",\"urlTemplate\":\"https:\/\/disteco.com\/ca\/?s={search_term_string}\"},\"query-input\":{\"@type\":\"PropertyValueSpecification\",\"valueRequired\":true,\"valueName\":\"search_term_string\"}}],\"inLanguage\":\"ca\"},{\"@type\":\"Organization\",\"@id\":\"https:\/\/disteco.com\/ca\/#organization\",\"name\":\"GRUP ALIMENTARI DISTECO\",\"url\":\"https:\/\/disteco.com\/ca\/\",\"logo\":{\"@type\":\"ImageObject\",\"inLanguage\":\"ca\",\"@id\":\"https:\/\/disteco.com\/ca\/#\/schema\/logo\/image\/\",\"url\":\"https:\/\/disteco.com\/wp-content\/uploads\/2017\/03\/logo-grup-alimentari-disteco.png\",\"contentUrl\":\"https:\/\/disteco.com\/wp-content\/uploads\/2017\/03\/logo-grup-alimentari-disteco.png\",\"width\":600,\"height\":61,\"caption\":\"GRUP ALIMENTARI DISTECO\"},\"image\":{\"@id\":\"https:\/\/disteco.com\/ca\/#\/schema\/logo\/image\/\"},\"sameAs\":[\"https:\/\/www.facebook.com\/grupalimentaridisteco\/\",\"https:\/\/x.com\/DistecoGrup\",\"https:\/\/www.instagram.com\/gadisteco\/\",\"https:\/\/www.linkedin.com\/company\/grup-alimentari-disteco\/\",\"https:\/\/www.youtube.com\/@grupalimentaridisteco572\"]},{\"@type\":\"Person\",\"@id\":\"https:\/\/disteco.com\/ca\/#\/schema\/person\/4ea51f932b94228a72ce3c6332cfd3c0\",\"name\":\"GAD\",\"image\":{\"@type\":\"ImageObject\",\"inLanguage\":\"ca\",\"@id\":\"https:\/\/disteco.com\/ca\/#\/schema\/person\/image\/\",\"url\":\"https:\/\/secure.gravatar.com\/avatar\/c03aafdc2e714d25acb2f145eda11ecc45ef17c5219efd6cfba9f6a37f404cfe?s=96&d=mm&r=g\",\"contentUrl\":\"https:\/\/secure.gravatar.com\/avatar\/c03aafdc2e714d25acb2f145eda11ecc45ef17c5219efd6cfba9f6a37f404cfe?s=96&d=mm&r=g\",\"caption\":\"GAD\"},\"url\":\"https:\/\/disteco.com\/ca\/author\/baraka\/\"}]}<\/script>\n<!-- \/ Yoast SEO plugin. -->","yoast_head_json":{"title":"Els millors talls de carn de vedella d'Angus - GRUP ALIMENTARI DISTECO","description":"Cada vegada s\u00f3n m\u00e9s els consumidors que busquen els millors talls d'Angus per gaudir del sabor i la textura d'aquesta carn de vedella.","robots":{"index":"index","follow":"follow","max-snippet":"max-snippet:-1","max-image-preview":"max-image-preview:large","max-video-preview":"max-video-preview:-1"},"canonical":"https:\/\/disteco.com\/ca\/els-millors-talls-de-carn-de-vedella-dangus\/","og_locale":"ca_ES","og_type":"article","og_title":"Els millors talls de carn de vedella d'Angus - GRUP ALIMENTARI DISTECO","og_description":"Cada vegada s\u00f3n m\u00e9s els consumidors que busquen els millors talls d'Angus per gaudir del sabor i la textura d'aquesta carn de vedella.","og_url":"https:\/\/disteco.com\/ca\/els-millors-talls-de-carn-de-vedella-dangus\/","og_site_name":"GRUP ALIMENTARI DISTECO","article_publisher":"https:\/\/www.facebook.com\/grupalimentaridisteco\/","article_published_time":"2024-10-14T07:47:53+00:00","article_modified_time":"2025-06-09T10:44:14+00:00","og_image":[{"width":1920,"height":1280,"url":"https:\/\/disteco.com\/wp-content\/uploads\/2025\/10\/Los-mejores-cortes-de-carne-de-ternera-de-Angus.jpg","type":"image\/jpeg"}],"author":"GAD","twitter_card":"summary_large_image","twitter_creator":"@DistecoGrup","twitter_site":"@DistecoGrup","twitter_misc":{"Escrit per":"GAD","Temps estimat de lectura":"3 minut"},"schema":{"@context":"https:\/\/schema.org","@graph":[{"@type":"Article","@id":"https:\/\/disteco.com\/ca\/els-millors-talls-de-carn-de-vedella-dangus\/#article","isPartOf":{"@id":"https:\/\/disteco.com\/ca\/els-millors-talls-de-carn-de-vedella-dangus\/"},"author":{"name":"GAD","@id":"https:\/\/disteco.com\/ca\/#\/schema\/person\/4ea51f932b94228a72ce3c6332cfd3c0"},"headline":"Els millors talls de carn de vedella d&#8217;Angus","datePublished":"2024-10-14T07:47:53+00:00","dateModified":"2025-06-09T10:44:14+00:00","mainEntityOfPage":{"@id":"https:\/\/disteco.com\/ca\/els-millors-talls-de-carn-de-vedella-dangus\/"},"wordCount":689,"publisher":{"@id":"https:\/\/disteco.com\/ca\/#organization"},"image":{"@id":"https:\/\/disteco.com\/ca\/els-millors-talls-de-carn-de-vedella-dangus\/#primaryimage"},"thumbnailUrl":"https:\/\/disteco.com\/wp-content\/uploads\/2025\/10\/Los-mejores-cortes-de-carne-de-ternera-de-Angus.jpg","keywords":["Anguscat","carn fresca d&#039;Angus","Distribuci\u00f3 carn d&#039;angus","Distribu\u00efdors d'alimentaci\u00f3 a Espanya","GAD alimentaci\u00f3 saludable"],"articleSection":["\u00daltimes not\u00edcies"],"inLanguage":"ca"},{"@type":"WebPage","@id":"https:\/\/disteco.com\/ca\/els-millors-talls-de-carn-de-vedella-dangus\/","url":"https:\/\/disteco.com\/ca\/els-millors-talls-de-carn-de-vedella-dangus\/","name":"Els millors talls de carn de vedella d'Angus - GRUP ALIMENTARI DISTECO","isPartOf":{"@id":"https:\/\/disteco.com\/ca\/#website"},"primaryImageOfPage":{"@id":"https:\/\/disteco.com\/ca\/els-millors-talls-de-carn-de-vedella-dangus\/#primaryimage"},"image":{"@id":"https:\/\/disteco.com\/ca\/els-millors-talls-de-carn-de-vedella-dangus\/#primaryimage"},"thumbnailUrl":"https:\/\/disteco.com\/wp-content\/uploads\/2025\/10\/Los-mejores-cortes-de-carne-de-ternera-de-Angus.jpg","datePublished":"2024-10-14T07:47:53+00:00","dateModified":"2025-06-09T10:44:14+00:00","description":"Cada vegada s\u00f3n m\u00e9s els consumidors que busquen els millors talls d'Angus per gaudir del sabor i la textura d'aquesta carn de vedella.","breadcrumb":{"@id":"https:\/\/disteco.com\/ca\/els-millors-talls-de-carn-de-vedella-dangus\/#breadcrumb"},"inLanguage":"ca","potentialAction":[{"@type":"ReadAction","target":["https:\/\/disteco.com\/ca\/els-millors-talls-de-carn-de-vedella-dangus\/"]}]},{"@type":"ImageObject","inLanguage":"ca","@id":"https:\/\/disteco.com\/ca\/els-millors-talls-de-carn-de-vedella-dangus\/#primaryimage","url":"https:\/\/disteco.com\/wp-content\/uploads\/2025\/10\/Los-mejores-cortes-de-carne-de-ternera-de-Angus.jpg","contentUrl":"https:\/\/disteco.com\/wp-content\/uploads\/2025\/10\/Los-mejores-cortes-de-carne-de-ternera-de-Angus.jpg","width":1920,"height":1280},{"@type":"BreadcrumbList","@id":"https:\/\/disteco.com\/ca\/els-millors-talls-de-carn-de-vedella-dangus\/#breadcrumb","itemListElement":[{"@type":"ListItem","position":1,"name":"Portada","item":"https:\/\/disteco.com\/ca\/"},{"@type":"ListItem","position":2,"name":"Els millors talls de carn de vedella d&#8217;Angus"}]},{"@type":"WebSite","@id":"https:\/\/disteco.com\/ca\/#website","url":"https:\/\/disteco.com\/ca\/","name":"GRUP ALIMENTARI DISTECO","description":"Distribuci\u00f3 aliment\u00e0ria de productes d'alta qualitat","publisher":{"@id":"https:\/\/disteco.com\/ca\/#organization"},"potentialAction":[{"@type":"SearchAction","target":{"@type":"EntryPoint","urlTemplate":"https:\/\/disteco.com\/ca\/?s={search_term_string}"},"query-input":{"@type":"PropertyValueSpecification","valueRequired":true,"valueName":"search_term_string"}}],"inLanguage":"ca"},{"@type":"Organization","@id":"https:\/\/disteco.com\/ca\/#organization","name":"GRUP ALIMENTARI DISTECO","url":"https:\/\/disteco.com\/ca\/","logo":{"@type":"ImageObject","inLanguage":"ca","@id":"https:\/\/disteco.com\/ca\/#\/schema\/logo\/image\/","url":"https:\/\/disteco.com\/wp-content\/uploads\/2017\/03\/logo-grup-alimentari-disteco.png","contentUrl":"https:\/\/disteco.com\/wp-content\/uploads\/2017\/03\/logo-grup-alimentari-disteco.png","width":600,"height":61,"caption":"GRUP ALIMENTARI DISTECO"},"image":{"@id":"https:\/\/disteco.com\/ca\/#\/schema\/logo\/image\/"},"sameAs":["https:\/\/www.facebook.com\/grupalimentaridisteco\/","https:\/\/x.com\/DistecoGrup","https:\/\/www.instagram.com\/gadisteco\/","https:\/\/www.linkedin.com\/company\/grup-alimentari-disteco\/","https:\/\/www.youtube.com\/@grupalimentaridisteco572"]},{"@type":"Person","@id":"https:\/\/disteco.com\/ca\/#\/schema\/person\/4ea51f932b94228a72ce3c6332cfd3c0","name":"GAD","image":{"@type":"ImageObject","inLanguage":"ca","@id":"https:\/\/disteco.com\/ca\/#\/schema\/person\/image\/","url":"https:\/\/secure.gravatar.com\/avatar\/c03aafdc2e714d25acb2f145eda11ecc45ef17c5219efd6cfba9f6a37f404cfe?s=96&d=mm&r=g","contentUrl":"https:\/\/secure.gravatar.com\/avatar\/c03aafdc2e714d25acb2f145eda11ecc45ef17c5219efd6cfba9f6a37f404cfe?s=96&d=mm&r=g","caption":"GAD"},"url":"https:\/\/disteco.com\/ca\/author\/baraka\/"}]}},"_links":{"self":[{"href":"https:\/\/disteco.com\/ca\/wp-json\/wp\/v2\/posts\/255961","targetHints":{"allow":["GET"]}}],"collection":[{"href":"https:\/\/disteco.com\/ca\/wp-json\/wp\/v2\/posts"}],"about":[{"href":"https:\/\/disteco.com\/ca\/wp-json\/wp\/v2\/types\/post"}],"author":[{"embeddable":true,"href":"https:\/\/disteco.com\/ca\/wp-json\/wp\/v2\/users\/1"}],"replies":[{"embeddable":true,"href":"https:\/\/disteco.com\/ca\/wp-json\/wp\/v2\/comments?post=255961"}],"version-history":[{"count":4,"href":"https:\/\/disteco.com\/ca\/wp-json\/wp\/v2\/posts\/255961\/revisions"}],"predecessor-version":[{"id":257231,"href":"https:\/\/disteco.com\/ca\/wp-json\/wp\/v2\/posts\/255961\/revisions\/257231"}],"wp:featuredmedia":[{"embeddable":true,"href":"https:\/\/disteco.com\/ca\/wp-json\/wp\/v2\/media\/255954"}],"wp:attachment":[{"href":"https:\/\/disteco.com\/ca\/wp-json\/wp\/v2\/media?parent=255961"}],"wp:term":[{"taxonomy":"category","embeddable":true,"href":"https:\/\/disteco.com\/ca\/wp-json\/wp\/v2\/categories?post=255961"},{"taxonomy":"post_tag","embeddable":true,"href":"https:\/\/disteco.com\/ca\/wp-json\/wp\/v2\/tags?post=255961"}],"curies":[{"name":"wp","href":"https:\/\/api.w.org\/{rel}","templated":true}]}}