{"id":254454,"date":"2024-04-05T04:37:00","date_gmt":"2024-04-05T04:37:00","guid":{"rendered":"https:\/\/disteco.com\/?p=254454"},"modified":"2024-04-02T16:55:12","modified_gmt":"2024-04-02T16:55:12","slug":"caracteristiques-de-la-carn-de-porc","status":"publish","type":"post","link":"https:\/\/disteco.com\/ca\/caracteristiques-de-la-carn-de-porc\/","title":{"rendered":"Caracter\u00edstiques de la carn de porc"},"content":{"rendered":"\n<figure class=\"wp-block-image size-large\"><img loading=\"lazy\" decoding=\"async\" width=\"1024\" height=\"683\" src=\"https:\/\/disteco.com\/wp-content\/uploads\/2025\/03\/caracteristicas-de-la-carne-de-cerdo-1024x683.webp\" alt=\"Caracter\u00edsticas de la carne de cerdo por las que destaca en toda cocina\" class=\"wp-image-254445\" srcset=\"https:\/\/disteco.com\/wp-content\/uploads\/2025\/03\/caracteristicas-de-la-carne-de-cerdo-1024x683.webp 1024w, https:\/\/disteco.com\/wp-content\/uploads\/2025\/03\/caracteristicas-de-la-carne-de-cerdo-300x200.webp 300w, https:\/\/disteco.com\/wp-content\/uploads\/2025\/03\/caracteristicas-de-la-carne-de-cerdo-768x512.webp 768w, https:\/\/disteco.com\/wp-content\/uploads\/2025\/03\/caracteristicas-de-la-carne-de-cerdo-1536x1024.webp 1536w, https:\/\/disteco.com\/wp-content\/uploads\/2025\/03\/caracteristicas-de-la-carne-de-cerdo-1080x720.webp 1080w, https:\/\/disteco.com\/wp-content\/uploads\/2025\/03\/caracteristicas-de-la-carne-de-cerdo-1280x853.webp 1280w, https:\/\/disteco.com\/wp-content\/uploads\/2025\/03\/caracteristicas-de-la-carne-de-cerdo-980x653.webp 980w, https:\/\/disteco.com\/wp-content\/uploads\/2025\/03\/caracteristicas-de-la-carne-de-cerdo-480x320.webp 480w, https:\/\/disteco.com\/wp-content\/uploads\/2025\/03\/caracteristicas-de-la-carne-de-cerdo-jpg.webp 1920w\" sizes=\"(max-width: 1024px) 100vw, 1024px\" \/><\/figure>\n\n\n<h6><span style=\"color: #cc0000;\"><strong><em>Caracter\u00edstiques de la carn de porc<\/em><\/strong><\/span><\/h6>\n<h1>\u00a0<\/h1>\n<h1><span style=\"color: #000000;\"><strong>Caracter\u00edstiques de la carn de porc per les quals destaca a tota cuina<\/strong><\/span><\/h1>\n<p><span style=\"font-weight: 400;\">Considerada el tresor culinari de tot cuiner, les caracter\u00edstiques de la carn de porc ofereixen la versatilitat i el sabor que agraeix qualsevol cuina. <\/span><\/p>\n<p><span style=\"font-weight: 400;\">Amb una \u00e0mplia varietat de talls, la carn de porc \u00e9s un ingredient apreciat a les cuines de tot el m\u00f3n des de fa segles. <\/span><\/p>\n<p><span style=\"font-weight: 400;\">Les caracter\u00edstiques excepcionals de la carn de porc destaquen tant en cl\u00e0ssics inoblidables de la cuina de l&#8217;\u00e0via com en innovacions culin\u00e0ries gurmet. <\/span><\/p>\n<p><span style=\"font-weight: 400;\"><strong>Els<\/strong> beneficis <strong>nutricionals<\/strong> de la carn de porc estan \u00e0mpliament reconeguts, cosa que motiva la recomanaci\u00f3 del seu consum entre 2 i 4 cops a la setmana, aportant:\u00a0<\/span><\/p>\n<ul>\n<li style=\"font-weight: 400;\" aria-level=\"1\"><span style=\"font-weight: 400;\">Prote\u00efnes d&#8217;alt valor biol\u00f2gic, contenint tots els amino\u00e0cids essencials. <\/span><\/li>\n<li style=\"font-weight: 400;\" aria-level=\"1\"><span style=\"font-weight: 400;\">Vitamines del grup B (B1, B2 i B12). <\/span><\/li>\n<li style=\"font-weight: 400;\" aria-level=\"1\"><span style=\"font-weight: 400;\">Minerals com zinc, potassi, f\u00f2sfor, magnesi i ferro. <\/span><\/li>\n<li style=\"font-weight: 400;\" aria-level=\"1\"><span style=\"font-weight: 400;\">Grases saturades i \u00e0cids grassos monoinsaturats, depenent del tall i la ra\u00e7a. <\/span><\/li>\n<\/ul>\n<blockquote>\n<h3><span style=\"font-weight: 400;\">En conjunt,<strong> la carn de porc \u00e9s un aliment molt important en una <a href=\"\/?p=253001\" target=\"_blank\" rel=\"noopener\">dieta equilibrada<\/a>. <\/strong><\/span><\/h3>\n<\/blockquote>\n<h2>\u00a0<\/h2>\n<h2><strong><span style=\"color: #000000;\">Caracter\u00edstiques clau per triar la millor carn de porc<\/span><\/strong><\/h2>\n<p><span style=\"font-weight: 400;\">A l&#8217;hora de seleccionar el tall ideal per a una recepta \u00e9s fonamental con\u00e8ixer com ha de ser la carn de porc en comprar-la. <\/span><\/p>\n<p><span style=\"font-weight: 400;\">Entre els aspectes fonamentals per assegurar-nos de la millor qualitat a cada tall hi ha:\u00a0<\/span><\/p>\n<ul>\n<li style=\"font-weight: 400;\" aria-level=\"1\"><span style=\"font-weight: 400;\"><strong>Color:<\/strong> la frescor \u00e9s un aspecte essencial en la carn de porc i els talls frescos tenen un color rosat p\u00e0l\u00b7lid , uniforme i una mica brillant, sense marques fosques ni decoloracions o dureses. <\/span><\/li>\n<li style=\"font-weight: 400;\" aria-level=\"1\"><span style=\"font-weight: 400;\"><strong>Marbreig intramuscular:<\/strong> els talls m\u00e9s saborosos, com el llom i el filet, tenen greix infiltrat que els aporta un aspecte marbrejat a la carn que, durant el cuinat, afegeix textura i sabor. <\/span><\/li>\n<li style=\"font-weight: 400;\" aria-level=\"1\"><span style=\"font-weight: 400;\"><strong>Olor:<\/strong> la carn fresca de porc pr\u00e0cticament no t\u00e9 olor, qualsevol tipus d&#8217;aroma estranya, \u00e0cid o avinagrada \u00e9s senyal que la carn no \u00e9s fresca i pot estar en mal estat. <\/span><\/li>\n<li style=\"font-weight: 400;\" aria-level=\"1\"><span style=\"font-weight: 400;\"><strong>Firmeza:<\/strong> una textura caracter\u00edstica del porc que, encara que suau i sucosa, es mant\u00e9 ferma i no mostra exc\u00e9s de l\u00edquid. <\/span><\/li>\n<li style=\"font-weight: 400;\" aria-level=\"1\"><span style=\"font-weight: 400;\"><strong>Etiquetatge:<\/strong> l&#8217;etiqueta de les peces envasades t\u00e9 molta import\u00e0ncia, tant per revisar el temps des de l&#8217;envasat com el origen de la carn i altres detalls que defineixen la qualitat del producte. <\/span><\/li>\n<\/ul>\n<p><span style=\"font-weight: 400;\">Juntament amb aquestes consideracions, el consumidor acaba decidint entre els talls de porc que millor s&#8217;ajusten a determinades preparacions. <\/span><\/p>\n<p><span style=\"font-weight: 400;\">Si el que es busca \u00e9s la millor carn de porc per guisar, l&#8217;espatlla \u00e9s una de les millors eleccions. Un tall equilibrat entre magre i gras, amb textura tendra i sucosa el sabor del qual s&#8217;intensifica al llarg d&#8217;una cocci\u00f3 lenta.<\/span><\/p>\n<p><span style=\"font-weight: 400;\">En canvi, si el que s&#8217;est\u00e0 buscant \u00e9s la millor carn de porc per desfer, per fer pulled pork i utilitzar-lo en creps, tacs i entrepans, el millor tall \u00e9s el llom o el filet, que es caracteritzen per tenir poc greix i que, cuinades per molt de temps, es desfan f\u00e0cilment. <\/span><\/p>\n<blockquote>\n<h3><span style=\"font-weight: 400;\"><strong>En<span style=\"color: #cc0000;\"><a style=\"color: #cc0000;\" href=\"https:\/\/disteco.com\/ca\/\" target=\"_blank\" rel=\"noopener\"> Grup Alimentari Disteco<\/a><\/span> treballem amb els millors productors de <\/strong><a href=\"\/?page_id=204871\" target=\"_blank\" rel=\"noopener\"><span style=\"color: #cc0000;\"><strong>carn de porc<\/strong><\/span><\/a> i garantim, juntament amb una gran varietat en talls i envasats, una distribuci\u00f3 eficient a nivell nacional i internacional.<\/span><\/h3>\n<\/blockquote>","protected":false},"excerpt":{"rendered":"<p>Considerada el tresor culinari de tot cuiner, les caracter\u00edstiques de la carn de porc ofereixen la versatilitat i el sabor que agraeix qualsevol cuina.<\/p>\n","protected":false},"author":1,"featured_media":254446,"comment_status":"closed","ping_status":"open","sticky":false,"template":"","format":"image","meta":{"_et_pb_use_builder":"off","_et_pb_old_content":"","_et_gb_content_width":"","footnotes":""},"categories":[43],"tags":[94,95,820,117,243,229,203],"class_list":["post-254454","post","type-post","status-publish","format-image","has-post-thumbnail","hentry","category-ultimes-noticies","tag-aliments-rics-en-ferro","tag-carn-fresca","tag-comprar-porc-iberic","tag-distribucio-alimentaria","tag-gad-alimentacio-saludable","tag-gad-alimentacion-saludable","tag-millors-carns","post_format-post-format-image"],"yoast_head":"<!-- This site is optimized with the Yoast SEO plugin v26.9 - https:\/\/yoast.com\/product\/yoast-seo-wordpress\/ -->\n<title>Caracter\u00edstiques de la carn de porc - GRUP ALIMENTARI DISTECO<\/title>\n<meta name=\"description\" content=\"Els beneficis nutricionals de la carn de porc estan \u00e0mpliament reconeguts, prote\u00efnes, amino\u00e0cids essencials, vitamines del grup B, ...\" \/>\n<meta name=\"robots\" content=\"index, follow, max-snippet:-1, max-image-preview:large, max-video-preview:-1\" \/>\n<link rel=\"canonical\" href=\"https:\/\/disteco.com\/ca\/caracteristiques-de-la-carn-de-porc\/\" \/>\n<meta property=\"og:locale\" content=\"ca_ES\" \/>\n<meta property=\"og:type\" content=\"article\" \/>\n<meta property=\"og:title\" content=\"Caracter\u00edstiques de la carn de porc - GRUP ALIMENTARI DISTECO\" \/>\n<meta property=\"og:description\" content=\"Els beneficis nutricionals de la carn de porc estan \u00e0mpliament reconeguts, prote\u00efnes, amino\u00e0cids essencials, vitamines del grup B, ...\" \/>\n<meta property=\"og:url\" content=\"https:\/\/disteco.com\/ca\/caracteristiques-de-la-carn-de-porc\/\" \/>\n<meta property=\"og:site_name\" content=\"GRUP ALIMENTARI DISTECO\" \/>\n<meta property=\"article:publisher\" content=\"https:\/\/www.facebook.com\/grupalimentaridisteco\/\" \/>\n<meta property=\"article:published_time\" content=\"2024-04-05T04:37:00+00:00\" \/>\n<meta property=\"og:image\" content=\"https:\/\/disteco.com\/wp-content\/uploads\/2025\/03\/caracteristicas-de-la-carne-de-cerdo-jpg.webp\" \/>\n\t<meta property=\"og:image:width\" content=\"1920\" \/>\n\t<meta property=\"og:image:height\" content=\"1280\" \/>\n\t<meta property=\"og:image:type\" content=\"image\/jpeg\" \/>\n<meta name=\"author\" content=\"GAD\" \/>\n<meta name=\"twitter:card\" content=\"summary_large_image\" \/>\n<meta name=\"twitter:creator\" content=\"@DistecoGrup\" \/>\n<meta name=\"twitter:site\" content=\"@DistecoGrup\" \/>\n<meta name=\"twitter:label1\" content=\"Escrit per\" \/>\n\t<meta name=\"twitter:data1\" content=\"GAD\" \/>\n\t<meta name=\"twitter:label2\" content=\"Temps estimat de lectura\" \/>\n\t<meta name=\"twitter:data2\" content=\"3 minut\" \/>\n<script type=\"application\/ld+json\" class=\"yoast-schema-graph\">{\"@context\":\"https:\/\/schema.org\",\"@graph\":[{\"@type\":\"Article\",\"@id\":\"https:\/\/disteco.com\/ca\/caracteristiques-de-la-carn-de-porc\/#article\",\"isPartOf\":{\"@id\":\"https:\/\/disteco.com\/ca\/caracteristiques-de-la-carn-de-porc\/\"},\"author\":{\"name\":\"GAD\",\"@id\":\"https:\/\/disteco.com\/ca\/#\/schema\/person\/4ea51f932b94228a72ce3c6332cfd3c0\"},\"headline\":\"Caracter\u00edstiques de la carn de porc\",\"datePublished\":\"2024-04-05T04:37:00+00:00\",\"mainEntityOfPage\":{\"@id\":\"https:\/\/disteco.com\/ca\/caracteristiques-de-la-carn-de-porc\/\"},\"wordCount\":552,\"publisher\":{\"@id\":\"https:\/\/disteco.com\/ca\/#organization\"},\"image\":{\"@id\":\"https:\/\/disteco.com\/ca\/caracteristiques-de-la-carn-de-porc\/#primaryimage\"},\"thumbnailUrl\":\"https:\/\/disteco.com\/wp-content\/uploads\/2025\/03\/caracteristicas-de-la-carne-de-cerdo-jpg.webp\",\"keywords\":[\"Aliments rics en ferro\",\"carn fresca\",\"Comprar porc ib\u00e8ric\",\"distribuci\u00f3 alimentaria\",\"GAD alimentaci\u00f3 saludable\",\"GAD alimentaci\u00f3n saludable\",\"millors carns\"],\"articleSection\":[\"\u00daltimes not\u00edcies\"],\"inLanguage\":\"ca\"},{\"@type\":\"WebPage\",\"@id\":\"https:\/\/disteco.com\/ca\/caracteristiques-de-la-carn-de-porc\/\",\"url\":\"https:\/\/disteco.com\/ca\/caracteristiques-de-la-carn-de-porc\/\",\"name\":\"Caracter\u00edstiques de la carn de porc - GRUP ALIMENTARI DISTECO\",\"isPartOf\":{\"@id\":\"https:\/\/disteco.com\/ca\/#website\"},\"primaryImageOfPage\":{\"@id\":\"https:\/\/disteco.com\/ca\/caracteristiques-de-la-carn-de-porc\/#primaryimage\"},\"image\":{\"@id\":\"https:\/\/disteco.com\/ca\/caracteristiques-de-la-carn-de-porc\/#primaryimage\"},\"thumbnailUrl\":\"https:\/\/disteco.com\/wp-content\/uploads\/2025\/03\/caracteristicas-de-la-carne-de-cerdo-jpg.webp\",\"datePublished\":\"2024-04-05T04:37:00+00:00\",\"description\":\"Els beneficis nutricionals de la carn de porc estan \u00e0mpliament reconeguts, prote\u00efnes, amino\u00e0cids essencials, vitamines del grup B, ...\",\"breadcrumb\":{\"@id\":\"https:\/\/disteco.com\/ca\/caracteristiques-de-la-carn-de-porc\/#breadcrumb\"},\"inLanguage\":\"ca\",\"potentialAction\":[{\"@type\":\"ReadAction\",\"target\":[\"https:\/\/disteco.com\/ca\/caracteristiques-de-la-carn-de-porc\/\"]}]},{\"@type\":\"ImageObject\",\"inLanguage\":\"ca\",\"@id\":\"https:\/\/disteco.com\/ca\/caracteristiques-de-la-carn-de-porc\/#primaryimage\",\"url\":\"https:\/\/disteco.com\/wp-content\/uploads\/2025\/03\/caracteristicas-de-la-carne-de-cerdo-jpg.webp\",\"contentUrl\":\"https:\/\/disteco.com\/wp-content\/uploads\/2025\/03\/caracteristicas-de-la-carne-de-cerdo-jpg.webp\",\"width\":1920,\"height\":1280,\"caption\":\"Caracter\u00edsticas de la carne de cerdo por las que destaca en toda cocina\"},{\"@type\":\"BreadcrumbList\",\"@id\":\"https:\/\/disteco.com\/ca\/caracteristiques-de-la-carn-de-porc\/#breadcrumb\",\"itemListElement\":[{\"@type\":\"ListItem\",\"position\":1,\"name\":\"Portada\",\"item\":\"https:\/\/disteco.com\/ca\/\"},{\"@type\":\"ListItem\",\"position\":2,\"name\":\"Caracter\u00edstiques de la carn de porc\"}]},{\"@type\":\"WebSite\",\"@id\":\"https:\/\/disteco.com\/ca\/#website\",\"url\":\"https:\/\/disteco.com\/ca\/\",\"name\":\"GRUP ALIMENTARI DISTECO\",\"description\":\"Distribuci\u00f3 aliment\u00e0ria de productes d'alta qualitat\",\"publisher\":{\"@id\":\"https:\/\/disteco.com\/ca\/#organization\"},\"potentialAction\":[{\"@type\":\"SearchAction\",\"target\":{\"@type\":\"EntryPoint\",\"urlTemplate\":\"https:\/\/disteco.com\/ca\/?s={search_term_string}\"},\"query-input\":{\"@type\":\"PropertyValueSpecification\",\"valueRequired\":true,\"valueName\":\"search_term_string\"}}],\"inLanguage\":\"ca\"},{\"@type\":\"Organization\",\"@id\":\"https:\/\/disteco.com\/ca\/#organization\",\"name\":\"GRUP ALIMENTARI DISTECO\",\"url\":\"https:\/\/disteco.com\/ca\/\",\"logo\":{\"@type\":\"ImageObject\",\"inLanguage\":\"ca\",\"@id\":\"https:\/\/disteco.com\/ca\/#\/schema\/logo\/image\/\",\"url\":\"https:\/\/disteco.com\/wp-content\/uploads\/2017\/03\/logo-grup-alimentari-disteco.png\",\"contentUrl\":\"https:\/\/disteco.com\/wp-content\/uploads\/2017\/03\/logo-grup-alimentari-disteco.png\",\"width\":600,\"height\":61,\"caption\":\"GRUP ALIMENTARI DISTECO\"},\"image\":{\"@id\":\"https:\/\/disteco.com\/ca\/#\/schema\/logo\/image\/\"},\"sameAs\":[\"https:\/\/www.facebook.com\/grupalimentaridisteco\/\",\"https:\/\/x.com\/DistecoGrup\",\"https:\/\/www.instagram.com\/gadisteco\/\",\"https:\/\/www.linkedin.com\/company\/grup-alimentari-disteco\/\",\"https:\/\/www.youtube.com\/@grupalimentaridisteco572\"]},{\"@type\":\"Person\",\"@id\":\"https:\/\/disteco.com\/ca\/#\/schema\/person\/4ea51f932b94228a72ce3c6332cfd3c0\",\"name\":\"GAD\",\"image\":{\"@type\":\"ImageObject\",\"inLanguage\":\"ca\",\"@id\":\"https:\/\/disteco.com\/ca\/#\/schema\/person\/image\/\",\"url\":\"https:\/\/secure.gravatar.com\/avatar\/c03aafdc2e714d25acb2f145eda11ecc45ef17c5219efd6cfba9f6a37f404cfe?s=96&d=mm&r=g\",\"contentUrl\":\"https:\/\/secure.gravatar.com\/avatar\/c03aafdc2e714d25acb2f145eda11ecc45ef17c5219efd6cfba9f6a37f404cfe?s=96&d=mm&r=g\",\"caption\":\"GAD\"},\"url\":\"https:\/\/disteco.com\/ca\/author\/baraka\/\"}]}<\/script>\n<!-- \/ Yoast SEO plugin. -->","yoast_head_json":{"title":"Caracter\u00edstiques de la carn de porc - GRUP ALIMENTARI DISTECO","description":"Els beneficis nutricionals de la carn de porc estan \u00e0mpliament reconeguts, prote\u00efnes, amino\u00e0cids essencials, vitamines del grup B, ...","robots":{"index":"index","follow":"follow","max-snippet":"max-snippet:-1","max-image-preview":"max-image-preview:large","max-video-preview":"max-video-preview:-1"},"canonical":"https:\/\/disteco.com\/ca\/caracteristiques-de-la-carn-de-porc\/","og_locale":"ca_ES","og_type":"article","og_title":"Caracter\u00edstiques de la carn de porc - GRUP ALIMENTARI DISTECO","og_description":"Els beneficis nutricionals de la carn de porc estan \u00e0mpliament reconeguts, prote\u00efnes, amino\u00e0cids essencials, vitamines del grup B, ...","og_url":"https:\/\/disteco.com\/ca\/caracteristiques-de-la-carn-de-porc\/","og_site_name":"GRUP ALIMENTARI DISTECO","article_publisher":"https:\/\/www.facebook.com\/grupalimentaridisteco\/","article_published_time":"2024-04-05T04:37:00+00:00","og_image":[{"width":1920,"height":1280,"url":"https:\/\/disteco.com\/wp-content\/uploads\/2025\/03\/caracteristicas-de-la-carne-de-cerdo-jpg.webp","type":"image\/jpeg"}],"author":"GAD","twitter_card":"summary_large_image","twitter_creator":"@DistecoGrup","twitter_site":"@DistecoGrup","twitter_misc":{"Escrit per":"GAD","Temps estimat de lectura":"3 minut"},"schema":{"@context":"https:\/\/schema.org","@graph":[{"@type":"Article","@id":"https:\/\/disteco.com\/ca\/caracteristiques-de-la-carn-de-porc\/#article","isPartOf":{"@id":"https:\/\/disteco.com\/ca\/caracteristiques-de-la-carn-de-porc\/"},"author":{"name":"GAD","@id":"https:\/\/disteco.com\/ca\/#\/schema\/person\/4ea51f932b94228a72ce3c6332cfd3c0"},"headline":"Caracter\u00edstiques de la carn de porc","datePublished":"2024-04-05T04:37:00+00:00","mainEntityOfPage":{"@id":"https:\/\/disteco.com\/ca\/caracteristiques-de-la-carn-de-porc\/"},"wordCount":552,"publisher":{"@id":"https:\/\/disteco.com\/ca\/#organization"},"image":{"@id":"https:\/\/disteco.com\/ca\/caracteristiques-de-la-carn-de-porc\/#primaryimage"},"thumbnailUrl":"https:\/\/disteco.com\/wp-content\/uploads\/2025\/03\/caracteristicas-de-la-carne-de-cerdo-jpg.webp","keywords":["Aliments rics en ferro","carn fresca","Comprar porc ib\u00e8ric","distribuci\u00f3 alimentaria","GAD alimentaci\u00f3 saludable","GAD alimentaci\u00f3n saludable","millors carns"],"articleSection":["\u00daltimes not\u00edcies"],"inLanguage":"ca"},{"@type":"WebPage","@id":"https:\/\/disteco.com\/ca\/caracteristiques-de-la-carn-de-porc\/","url":"https:\/\/disteco.com\/ca\/caracteristiques-de-la-carn-de-porc\/","name":"Caracter\u00edstiques de la carn de porc - GRUP ALIMENTARI DISTECO","isPartOf":{"@id":"https:\/\/disteco.com\/ca\/#website"},"primaryImageOfPage":{"@id":"https:\/\/disteco.com\/ca\/caracteristiques-de-la-carn-de-porc\/#primaryimage"},"image":{"@id":"https:\/\/disteco.com\/ca\/caracteristiques-de-la-carn-de-porc\/#primaryimage"},"thumbnailUrl":"https:\/\/disteco.com\/wp-content\/uploads\/2025\/03\/caracteristicas-de-la-carne-de-cerdo-jpg.webp","datePublished":"2024-04-05T04:37:00+00:00","description":"Els beneficis nutricionals de la carn de porc estan \u00e0mpliament reconeguts, prote\u00efnes, amino\u00e0cids essencials, vitamines del grup B, ...","breadcrumb":{"@id":"https:\/\/disteco.com\/ca\/caracteristiques-de-la-carn-de-porc\/#breadcrumb"},"inLanguage":"ca","potentialAction":[{"@type":"ReadAction","target":["https:\/\/disteco.com\/ca\/caracteristiques-de-la-carn-de-porc\/"]}]},{"@type":"ImageObject","inLanguage":"ca","@id":"https:\/\/disteco.com\/ca\/caracteristiques-de-la-carn-de-porc\/#primaryimage","url":"https:\/\/disteco.com\/wp-content\/uploads\/2025\/03\/caracteristicas-de-la-carne-de-cerdo-jpg.webp","contentUrl":"https:\/\/disteco.com\/wp-content\/uploads\/2025\/03\/caracteristicas-de-la-carne-de-cerdo-jpg.webp","width":1920,"height":1280,"caption":"Caracter\u00edsticas de la carne de cerdo por las que destaca en toda cocina"},{"@type":"BreadcrumbList","@id":"https:\/\/disteco.com\/ca\/caracteristiques-de-la-carn-de-porc\/#breadcrumb","itemListElement":[{"@type":"ListItem","position":1,"name":"Portada","item":"https:\/\/disteco.com\/ca\/"},{"@type":"ListItem","position":2,"name":"Caracter\u00edstiques de la carn de porc"}]},{"@type":"WebSite","@id":"https:\/\/disteco.com\/ca\/#website","url":"https:\/\/disteco.com\/ca\/","name":"GRUP ALIMENTARI DISTECO","description":"Distribuci\u00f3 aliment\u00e0ria de productes d'alta qualitat","publisher":{"@id":"https:\/\/disteco.com\/ca\/#organization"},"potentialAction":[{"@type":"SearchAction","target":{"@type":"EntryPoint","urlTemplate":"https:\/\/disteco.com\/ca\/?s={search_term_string}"},"query-input":{"@type":"PropertyValueSpecification","valueRequired":true,"valueName":"search_term_string"}}],"inLanguage":"ca"},{"@type":"Organization","@id":"https:\/\/disteco.com\/ca\/#organization","name":"GRUP ALIMENTARI DISTECO","url":"https:\/\/disteco.com\/ca\/","logo":{"@type":"ImageObject","inLanguage":"ca","@id":"https:\/\/disteco.com\/ca\/#\/schema\/logo\/image\/","url":"https:\/\/disteco.com\/wp-content\/uploads\/2017\/03\/logo-grup-alimentari-disteco.png","contentUrl":"https:\/\/disteco.com\/wp-content\/uploads\/2017\/03\/logo-grup-alimentari-disteco.png","width":600,"height":61,"caption":"GRUP ALIMENTARI DISTECO"},"image":{"@id":"https:\/\/disteco.com\/ca\/#\/schema\/logo\/image\/"},"sameAs":["https:\/\/www.facebook.com\/grupalimentaridisteco\/","https:\/\/x.com\/DistecoGrup","https:\/\/www.instagram.com\/gadisteco\/","https:\/\/www.linkedin.com\/company\/grup-alimentari-disteco\/","https:\/\/www.youtube.com\/@grupalimentaridisteco572"]},{"@type":"Person","@id":"https:\/\/disteco.com\/ca\/#\/schema\/person\/4ea51f932b94228a72ce3c6332cfd3c0","name":"GAD","image":{"@type":"ImageObject","inLanguage":"ca","@id":"https:\/\/disteco.com\/ca\/#\/schema\/person\/image\/","url":"https:\/\/secure.gravatar.com\/avatar\/c03aafdc2e714d25acb2f145eda11ecc45ef17c5219efd6cfba9f6a37f404cfe?s=96&d=mm&r=g","contentUrl":"https:\/\/secure.gravatar.com\/avatar\/c03aafdc2e714d25acb2f145eda11ecc45ef17c5219efd6cfba9f6a37f404cfe?s=96&d=mm&r=g","caption":"GAD"},"url":"https:\/\/disteco.com\/ca\/author\/baraka\/"}]}},"_links":{"self":[{"href":"https:\/\/disteco.com\/ca\/wp-json\/wp\/v2\/posts\/254454","targetHints":{"allow":["GET"]}}],"collection":[{"href":"https:\/\/disteco.com\/ca\/wp-json\/wp\/v2\/posts"}],"about":[{"href":"https:\/\/disteco.com\/ca\/wp-json\/wp\/v2\/types\/post"}],"author":[{"embeddable":true,"href":"https:\/\/disteco.com\/ca\/wp-json\/wp\/v2\/users\/1"}],"replies":[{"embeddable":true,"href":"https:\/\/disteco.com\/ca\/wp-json\/wp\/v2\/comments?post=254454"}],"version-history":[{"count":4,"href":"https:\/\/disteco.com\/ca\/wp-json\/wp\/v2\/posts\/254454\/revisions"}],"predecessor-version":[{"id":254460,"href":"https:\/\/disteco.com\/ca\/wp-json\/wp\/v2\/posts\/254454\/revisions\/254460"}],"wp:featuredmedia":[{"embeddable":true,"href":"https:\/\/disteco.com\/ca\/wp-json\/wp\/v2\/media\/254446"}],"wp:attachment":[{"href":"https:\/\/disteco.com\/ca\/wp-json\/wp\/v2\/media?parent=254454"}],"wp:term":[{"taxonomy":"category","embeddable":true,"href":"https:\/\/disteco.com\/ca\/wp-json\/wp\/v2\/categories?post=254454"},{"taxonomy":"post_tag","embeddable":true,"href":"https:\/\/disteco.com\/ca\/wp-json\/wp\/v2\/tags?post=254454"}],"curies":[{"name":"wp","href":"https:\/\/api.w.org\/{rel}","templated":true}]}}