{"id":253135,"date":"2024-02-02T05:00:00","date_gmt":"2024-02-02T05:00:00","guid":{"rendered":"https:\/\/disteco.com\/?p=253135"},"modified":"2024-02-02T09:13:36","modified_gmt":"2024-02-02T09:13:36","slug":"vermut-una-eleccio-ideal-per-a-aperitius","status":"publish","type":"post","link":"https:\/\/disteco.com\/ca\/vermut-una-eleccio-ideal-per-a-aperitius\/","title":{"rendered":"Vermut, una elecci\u00f3 ideal per a aperitius"},"content":{"rendered":"\n<figure class=\"wp-block-image size-large\"><img loading=\"lazy\" decoding=\"async\" width=\"1024\" height=\"577\" src=\"https:\/\/disteco.com\/wp-content\/uploads\/2019\/04\/vermut-una-bebida-de-moda-1024x577.jpg\" alt=\"Vermut, una bebida ideal\" class=\"wp-image-210244\" srcset=\"https:\/\/disteco.com\/wp-content\/uploads\/2019\/04\/vermut-una-bebida-de-moda-1024x577.jpg 1024w, https:\/\/disteco.com\/wp-content\/uploads\/2019\/04\/vermut-una-bebida-de-moda-300x169.jpg 300w, https:\/\/disteco.com\/wp-content\/uploads\/2019\/04\/vermut-una-bebida-de-moda-768x432.jpg 768w, https:\/\/disteco.com\/wp-content\/uploads\/2019\/04\/vermut-una-bebida-de-moda-1080x608.jpg 1080w, https:\/\/disteco.com\/wp-content\/uploads\/2019\/04\/vermut-una-bebida-de-moda.jpg 1920w\" sizes=\"(max-width: 1024px) 100vw, 1024px\" \/><\/figure>\n\n\n<h6><em><span style=\"color: #cc0000;\">Vermut, una elecci\u00f3 ideal per a aperitius<\/span><\/em><\/h6>\n<h1>\u00a0<\/h1>\n<h1><span style=\"color: #000000;\"><strong>El Vermut, una beguda sempre de moda, \u00e9s una elecci\u00f3 ideal per als aperitius<\/strong><\/span><\/h1>\n<p>Amb l&#8217;arribada del bon temps, cada cop m\u00e9s persones redescobreixen el plaer del vermut, una beguda per a aperitius que ofereix un sabor caracter\u00edstic, tradicional i refrescant.<\/p>\n<blockquote>\n<h3>El vermut, en ess\u00e8ncia, \u00e9s una beguda amarga elaborada a partir de vi aromatitzat amb una barreja d&#8217;herbes i esp\u00e8cies seleccionades amb cura.<\/h3>\n<\/blockquote>\n<p>Tradicionalment gaudit com a aperitiu, el vermut es presta a infinites combinacions, especialment real\u00e7at amb c\u00edtrics per destacar la seva qualitat refrescant, perfecta per estimular la gana abans del menjar.<\/p>\n<p>Aquesta tradici\u00f3 t\u00e9 les seves arrels en maceracions de vi amb donzell i dictam que es remunten a fa uns quants segles. La industrialitzaci\u00f3 per part d&#8217;italians i francesos va incorporar altres fruits i aromatitzants a aquesta maceraci\u00f3, enriquint encara m\u00e9s la diversitat de sabors.<\/p>\n<h2>\u00a0<\/h2>\n<h2><span style=\"color: #000000;\"><strong>Tipus de vermut per a aperitius refrescants<\/strong><\/span><\/h2>\n<p>Encara que hi ha marques reconegudes, cada cop prenen m\u00e9s rellev\u00e0ncia aquelles que aposten per elaboracions especials i artesanals.<\/p>\n<p>Al mercat, hi ha tres grans classes de vermut:<\/p>\n<ul>\n<li><strong>Vermut vermell:<\/strong> Disponible en variants itali\u00e0, m\u00e9s amarg, i espanyol, m\u00e9s dol\u00e7.<\/li>\n<li><strong>Vermut blanc:<\/strong> Conegut com a vermut franc\u00e8s, \u00e9s sec i presenta una graduaci\u00f3 alcoh\u00f2lica m\u00e9s gran que l&#8217;itali\u00e0.<\/li>\n<li><strong>Vermut rosat:<\/strong> Elaborat amb vi rosat, \u00e9s el m\u00e9s suau de tots, amb un toc floral perfecte per acompanyar aperitius a base de marisc.<\/li>\n<\/ul>\n<p>Les esp\u00e8cies utilitzades poden variar entre les classes de vermut, per\u00f2 el donzell (en alemany wermut) \u00e9s una pres\u00e8ncia constant, sent l&#8217;herba que d\u00f3na nom a aquest tipus de begudes.<\/p>\n<h2>\u00a0<\/h2>\n<h2><span style=\"color: #000000;\"><strong>Vermut La Rivera<\/strong><\/span><\/h2>\n<p><strong>A <span style=\"color: #cc0000;\"><a style=\"color: #cc0000;\" href=\"https:\/\/disteco.com\/\" target=\"_blank\" rel=\"noopener\">Grup Alimentari Disteco<\/a>,<\/span> us presentem <a href=\"\/ca?page_id=210288\" target=\"_blank\" rel=\"noopener\"><span style=\"color: #cc0000;\">La Rivera<\/span><\/a>, un vermut elaborat a partir de ll\u00fapol gallec que es presenta marr\u00f3 fosc amb reflexes rogencs d&#8217;aspecte brillant .<\/strong><\/p>\n<p><a href=\"\/?page_id=210287\" target=\"_blank\" rel=\"noopener\">La Rivera \u00e9s un vermut<\/a> que es distingeix pel seu complex sabor i aroma, fusionant bot\u00e0nics com Artemisa, Ajenjos , Lliri de Flor\u00e8ncia i Herba de Sant Joan, amb un toc \u00fanic proporcionat pel ll\u00fapol de la varietat Cascade, cultivat amb cura a Gal\u00edcia.<\/p>\n<p>Presentat en una ampolla de 75 cl amb un disseny cl\u00e0ssic i retro, el Vermut Rivera busca no nom\u00e9s delectar el <strong>paladar,<\/strong> sin\u00f3 tamb\u00e9 promoure valors de sostenibilitat. El tap mec\u00e0nic facilita la reobertura, fomentant la reutilitzaci\u00f3 de l&#8217;env\u00e0s despr\u00e9s de gaudir del producte.<\/p>\n<blockquote>\n<h3>El vermut, una beguda d&#8217;eleg\u00e0ncia i llarga tradici\u00f3, ha recobrat el seu lloc a l&#8217;hora de l&#8217;aperitiu i \u00e9s un complement perfecte per a la cocteleria.<\/h3>\n<\/blockquote>\n<p>La seva f\u00f3rmula b\u00e0sica es remunta a l&#8217;antiguitat hel\u00b7l\u00e8nica, encara que la seva comercialitzaci\u00f3 es va iniciar a It\u00e0lia abans de conquerir paladars a tot el m\u00f3n.<\/p>\n<p>Les varietats de ra\u00efm utilitzades li confereixen un segell distintiu, i la seva maceraci\u00f3 amb s\u00e0lvia, marduix, herba llu\u00efsa, artemisa, canyella i vainilla en bocois de fusta aporta frescor i aroma \u00fanics.<\/p>\n<p>A m\u00e9s, el vermut es presenta en formats en caixes de 5 i 10 litres, ideals per a establiments d&#8217;hostaleria o com a complement en cistelles de regal per a ocasions especials. Descobreix la versatilitat i la qualitat de La Rivera i fes del vermut el protagonista dels teus moments m\u00e9s especials.<\/p>","protected":false},"excerpt":{"rendered":"<p>El Vermut, una beguda sempre de moda, \u00e9s una elecci\u00f3 ideal per als aperitius. Amb l&#8217;arribada del bon temps, cada cop m\u00e9s persones redescobreixen el plaer del vermut,<\/p>\n","protected":false},"author":1,"featured_media":210245,"comment_status":"closed","ping_status":"closed","sticky":false,"template":"","format":"image","meta":{"_et_pb_use_builder":"off","_et_pb_old_content":"","_et_gb_content_width":"","footnotes":""},"categories":[43],"tags":[431,72,117,282,121,829,830],"class_list":["post-253135","post","type-post","status-publish","format-image","has-post-thumbnail","hentry","category-ultimes-noticies","tag-begudes-fermentades","tag-disteco-ca-2","tag-distribucio-alimentaria","tag-distribucio-de-begudes","tag-gad-ca-2","tag-vermut-ca","tag-vermut-la-rivera-ca","post_format-post-format-image"],"yoast_head":"<!-- This site is optimized with the Yoast SEO plugin v26.9 - https:\/\/yoast.com\/product\/yoast-seo-wordpress\/ -->\n<title>Vermut, una elecci\u00f3 ideal per a aperitius - GRUP ALIMENTARI DISTECO<\/title>\n<meta name=\"description\" content=\"El vermut \u00e9s una beguda amarga elaborada a partir de vi aromatitzat amb una barreja d&#039;herbes i esp\u00e8cies seleccionades.\" \/>\n<meta name=\"robots\" content=\"index, follow, max-snippet:-1, max-image-preview:large, max-video-preview:-1\" \/>\n<link rel=\"canonical\" href=\"https:\/\/disteco.com\/ca\/vermut-una-eleccio-ideal-per-a-aperitius\/\" \/>\n<meta property=\"og:locale\" content=\"ca_ES\" \/>\n<meta property=\"og:type\" content=\"article\" \/>\n<meta property=\"og:title\" content=\"Vermut, una elecci\u00f3 ideal per a aperitius - GRUP ALIMENTARI DISTECO\" \/>\n<meta property=\"og:description\" content=\"El vermut \u00e9s una beguda amarga elaborada a partir de vi aromatitzat amb una barreja d&#039;herbes i esp\u00e8cies seleccionades.\" \/>\n<meta property=\"og:url\" content=\"https:\/\/disteco.com\/ca\/vermut-una-eleccio-ideal-per-a-aperitius\/\" \/>\n<meta property=\"og:site_name\" content=\"GRUP ALIMENTARI DISTECO\" \/>\n<meta property=\"article:publisher\" content=\"https:\/\/www.facebook.com\/grupalimentaridisteco\/\" \/>\n<meta property=\"article:published_time\" content=\"2024-02-02T05:00:00+00:00\" \/>\n<meta property=\"article:modified_time\" content=\"2024-02-02T09:13:36+00:00\" \/>\n<meta property=\"og:image\" content=\"https:\/\/disteco.com\/wp-content\/uploads\/2019\/04\/vermut-una-bebida-de-moda.jpg\" \/>\n\t<meta property=\"og:image:width\" content=\"1920\" \/>\n\t<meta property=\"og:image:height\" content=\"1081\" \/>\n\t<meta property=\"og:image:type\" content=\"image\/jpeg\" \/>\n<meta name=\"author\" content=\"GAD\" \/>\n<meta name=\"twitter:card\" content=\"summary_large_image\" \/>\n<meta name=\"twitter:creator\" content=\"@DistecoGrup\" \/>\n<meta name=\"twitter:site\" content=\"@DistecoGrup\" \/>\n<meta name=\"twitter:label1\" content=\"Escrit per\" \/>\n\t<meta name=\"twitter:data1\" content=\"GAD\" \/>\n\t<meta name=\"twitter:label2\" content=\"Temps estimat de lectura\" \/>\n\t<meta name=\"twitter:data2\" content=\"3 minut\" \/>\n<script type=\"application\/ld+json\" class=\"yoast-schema-graph\">{\"@context\":\"https:\/\/schema.org\",\"@graph\":[{\"@type\":\"Article\",\"@id\":\"https:\/\/disteco.com\/ca\/vermut-una-eleccio-ideal-per-a-aperitius\/#article\",\"isPartOf\":{\"@id\":\"https:\/\/disteco.com\/ca\/vermut-una-eleccio-ideal-per-a-aperitius\/\"},\"author\":{\"name\":\"GAD\",\"@id\":\"https:\/\/disteco.com\/ca\/#\/schema\/person\/4ea51f932b94228a72ce3c6332cfd3c0\"},\"headline\":\"Vermut, una elecci\u00f3 ideal per a aperitius\",\"datePublished\":\"2024-02-02T05:00:00+00:00\",\"dateModified\":\"2024-02-02T09:13:36+00:00\",\"mainEntityOfPage\":{\"@id\":\"https:\/\/disteco.com\/ca\/vermut-una-eleccio-ideal-per-a-aperitius\/\"},\"wordCount\":574,\"publisher\":{\"@id\":\"https:\/\/disteco.com\/ca\/#organization\"},\"image\":{\"@id\":\"https:\/\/disteco.com\/ca\/vermut-una-eleccio-ideal-per-a-aperitius\/#primaryimage\"},\"thumbnailUrl\":\"https:\/\/disteco.com\/wp-content\/uploads\/2019\/04\/vermut-una-bebida-de-moda.jpg\",\"keywords\":[\"begudes fermentades\",\"Disteco\",\"distribuci\u00f3 alimentaria\",\"distribuci\u00f3 de begudes\",\"GAD\",\"Vermut\",\"Vermut La Rivera\"],\"articleSection\":[\"\u00daltimes not\u00edcies\"],\"inLanguage\":\"ca\"},{\"@type\":\"WebPage\",\"@id\":\"https:\/\/disteco.com\/ca\/vermut-una-eleccio-ideal-per-a-aperitius\/\",\"url\":\"https:\/\/disteco.com\/ca\/vermut-una-eleccio-ideal-per-a-aperitius\/\",\"name\":\"Vermut, una elecci\u00f3 ideal per a aperitius - GRUP ALIMENTARI DISTECO\",\"isPartOf\":{\"@id\":\"https:\/\/disteco.com\/ca\/#website\"},\"primaryImageOfPage\":{\"@id\":\"https:\/\/disteco.com\/ca\/vermut-una-eleccio-ideal-per-a-aperitius\/#primaryimage\"},\"image\":{\"@id\":\"https:\/\/disteco.com\/ca\/vermut-una-eleccio-ideal-per-a-aperitius\/#primaryimage\"},\"thumbnailUrl\":\"https:\/\/disteco.com\/wp-content\/uploads\/2019\/04\/vermut-una-bebida-de-moda.jpg\",\"datePublished\":\"2024-02-02T05:00:00+00:00\",\"dateModified\":\"2024-02-02T09:13:36+00:00\",\"description\":\"El vermut \u00e9s una beguda amarga elaborada a partir de vi aromatitzat amb una barreja d'herbes i esp\u00e8cies seleccionades.\",\"breadcrumb\":{\"@id\":\"https:\/\/disteco.com\/ca\/vermut-una-eleccio-ideal-per-a-aperitius\/#breadcrumb\"},\"inLanguage\":\"ca\",\"potentialAction\":[{\"@type\":\"ReadAction\",\"target\":[\"https:\/\/disteco.com\/ca\/vermut-una-eleccio-ideal-per-a-aperitius\/\"]}]},{\"@type\":\"ImageObject\",\"inLanguage\":\"ca\",\"@id\":\"https:\/\/disteco.com\/ca\/vermut-una-eleccio-ideal-per-a-aperitius\/#primaryimage\",\"url\":\"https:\/\/disteco.com\/wp-content\/uploads\/2019\/04\/vermut-una-bebida-de-moda.jpg\",\"contentUrl\":\"https:\/\/disteco.com\/wp-content\/uploads\/2019\/04\/vermut-una-bebida-de-moda.jpg\",\"width\":1920,\"height\":1081,\"caption\":\"Vermut, \u00bfuna bebida de moda para aperitivos?\"},{\"@type\":\"BreadcrumbList\",\"@id\":\"https:\/\/disteco.com\/ca\/vermut-una-eleccio-ideal-per-a-aperitius\/#breadcrumb\",\"itemListElement\":[{\"@type\":\"ListItem\",\"position\":1,\"name\":\"Portada\",\"item\":\"https:\/\/disteco.com\/ca\/\"},{\"@type\":\"ListItem\",\"position\":2,\"name\":\"Vermut, una elecci\u00f3 ideal per a aperitius\"}]},{\"@type\":\"WebSite\",\"@id\":\"https:\/\/disteco.com\/ca\/#website\",\"url\":\"https:\/\/disteco.com\/ca\/\",\"name\":\"GRUP ALIMENTARI DISTECO\",\"description\":\"Distribuci\u00f3 aliment\u00e0ria de productes d'alta qualitat\",\"publisher\":{\"@id\":\"https:\/\/disteco.com\/ca\/#organization\"},\"potentialAction\":[{\"@type\":\"SearchAction\",\"target\":{\"@type\":\"EntryPoint\",\"urlTemplate\":\"https:\/\/disteco.com\/ca\/?s={search_term_string}\"},\"query-input\":{\"@type\":\"PropertyValueSpecification\",\"valueRequired\":true,\"valueName\":\"search_term_string\"}}],\"inLanguage\":\"ca\"},{\"@type\":\"Organization\",\"@id\":\"https:\/\/disteco.com\/ca\/#organization\",\"name\":\"GRUP ALIMENTARI DISTECO\",\"url\":\"https:\/\/disteco.com\/ca\/\",\"logo\":{\"@type\":\"ImageObject\",\"inLanguage\":\"ca\",\"@id\":\"https:\/\/disteco.com\/ca\/#\/schema\/logo\/image\/\",\"url\":\"https:\/\/disteco.com\/wp-content\/uploads\/2017\/03\/logo-grup-alimentari-disteco.png\",\"contentUrl\":\"https:\/\/disteco.com\/wp-content\/uploads\/2017\/03\/logo-grup-alimentari-disteco.png\",\"width\":600,\"height\":61,\"caption\":\"GRUP ALIMENTARI DISTECO\"},\"image\":{\"@id\":\"https:\/\/disteco.com\/ca\/#\/schema\/logo\/image\/\"},\"sameAs\":[\"https:\/\/www.facebook.com\/grupalimentaridisteco\/\",\"https:\/\/x.com\/DistecoGrup\",\"https:\/\/www.instagram.com\/gadisteco\/\",\"https:\/\/www.linkedin.com\/company\/grup-alimentari-disteco\/\",\"https:\/\/www.youtube.com\/@grupalimentaridisteco572\"]},{\"@type\":\"Person\",\"@id\":\"https:\/\/disteco.com\/ca\/#\/schema\/person\/4ea51f932b94228a72ce3c6332cfd3c0\",\"name\":\"GAD\",\"image\":{\"@type\":\"ImageObject\",\"inLanguage\":\"ca\",\"@id\":\"https:\/\/disteco.com\/ca\/#\/schema\/person\/image\/\",\"url\":\"https:\/\/secure.gravatar.com\/avatar\/c03aafdc2e714d25acb2f145eda11ecc45ef17c5219efd6cfba9f6a37f404cfe?s=96&d=mm&r=g\",\"contentUrl\":\"https:\/\/secure.gravatar.com\/avatar\/c03aafdc2e714d25acb2f145eda11ecc45ef17c5219efd6cfba9f6a37f404cfe?s=96&d=mm&r=g\",\"caption\":\"GAD\"},\"url\":\"https:\/\/disteco.com\/ca\/author\/baraka\/\"}]}<\/script>\n<!-- \/ Yoast SEO plugin. -->","yoast_head_json":{"title":"Vermut, una elecci\u00f3 ideal per a aperitius - GRUP ALIMENTARI DISTECO","description":"El vermut \u00e9s una beguda amarga elaborada a partir de vi aromatitzat amb una barreja d'herbes i esp\u00e8cies seleccionades.","robots":{"index":"index","follow":"follow","max-snippet":"max-snippet:-1","max-image-preview":"max-image-preview:large","max-video-preview":"max-video-preview:-1"},"canonical":"https:\/\/disteco.com\/ca\/vermut-una-eleccio-ideal-per-a-aperitius\/","og_locale":"ca_ES","og_type":"article","og_title":"Vermut, una elecci\u00f3 ideal per a aperitius - GRUP ALIMENTARI DISTECO","og_description":"El vermut \u00e9s una beguda amarga elaborada a partir de vi aromatitzat amb una barreja d'herbes i esp\u00e8cies seleccionades.","og_url":"https:\/\/disteco.com\/ca\/vermut-una-eleccio-ideal-per-a-aperitius\/","og_site_name":"GRUP ALIMENTARI DISTECO","article_publisher":"https:\/\/www.facebook.com\/grupalimentaridisteco\/","article_published_time":"2024-02-02T05:00:00+00:00","article_modified_time":"2024-02-02T09:13:36+00:00","og_image":[{"width":1920,"height":1081,"url":"https:\/\/disteco.com\/wp-content\/uploads\/2019\/04\/vermut-una-bebida-de-moda.jpg","type":"image\/jpeg"}],"author":"GAD","twitter_card":"summary_large_image","twitter_creator":"@DistecoGrup","twitter_site":"@DistecoGrup","twitter_misc":{"Escrit per":"GAD","Temps estimat de lectura":"3 minut"},"schema":{"@context":"https:\/\/schema.org","@graph":[{"@type":"Article","@id":"https:\/\/disteco.com\/ca\/vermut-una-eleccio-ideal-per-a-aperitius\/#article","isPartOf":{"@id":"https:\/\/disteco.com\/ca\/vermut-una-eleccio-ideal-per-a-aperitius\/"},"author":{"name":"GAD","@id":"https:\/\/disteco.com\/ca\/#\/schema\/person\/4ea51f932b94228a72ce3c6332cfd3c0"},"headline":"Vermut, una elecci\u00f3 ideal per a aperitius","datePublished":"2024-02-02T05:00:00+00:00","dateModified":"2024-02-02T09:13:36+00:00","mainEntityOfPage":{"@id":"https:\/\/disteco.com\/ca\/vermut-una-eleccio-ideal-per-a-aperitius\/"},"wordCount":574,"publisher":{"@id":"https:\/\/disteco.com\/ca\/#organization"},"image":{"@id":"https:\/\/disteco.com\/ca\/vermut-una-eleccio-ideal-per-a-aperitius\/#primaryimage"},"thumbnailUrl":"https:\/\/disteco.com\/wp-content\/uploads\/2019\/04\/vermut-una-bebida-de-moda.jpg","keywords":["begudes fermentades","Disteco","distribuci\u00f3 alimentaria","distribuci\u00f3 de begudes","GAD","Vermut","Vermut La Rivera"],"articleSection":["\u00daltimes not\u00edcies"],"inLanguage":"ca"},{"@type":"WebPage","@id":"https:\/\/disteco.com\/ca\/vermut-una-eleccio-ideal-per-a-aperitius\/","url":"https:\/\/disteco.com\/ca\/vermut-una-eleccio-ideal-per-a-aperitius\/","name":"Vermut, una elecci\u00f3 ideal per a aperitius - GRUP ALIMENTARI DISTECO","isPartOf":{"@id":"https:\/\/disteco.com\/ca\/#website"},"primaryImageOfPage":{"@id":"https:\/\/disteco.com\/ca\/vermut-una-eleccio-ideal-per-a-aperitius\/#primaryimage"},"image":{"@id":"https:\/\/disteco.com\/ca\/vermut-una-eleccio-ideal-per-a-aperitius\/#primaryimage"},"thumbnailUrl":"https:\/\/disteco.com\/wp-content\/uploads\/2019\/04\/vermut-una-bebida-de-moda.jpg","datePublished":"2024-02-02T05:00:00+00:00","dateModified":"2024-02-02T09:13:36+00:00","description":"El vermut \u00e9s una beguda amarga elaborada a partir de vi aromatitzat amb una barreja d'herbes i esp\u00e8cies seleccionades.","breadcrumb":{"@id":"https:\/\/disteco.com\/ca\/vermut-una-eleccio-ideal-per-a-aperitius\/#breadcrumb"},"inLanguage":"ca","potentialAction":[{"@type":"ReadAction","target":["https:\/\/disteco.com\/ca\/vermut-una-eleccio-ideal-per-a-aperitius\/"]}]},{"@type":"ImageObject","inLanguage":"ca","@id":"https:\/\/disteco.com\/ca\/vermut-una-eleccio-ideal-per-a-aperitius\/#primaryimage","url":"https:\/\/disteco.com\/wp-content\/uploads\/2019\/04\/vermut-una-bebida-de-moda.jpg","contentUrl":"https:\/\/disteco.com\/wp-content\/uploads\/2019\/04\/vermut-una-bebida-de-moda.jpg","width":1920,"height":1081,"caption":"Vermut, \u00bfuna bebida de moda para aperitivos?"},{"@type":"BreadcrumbList","@id":"https:\/\/disteco.com\/ca\/vermut-una-eleccio-ideal-per-a-aperitius\/#breadcrumb","itemListElement":[{"@type":"ListItem","position":1,"name":"Portada","item":"https:\/\/disteco.com\/ca\/"},{"@type":"ListItem","position":2,"name":"Vermut, una elecci\u00f3 ideal per a aperitius"}]},{"@type":"WebSite","@id":"https:\/\/disteco.com\/ca\/#website","url":"https:\/\/disteco.com\/ca\/","name":"GRUP ALIMENTARI DISTECO","description":"Distribuci\u00f3 aliment\u00e0ria de productes d'alta qualitat","publisher":{"@id":"https:\/\/disteco.com\/ca\/#organization"},"potentialAction":[{"@type":"SearchAction","target":{"@type":"EntryPoint","urlTemplate":"https:\/\/disteco.com\/ca\/?s={search_term_string}"},"query-input":{"@type":"PropertyValueSpecification","valueRequired":true,"valueName":"search_term_string"}}],"inLanguage":"ca"},{"@type":"Organization","@id":"https:\/\/disteco.com\/ca\/#organization","name":"GRUP ALIMENTARI DISTECO","url":"https:\/\/disteco.com\/ca\/","logo":{"@type":"ImageObject","inLanguage":"ca","@id":"https:\/\/disteco.com\/ca\/#\/schema\/logo\/image\/","url":"https:\/\/disteco.com\/wp-content\/uploads\/2017\/03\/logo-grup-alimentari-disteco.png","contentUrl":"https:\/\/disteco.com\/wp-content\/uploads\/2017\/03\/logo-grup-alimentari-disteco.png","width":600,"height":61,"caption":"GRUP ALIMENTARI DISTECO"},"image":{"@id":"https:\/\/disteco.com\/ca\/#\/schema\/logo\/image\/"},"sameAs":["https:\/\/www.facebook.com\/grupalimentaridisteco\/","https:\/\/x.com\/DistecoGrup","https:\/\/www.instagram.com\/gadisteco\/","https:\/\/www.linkedin.com\/company\/grup-alimentari-disteco\/","https:\/\/www.youtube.com\/@grupalimentaridisteco572"]},{"@type":"Person","@id":"https:\/\/disteco.com\/ca\/#\/schema\/person\/4ea51f932b94228a72ce3c6332cfd3c0","name":"GAD","image":{"@type":"ImageObject","inLanguage":"ca","@id":"https:\/\/disteco.com\/ca\/#\/schema\/person\/image\/","url":"https:\/\/secure.gravatar.com\/avatar\/c03aafdc2e714d25acb2f145eda11ecc45ef17c5219efd6cfba9f6a37f404cfe?s=96&d=mm&r=g","contentUrl":"https:\/\/secure.gravatar.com\/avatar\/c03aafdc2e714d25acb2f145eda11ecc45ef17c5219efd6cfba9f6a37f404cfe?s=96&d=mm&r=g","caption":"GAD"},"url":"https:\/\/disteco.com\/ca\/author\/baraka\/"}]}},"_links":{"self":[{"href":"https:\/\/disteco.com\/ca\/wp-json\/wp\/v2\/posts\/253135","targetHints":{"allow":["GET"]}}],"collection":[{"href":"https:\/\/disteco.com\/ca\/wp-json\/wp\/v2\/posts"}],"about":[{"href":"https:\/\/disteco.com\/ca\/wp-json\/wp\/v2\/types\/post"}],"author":[{"embeddable":true,"href":"https:\/\/disteco.com\/ca\/wp-json\/wp\/v2\/users\/1"}],"replies":[{"embeddable":true,"href":"https:\/\/disteco.com\/ca\/wp-json\/wp\/v2\/comments?post=253135"}],"version-history":[{"count":6,"href":"https:\/\/disteco.com\/ca\/wp-json\/wp\/v2\/posts\/253135\/revisions"}],"predecessor-version":[{"id":253144,"href":"https:\/\/disteco.com\/ca\/wp-json\/wp\/v2\/posts\/253135\/revisions\/253144"}],"wp:featuredmedia":[{"embeddable":true,"href":"https:\/\/disteco.com\/ca\/wp-json\/wp\/v2\/media\/210245"}],"wp:attachment":[{"href":"https:\/\/disteco.com\/ca\/wp-json\/wp\/v2\/media?parent=253135"}],"wp:term":[{"taxonomy":"category","embeddable":true,"href":"https:\/\/disteco.com\/ca\/wp-json\/wp\/v2\/categories?post=253135"},{"taxonomy":"post_tag","embeddable":true,"href":"https:\/\/disteco.com\/ca\/wp-json\/wp\/v2\/tags?post=253135"}],"curies":[{"name":"wp","href":"https:\/\/api.w.org\/{rel}","templated":true}]}}