{"id":251725,"date":"2023-04-21T07:05:00","date_gmt":"2023-04-21T07:05:00","guid":{"rendered":"https:\/\/disteco.com\/?p=251725"},"modified":"2023-04-22T09:01:32","modified_gmt":"2023-04-22T09:01:32","slug":"sant-jordi-amb-una-estrella-galicia","status":"publish","type":"post","link":"https:\/\/disteco.com\/ca\/sant-jordi-amb-una-estrella-galicia\/","title":{"rendered":"Sant Jordi amb una Estrella Galicia"},"content":{"rendered":"\n<figure class=\"wp-block-image size-full\"><img loading=\"lazy\" decoding=\"async\" width=\"550\" height=\"691\" src=\"https:\/\/disteco.com\/wp-content\/uploads\/2024\/04\/sant-jordi-con-una-estrella-galicia.jpg\" alt=\"Estrella Galicia celebra Sant Jordi con una edici\u00f3n especial\" class=\"wp-image-251719\" srcset=\"https:\/\/disteco.com\/wp-content\/uploads\/2024\/04\/sant-jordi-con-una-estrella-galicia.jpg 550w, https:\/\/disteco.com\/wp-content\/uploads\/2024\/04\/sant-jordi-con-una-estrella-galicia-480x603.jpg 480w\" sizes=\"(min-width: 0px) and (max-width: 480px) 480px, (min-width: 481px) 550px, 100vw\" \/><\/figure>\n\n\n<h6><span style=\"color: #cc0000;\"><em>Sant Jordi amb una Estrella Gal\u00edcia<\/em><\/span><\/h6>\n<p>\u00a0<\/p>\n<h1><strong><span style=\"color: #000000;\">Aquest any Estrella Galicia celebra Sant Jordi amb una edici\u00f3 especial a les seves ampolles\u00a0<\/span><\/strong><\/h1>\n<blockquote>\n<h3>L&#8217;etiqueta ha estat dissenyada per l&#8217;artista Branda, i representa Sant Jordi i el drac ballant per exal\u00e7ar el car\u00e0cter festiu de la data amb el lema Aixeca&#8217;t i gaudeix!<\/h3>\n<\/blockquote>\n<p>Estrella Galicia cada any llan\u00e7a edicions especials per celebrar diferents festivitats, i aquest any, per honrar Sant Jordi, patr\u00f3 de Catalunya, van llan\u00e7ar una edici\u00f3 especial d&#8217;Estrella Galicia dedicada als consumidors catalans.<\/p>\n<p>En aquesta edici\u00f3 especial per a Sant Jordi es presenta un disseny d&#8217;ampolla exclusiu amb detalls en daurat i vermell, els colors tradicionals de la festivitat.<\/p>\n<p>L&#8217;ampolla tamb\u00e9 compta amb un dibuix del drac i Sant Jordi, dos dels protagonistes de la llegenda, per\u00f2 on Branda, l&#8217;artista gallec establert a Barcelona, fa una reinterpretaci\u00f3 personal en el disseny d&#8217;aquestes etiquetes.<\/p>\n<p>A l&#8217;etiqueta d&#8217;aquesta Estrella Gal\u00edcia es veu Sant Jordi i el drac ballant en lloc de lluitar, <strong>&#8220;en una reinterpretaci\u00f3 del mite molt m\u00e9s festiva i alegre, que fa refer\u00e8ncia al ball com a element d&#8217;uni\u00f3, comunicaci\u00f3 i expressi\u00f3 cultural&#8221;.<\/strong><\/p>\n<p>Segons la pr\u00f2pia <span style=\"color: #cc0000;\"><a style=\"color: #cc0000;\" href=\"https:\/\/estrellagalicia.es\/edicion-especial\/cataluna\/\" target=\"_blank\" rel=\"noopener\">Estrella Galicia, font:<\/a><\/span><\/p>\n<blockquote>\n<h3><em>&#8220;En la historia que cuenta nuestra botella existe un caballero, pero no de los que vienen a salvar a la princesa o a combatir al drag\u00f3n.<\/em><\/h3>\n<h3><em> El nuestro es un caballero que baila, que celebra, que disfruta la fiesta. <\/em><em>Y no solo la disfruta, sino que hace a los dem\u00e1s bailar, celebrar, y tomarse unas birras alrededor de esta cerveza.&#8221;<\/em><\/h3>\n<\/blockquote>\n<h2>\u00a0<\/h2>\n<h2><span style=\"color: #000000;\"><strong>El mite de Sant Jordi a Catalunya<\/strong><\/span><\/h2>\n<p>Explica la llegenda que un drac terroritzava un poble catal\u00e0 i exigia que li lliuressin un \u00e9sser hum\u00e0 al dia per poder saciar la gana.<\/p>\n<p>Un dia, la princesa del poble va ser l&#8217;escollida per ser entregada al drac, per\u00f2 Sant Jordi va apar\u00e8ixer al seu cavall blanc i va lluitar contra el drac, matant-lo i salvant la princesa. De la sang vessada del drac va brollar un roser, i Sant Jordi li va donar una rosa a la princesa com a mostra del seu amor.<\/p>\n<p>Sant Jordi es celebra el 23 d&#8217;abril a Catalunya i \u00e9s una de les festivitats m\u00e9s populars i estimades.<\/p>\n<p>Els carrers s&#8217;omplen de parades de llibres i roses, i les fam\u00edlies, parelles i amics s&#8217;intercanvien aquests regals com a mostra d&#8217;amor i amistat.<\/p>\n<p>\u00a0<\/p>\n<h2><strong><span style=\"color: #000000;\">L&#8217;edici\u00f3 especial d&#8217;Estrella Galicia per a Sant Jordi<\/span><\/strong><\/h2>\n<p>Altres il\u00b7lustracions que es poden veure a les etiquetes d&#8217;aquesta edici\u00f3 especial de Sant Jordi inclouen el llibre, la rosa i fins i tot els populars cal\u00e7ots, amb el lema conjunt d&#8221;Aixeca&#8217;t i gaudeix&#8217;<\/p>\n<p>Aquesta edici\u00f3 especial d&#8217;Estrella Galicia \u00e9s una excel\u00b7lent opci\u00f3 per als que volen celebrar Sant Jordi amb una cervesa excel\u00b7lent. Si teniu l&#8217;oportunitat de provar-la, no dubteu a fer-ho i gaudir d&#8217;aquesta deliciosa beguda mentre honoreu una de les festivitats m\u00e9s importants de Catalunya.<\/p>\n<p>S&#8217;han distribu\u00eft un total de 2.160.000 unitats d&#8217;aquesta edici\u00f3 especial d&#8217;Estrella Galicia a les ampolles de 33 centilitres d&#8217;aquesta edici\u00f3 especial des del 10 d&#8217;abril.<\/p>\n<blockquote>\n<h3>Des de <span style=\"color: #cc0000;\">Grup Alimentari Disteco<\/span>, com <a href=\"\/?p=248967\" target=\"_blank\" rel=\"noopener\"><span style=\"color: #cc0000;\">distribu\u00efdors d&#8217;Estrella Galicia a Barcelona<\/span><\/a>, agra\u00efm a la marca aquest homenatge a Sant Jordi.<\/h3>\n<h3>I desitgem a tots moltes roses i llibres gaudint d&#8217;una Estrella Galicia.<\/h3>\n<\/blockquote>","protected":false},"excerpt":{"rendered":"<p>Aquest any Estrella Galicia celebra Sant Jordi amb una edici\u00f3 especial a les seves ampolles.\u00a0<br \/>\nL&#8217;etiqueta ha estat dissenyada per l&#8217;artista Branda, i representa Sant Jordi i el drac ballant<\/p>\n","protected":false},"author":1,"featured_media":251720,"comment_status":"open","ping_status":"open","sticky":false,"template":"","format":"image","meta":{"_et_pb_use_builder":"","_et_pb_old_content":"","_et_gb_content_width":"","footnotes":""},"categories":[57],"tags":[431,72,282,628,629,759,760,121,186],"class_list":["post-251725","post","type-post","status-publish","format-image","has-post-thumbnail","hentry","category-novetats","tag-begudes-fermentades","tag-disteco-ca-2","tag-distribucio-de-begudes","tag-distribuidor-destrella-galicia-a-barcelona","tag-estrella-galicia-ca","tag-estrella-galicia-celebra-sant-jordi-ca","tag-estrella-galicia-edicio-especial","tag-gad-ca-2","tag-grup-alimentari-disteco-ca","post_format-post-format-image"],"yoast_head":"<!-- This site is optimized with the Yoast SEO plugin v26.9 - https:\/\/yoast.com\/product\/yoast-seo-wordpress\/ -->\n<title>Sant Jordi amb una Estrella Galicia - GADisteco<\/title>\n<meta name=\"description\" content=\"Per Sant Jordi Estrella Galicia llan\u00e7a una edici\u00f3 especial aquest any dedicada als consumidors catalans per celebrar la festivitat.\" \/>\n<meta name=\"robots\" content=\"index, follow, max-snippet:-1, max-image-preview:large, max-video-preview:-1\" \/>\n<link rel=\"canonical\" href=\"https:\/\/disteco.com\/ca\/sant-jordi-amb-una-estrella-galicia\/\" \/>\n<meta property=\"og:locale\" content=\"ca_ES\" \/>\n<meta property=\"og:type\" content=\"article\" \/>\n<meta property=\"og:title\" content=\"Sant Jordi amb una Estrella Galicia - GADisteco\" \/>\n<meta property=\"og:description\" content=\"Per Sant Jordi Estrella Galicia llan\u00e7a una edici\u00f3 especial aquest any dedicada als consumidors catalans per celebrar la festivitat.\" \/>\n<meta property=\"og:url\" content=\"https:\/\/disteco.com\/ca\/sant-jordi-amb-una-estrella-galicia\/\" \/>\n<meta property=\"og:site_name\" content=\"GRUP ALIMENTARI DISTECO\" \/>\n<meta property=\"article:publisher\" content=\"https:\/\/www.facebook.com\/grupalimentaridisteco\/\" \/>\n<meta property=\"article:published_time\" content=\"2023-04-21T07:05:00+00:00\" \/>\n<meta property=\"article:modified_time\" content=\"2023-04-22T09:01:32+00:00\" \/>\n<meta property=\"og:image\" content=\"https:\/\/disteco.com\/wp-content\/uploads\/2024\/04\/sant-jordi-con-una-estrella-galicia.jpg\" \/>\n\t<meta property=\"og:image:width\" content=\"550\" \/>\n\t<meta property=\"og:image:height\" content=\"691\" \/>\n\t<meta property=\"og:image:type\" content=\"image\/jpeg\" \/>\n<meta name=\"author\" content=\"GAD\" \/>\n<meta name=\"twitter:card\" content=\"summary_large_image\" \/>\n<meta name=\"twitter:creator\" content=\"@DistecoGrup\" \/>\n<meta name=\"twitter:site\" content=\"@DistecoGrup\" \/>\n<meta name=\"twitter:label1\" content=\"Escrit per\" \/>\n\t<meta name=\"twitter:data1\" content=\"GAD\" \/>\n\t<meta name=\"twitter:label2\" content=\"Temps estimat de lectura\" \/>\n\t<meta name=\"twitter:data2\" content=\"3 minut\" \/>\n<script type=\"application\/ld+json\" class=\"yoast-schema-graph\">{\"@context\":\"https:\/\/schema.org\",\"@graph\":[{\"@type\":\"Article\",\"@id\":\"https:\/\/disteco.com\/ca\/sant-jordi-amb-una-estrella-galicia\/#article\",\"isPartOf\":{\"@id\":\"https:\/\/disteco.com\/ca\/sant-jordi-amb-una-estrella-galicia\/\"},\"author\":{\"name\":\"GAD\",\"@id\":\"https:\/\/disteco.com\/ca\/#\/schema\/person\/4ea51f932b94228a72ce3c6332cfd3c0\"},\"headline\":\"Sant Jordi amb una Estrella Galicia\",\"datePublished\":\"2023-04-21T07:05:00+00:00\",\"dateModified\":\"2023-04-22T09:01:32+00:00\",\"mainEntityOfPage\":{\"@id\":\"https:\/\/disteco.com\/ca\/sant-jordi-amb-una-estrella-galicia\/\"},\"wordCount\":582,\"commentCount\":0,\"publisher\":{\"@id\":\"https:\/\/disteco.com\/ca\/#organization\"},\"image\":{\"@id\":\"https:\/\/disteco.com\/ca\/sant-jordi-amb-una-estrella-galicia\/#primaryimage\"},\"thumbnailUrl\":\"https:\/\/disteco.com\/wp-content\/uploads\/2024\/04\/sant-jordi-con-una-estrella-galicia.jpg\",\"keywords\":[\"begudes fermentades\",\"Disteco\",\"distribuci\u00f3 de begudes\",\"Distribu\u00efdor d&#039;Estrella Gal\u00edcia a Barcelona\",\"Estrella Galicia\",\"Estrella Galicia celebra Sant Jordi\",\"Estrella Galicia edici\u00f3 especial\",\"GAD\",\"grup alimentari disteco\"],\"articleSection\":[\"Novetats\"],\"inLanguage\":\"ca\",\"potentialAction\":[{\"@type\":\"CommentAction\",\"name\":\"Comment\",\"target\":[\"https:\/\/disteco.com\/ca\/sant-jordi-amb-una-estrella-galicia\/#respond\"]}]},{\"@type\":\"WebPage\",\"@id\":\"https:\/\/disteco.com\/ca\/sant-jordi-amb-una-estrella-galicia\/\",\"url\":\"https:\/\/disteco.com\/ca\/sant-jordi-amb-una-estrella-galicia\/\",\"name\":\"Sant Jordi amb una Estrella Galicia - GADisteco\",\"isPartOf\":{\"@id\":\"https:\/\/disteco.com\/ca\/#website\"},\"primaryImageOfPage\":{\"@id\":\"https:\/\/disteco.com\/ca\/sant-jordi-amb-una-estrella-galicia\/#primaryimage\"},\"image\":{\"@id\":\"https:\/\/disteco.com\/ca\/sant-jordi-amb-una-estrella-galicia\/#primaryimage\"},\"thumbnailUrl\":\"https:\/\/disteco.com\/wp-content\/uploads\/2024\/04\/sant-jordi-con-una-estrella-galicia.jpg\",\"datePublished\":\"2023-04-21T07:05:00+00:00\",\"dateModified\":\"2023-04-22T09:01:32+00:00\",\"description\":\"Per Sant Jordi Estrella Galicia llan\u00e7a una edici\u00f3 especial aquest any dedicada als consumidors catalans per celebrar la festivitat.\",\"breadcrumb\":{\"@id\":\"https:\/\/disteco.com\/ca\/sant-jordi-amb-una-estrella-galicia\/#breadcrumb\"},\"inLanguage\":\"ca\",\"potentialAction\":[{\"@type\":\"ReadAction\",\"target\":[\"https:\/\/disteco.com\/ca\/sant-jordi-amb-una-estrella-galicia\/\"]}]},{\"@type\":\"ImageObject\",\"inLanguage\":\"ca\",\"@id\":\"https:\/\/disteco.com\/ca\/sant-jordi-amb-una-estrella-galicia\/#primaryimage\",\"url\":\"https:\/\/disteco.com\/wp-content\/uploads\/2024\/04\/sant-jordi-con-una-estrella-galicia.jpg\",\"contentUrl\":\"https:\/\/disteco.com\/wp-content\/uploads\/2024\/04\/sant-jordi-con-una-estrella-galicia.jpg\",\"width\":550,\"height\":691,\"caption\":\"Estrella Galicia celebra Sant Jordi con una edici\u00f3n especial\"},{\"@type\":\"BreadcrumbList\",\"@id\":\"https:\/\/disteco.com\/ca\/sant-jordi-amb-una-estrella-galicia\/#breadcrumb\",\"itemListElement\":[{\"@type\":\"ListItem\",\"position\":1,\"name\":\"Portada\",\"item\":\"https:\/\/disteco.com\/ca\/\"},{\"@type\":\"ListItem\",\"position\":2,\"name\":\"Sant Jordi amb una Estrella Galicia\"}]},{\"@type\":\"WebSite\",\"@id\":\"https:\/\/disteco.com\/ca\/#website\",\"url\":\"https:\/\/disteco.com\/ca\/\",\"name\":\"GRUP ALIMENTARI DISTECO\",\"description\":\"Distribuci\u00f3 aliment\u00e0ria de productes d'alta qualitat\",\"publisher\":{\"@id\":\"https:\/\/disteco.com\/ca\/#organization\"},\"potentialAction\":[{\"@type\":\"SearchAction\",\"target\":{\"@type\":\"EntryPoint\",\"urlTemplate\":\"https:\/\/disteco.com\/ca\/?s={search_term_string}\"},\"query-input\":{\"@type\":\"PropertyValueSpecification\",\"valueRequired\":true,\"valueName\":\"search_term_string\"}}],\"inLanguage\":\"ca\"},{\"@type\":\"Organization\",\"@id\":\"https:\/\/disteco.com\/ca\/#organization\",\"name\":\"GRUP ALIMENTARI DISTECO\",\"url\":\"https:\/\/disteco.com\/ca\/\",\"logo\":{\"@type\":\"ImageObject\",\"inLanguage\":\"ca\",\"@id\":\"https:\/\/disteco.com\/ca\/#\/schema\/logo\/image\/\",\"url\":\"https:\/\/disteco.com\/wp-content\/uploads\/2017\/03\/logo-grup-alimentari-disteco.png\",\"contentUrl\":\"https:\/\/disteco.com\/wp-content\/uploads\/2017\/03\/logo-grup-alimentari-disteco.png\",\"width\":600,\"height\":61,\"caption\":\"GRUP ALIMENTARI DISTECO\"},\"image\":{\"@id\":\"https:\/\/disteco.com\/ca\/#\/schema\/logo\/image\/\"},\"sameAs\":[\"https:\/\/www.facebook.com\/grupalimentaridisteco\/\",\"https:\/\/x.com\/DistecoGrup\",\"https:\/\/www.instagram.com\/gadisteco\/\",\"https:\/\/www.linkedin.com\/company\/grup-alimentari-disteco\/\",\"https:\/\/www.youtube.com\/@grupalimentaridisteco572\"]},{\"@type\":\"Person\",\"@id\":\"https:\/\/disteco.com\/ca\/#\/schema\/person\/4ea51f932b94228a72ce3c6332cfd3c0\",\"name\":\"GAD\",\"image\":{\"@type\":\"ImageObject\",\"inLanguage\":\"ca\",\"@id\":\"https:\/\/disteco.com\/ca\/#\/schema\/person\/image\/\",\"url\":\"https:\/\/secure.gravatar.com\/avatar\/c03aafdc2e714d25acb2f145eda11ecc45ef17c5219efd6cfba9f6a37f404cfe?s=96&d=mm&r=g\",\"contentUrl\":\"https:\/\/secure.gravatar.com\/avatar\/c03aafdc2e714d25acb2f145eda11ecc45ef17c5219efd6cfba9f6a37f404cfe?s=96&d=mm&r=g\",\"caption\":\"GAD\"},\"url\":\"https:\/\/disteco.com\/ca\/author\/baraka\/\"}]}<\/script>\n<!-- \/ Yoast SEO plugin. -->","yoast_head_json":{"title":"Sant Jordi amb una Estrella Galicia - GADisteco","description":"Per Sant Jordi Estrella Galicia llan\u00e7a una edici\u00f3 especial aquest any dedicada als consumidors catalans per celebrar la festivitat.","robots":{"index":"index","follow":"follow","max-snippet":"max-snippet:-1","max-image-preview":"max-image-preview:large","max-video-preview":"max-video-preview:-1"},"canonical":"https:\/\/disteco.com\/ca\/sant-jordi-amb-una-estrella-galicia\/","og_locale":"ca_ES","og_type":"article","og_title":"Sant Jordi amb una Estrella Galicia - GADisteco","og_description":"Per Sant Jordi Estrella Galicia llan\u00e7a una edici\u00f3 especial aquest any dedicada als consumidors catalans per celebrar la festivitat.","og_url":"https:\/\/disteco.com\/ca\/sant-jordi-amb-una-estrella-galicia\/","og_site_name":"GRUP ALIMENTARI DISTECO","article_publisher":"https:\/\/www.facebook.com\/grupalimentaridisteco\/","article_published_time":"2023-04-21T07:05:00+00:00","article_modified_time":"2023-04-22T09:01:32+00:00","og_image":[{"width":550,"height":691,"url":"https:\/\/disteco.com\/wp-content\/uploads\/2024\/04\/sant-jordi-con-una-estrella-galicia.jpg","type":"image\/jpeg"}],"author":"GAD","twitter_card":"summary_large_image","twitter_creator":"@DistecoGrup","twitter_site":"@DistecoGrup","twitter_misc":{"Escrit per":"GAD","Temps estimat de lectura":"3 minut"},"schema":{"@context":"https:\/\/schema.org","@graph":[{"@type":"Article","@id":"https:\/\/disteco.com\/ca\/sant-jordi-amb-una-estrella-galicia\/#article","isPartOf":{"@id":"https:\/\/disteco.com\/ca\/sant-jordi-amb-una-estrella-galicia\/"},"author":{"name":"GAD","@id":"https:\/\/disteco.com\/ca\/#\/schema\/person\/4ea51f932b94228a72ce3c6332cfd3c0"},"headline":"Sant Jordi amb una Estrella Galicia","datePublished":"2023-04-21T07:05:00+00:00","dateModified":"2023-04-22T09:01:32+00:00","mainEntityOfPage":{"@id":"https:\/\/disteco.com\/ca\/sant-jordi-amb-una-estrella-galicia\/"},"wordCount":582,"commentCount":0,"publisher":{"@id":"https:\/\/disteco.com\/ca\/#organization"},"image":{"@id":"https:\/\/disteco.com\/ca\/sant-jordi-amb-una-estrella-galicia\/#primaryimage"},"thumbnailUrl":"https:\/\/disteco.com\/wp-content\/uploads\/2024\/04\/sant-jordi-con-una-estrella-galicia.jpg","keywords":["begudes fermentades","Disteco","distribuci\u00f3 de begudes","Distribu\u00efdor d&#039;Estrella Gal\u00edcia a Barcelona","Estrella Galicia","Estrella Galicia celebra Sant Jordi","Estrella Galicia edici\u00f3 especial","GAD","grup alimentari disteco"],"articleSection":["Novetats"],"inLanguage":"ca","potentialAction":[{"@type":"CommentAction","name":"Comment","target":["https:\/\/disteco.com\/ca\/sant-jordi-amb-una-estrella-galicia\/#respond"]}]},{"@type":"WebPage","@id":"https:\/\/disteco.com\/ca\/sant-jordi-amb-una-estrella-galicia\/","url":"https:\/\/disteco.com\/ca\/sant-jordi-amb-una-estrella-galicia\/","name":"Sant Jordi amb una Estrella Galicia - GADisteco","isPartOf":{"@id":"https:\/\/disteco.com\/ca\/#website"},"primaryImageOfPage":{"@id":"https:\/\/disteco.com\/ca\/sant-jordi-amb-una-estrella-galicia\/#primaryimage"},"image":{"@id":"https:\/\/disteco.com\/ca\/sant-jordi-amb-una-estrella-galicia\/#primaryimage"},"thumbnailUrl":"https:\/\/disteco.com\/wp-content\/uploads\/2024\/04\/sant-jordi-con-una-estrella-galicia.jpg","datePublished":"2023-04-21T07:05:00+00:00","dateModified":"2023-04-22T09:01:32+00:00","description":"Per Sant Jordi Estrella Galicia llan\u00e7a una edici\u00f3 especial aquest any dedicada als consumidors catalans per celebrar la festivitat.","breadcrumb":{"@id":"https:\/\/disteco.com\/ca\/sant-jordi-amb-una-estrella-galicia\/#breadcrumb"},"inLanguage":"ca","potentialAction":[{"@type":"ReadAction","target":["https:\/\/disteco.com\/ca\/sant-jordi-amb-una-estrella-galicia\/"]}]},{"@type":"ImageObject","inLanguage":"ca","@id":"https:\/\/disteco.com\/ca\/sant-jordi-amb-una-estrella-galicia\/#primaryimage","url":"https:\/\/disteco.com\/wp-content\/uploads\/2024\/04\/sant-jordi-con-una-estrella-galicia.jpg","contentUrl":"https:\/\/disteco.com\/wp-content\/uploads\/2024\/04\/sant-jordi-con-una-estrella-galicia.jpg","width":550,"height":691,"caption":"Estrella Galicia celebra Sant Jordi con una edici\u00f3n especial"},{"@type":"BreadcrumbList","@id":"https:\/\/disteco.com\/ca\/sant-jordi-amb-una-estrella-galicia\/#breadcrumb","itemListElement":[{"@type":"ListItem","position":1,"name":"Portada","item":"https:\/\/disteco.com\/ca\/"},{"@type":"ListItem","position":2,"name":"Sant Jordi amb una Estrella Galicia"}]},{"@type":"WebSite","@id":"https:\/\/disteco.com\/ca\/#website","url":"https:\/\/disteco.com\/ca\/","name":"GRUP ALIMENTARI DISTECO","description":"Distribuci\u00f3 aliment\u00e0ria de productes d'alta qualitat","publisher":{"@id":"https:\/\/disteco.com\/ca\/#organization"},"potentialAction":[{"@type":"SearchAction","target":{"@type":"EntryPoint","urlTemplate":"https:\/\/disteco.com\/ca\/?s={search_term_string}"},"query-input":{"@type":"PropertyValueSpecification","valueRequired":true,"valueName":"search_term_string"}}],"inLanguage":"ca"},{"@type":"Organization","@id":"https:\/\/disteco.com\/ca\/#organization","name":"GRUP ALIMENTARI DISTECO","url":"https:\/\/disteco.com\/ca\/","logo":{"@type":"ImageObject","inLanguage":"ca","@id":"https:\/\/disteco.com\/ca\/#\/schema\/logo\/image\/","url":"https:\/\/disteco.com\/wp-content\/uploads\/2017\/03\/logo-grup-alimentari-disteco.png","contentUrl":"https:\/\/disteco.com\/wp-content\/uploads\/2017\/03\/logo-grup-alimentari-disteco.png","width":600,"height":61,"caption":"GRUP ALIMENTARI DISTECO"},"image":{"@id":"https:\/\/disteco.com\/ca\/#\/schema\/logo\/image\/"},"sameAs":["https:\/\/www.facebook.com\/grupalimentaridisteco\/","https:\/\/x.com\/DistecoGrup","https:\/\/www.instagram.com\/gadisteco\/","https:\/\/www.linkedin.com\/company\/grup-alimentari-disteco\/","https:\/\/www.youtube.com\/@grupalimentaridisteco572"]},{"@type":"Person","@id":"https:\/\/disteco.com\/ca\/#\/schema\/person\/4ea51f932b94228a72ce3c6332cfd3c0","name":"GAD","image":{"@type":"ImageObject","inLanguage":"ca","@id":"https:\/\/disteco.com\/ca\/#\/schema\/person\/image\/","url":"https:\/\/secure.gravatar.com\/avatar\/c03aafdc2e714d25acb2f145eda11ecc45ef17c5219efd6cfba9f6a37f404cfe?s=96&d=mm&r=g","contentUrl":"https:\/\/secure.gravatar.com\/avatar\/c03aafdc2e714d25acb2f145eda11ecc45ef17c5219efd6cfba9f6a37f404cfe?s=96&d=mm&r=g","caption":"GAD"},"url":"https:\/\/disteco.com\/ca\/author\/baraka\/"}]}},"_links":{"self":[{"href":"https:\/\/disteco.com\/ca\/wp-json\/wp\/v2\/posts\/251725","targetHints":{"allow":["GET"]}}],"collection":[{"href":"https:\/\/disteco.com\/ca\/wp-json\/wp\/v2\/posts"}],"about":[{"href":"https:\/\/disteco.com\/ca\/wp-json\/wp\/v2\/types\/post"}],"author":[{"embeddable":true,"href":"https:\/\/disteco.com\/ca\/wp-json\/wp\/v2\/users\/1"}],"replies":[{"embeddable":true,"href":"https:\/\/disteco.com\/ca\/wp-json\/wp\/v2\/comments?post=251725"}],"version-history":[{"count":5,"href":"https:\/\/disteco.com\/ca\/wp-json\/wp\/v2\/posts\/251725\/revisions"}],"predecessor-version":[{"id":251732,"href":"https:\/\/disteco.com\/ca\/wp-json\/wp\/v2\/posts\/251725\/revisions\/251732"}],"wp:featuredmedia":[{"embeddable":true,"href":"https:\/\/disteco.com\/ca\/wp-json\/wp\/v2\/media\/251720"}],"wp:attachment":[{"href":"https:\/\/disteco.com\/ca\/wp-json\/wp\/v2\/media?parent=251725"}],"wp:term":[{"taxonomy":"category","embeddable":true,"href":"https:\/\/disteco.com\/ca\/wp-json\/wp\/v2\/categories?post=251725"},{"taxonomy":"post_tag","embeddable":true,"href":"https:\/\/disteco.com\/ca\/wp-json\/wp\/v2\/tags?post=251725"}],"curies":[{"name":"wp","href":"https:\/\/api.w.org\/{rel}","templated":true}]}}