{"id":251689,"date":"2023-04-14T10:29:00","date_gmt":"2023-04-14T10:29:00","guid":{"rendered":"https:\/\/disteco.com\/rabo-de-ternera-de-quinta-gama-natural-xef\/"},"modified":"2023-04-14T11:30:04","modified_gmt":"2023-04-14T11:30:04","slug":"cua-de-vedella-de-cinquena-gamma-natural-xef","status":"publish","type":"post","link":"https:\/\/disteco.com\/ca\/cua-de-vedella-de-cinquena-gamma-natural-xef\/","title":{"rendered":"Cua de vedella de cinquena gamma Natural Xef"},"content":{"rendered":"\n<figure class=\"wp-block-image size-large\"><img loading=\"lazy\" decoding=\"async\" width=\"1024\" height=\"651\" src=\"https:\/\/disteco.com\/wp-content\/uploads\/2023\/04\/rabo-de-ternera-de-quinta-gama-natural-xef-1024x651.jpg\" alt=\"Rabo de ternera de quinta gama en su jugo natural de Natural Xef\" class=\"wp-image-251690\" srcset=\"https:\/\/disteco.com\/wp-content\/uploads\/2023\/04\/rabo-de-ternera-de-quinta-gama-natural-xef-980x623.jpg 980w, https:\/\/disteco.com\/wp-content\/uploads\/2023\/04\/rabo-de-ternera-de-quinta-gama-natural-xef-480x305.jpg 480w\" sizes=\"(min-width: 0px) and (max-width: 480px) 480px, (min-width: 481px) and (max-width: 980px) 980px, (min-width: 981px) 1024px, 100vw\" \/><\/figure>\n\n\n<h6><strong><em><span style=\"color: #cc0000;\">Cua de vedella de cinquena gamma Natural Xef<\/span><\/em><\/strong><\/h6>\n<h1>\u00a0<\/h1>\n<h1><span style=\"color: #000000;\">Cua de vedella de cinquena gamma al seu suc natural de Natural Xef<\/span><\/h1>\n<p>Com passa amb tota recepta tradicional, hi ha tantes maneres de preparar la cua de vedella com cuiners, i \u00e9s ben sabut que, per aconseguir aquesta llisa melositat, es necessita temps de cocci\u00f3.<\/p>\n<p>Per\u00f2 no sempre hi ha temps per elaborar i mantenir aquest tipus de preparaci\u00f3, i \u00e9s per aix\u00f2 que els aliments de cinquena gamma s&#8217;instal\u00b7len com la millor alternativa a l&#8217;\u00e0mbit de la restauraci\u00f3.<\/p>\n<blockquote>\n<h3>Els <a href=\"\/?page_id=249804\" target=\"_blank\" rel=\"noopener\"><span style=\"color: #cc0000;\">productes de cinquena gamma de Natural Xef<\/span>\u00a0<\/a>s\u00f3n aliments llestos per regenerar en uns pocs minuts al forn, microones o al bany maria, i nom\u00e9s suposen preparar el plat per servir-lo com acabat de fer.<\/h3>\n<\/blockquote>\n<p>El proc\u00e9s d&#8217;elaboraci\u00f3 d&#8217;aquests aliments \u00e9s la clau: es preparen i s&#8217;envasen en una atmosfera controlada, cosa que permet mantenir el producte fins a 120 dies en el seu env\u00e0s original i sense perdre propietats organol\u00e8ptiques.<\/p>\n<p>\u00a0<\/p>\n<h2><span style=\"color: #000000;\">Idees per incloure la cua de vedella a la carta<\/span><\/h2>\n<p>Encara que es tracta d&#8217;una recepta que, sobretot per als amants de la carn, resulta oportuna a qualsevol \u00e8poca de l&#8217;any, no sempre est\u00e0 disponible al men\u00fa.<\/p>\n<p>\u00c9s clar que, per elaborar-la, suposa for\u00e7a temps i espai a la cuina, cosa que normalment no abunda i menys encara quan les temperatures no acompanyen per a plats calents.<\/p>\n<p>No obstant, la cua de vedella al seu suc de Natural Xef est\u00e0 llesta per servir-se en minuts de dues formes molt senzilles:<\/p>\n<ul>\n<li>Perforant la bossa d&#8217;embalatge original i portant-lo per 1,30 minuts al microones.<\/li>\n<li>Abocant-lo en una paella i escalfant-lo a foc mitj\u00e0 durant 3 minuts.<\/li>\n<\/ul>\n<p>Mentrestant, pots preparar la guarnici\u00f3 m\u00e9s c\u00f2moda, des de patates fregides o verdures al forn fins a uns esp\u00e0rrecs o cols de brussel\u00b7les saltejats.<\/p>\n<p><a href=\"\/?page_id=249804\" target=\"_blank\" rel=\"noopener\">La preparaci\u00f3 de<\/a><a href=\"\/?page_id=247085\" target=\"_blank\" rel=\"noopener\"> Natural Xef<\/a> ve en el seu propi suc per acompanyar cada mossegada de la melosa carn amb el sabor \u00fanic de la preparaci\u00f3 tradicional en una carn de vedella d&#8217;alta qualitat.<\/p>\n<blockquote>\n<h3><span style=\"color: #cc0000;\"><a style=\"color: #cc0000;\" href=\"https:\/\/disteco.com\/ca\/\" target=\"_blank\" rel=\"noopener\">Grup Alimentari Distecte<\/a><\/span> va fer un pas endavant com a distribu\u00efdor especialitzat en la <span style=\"color: #cc0000;\"><a style=\"color: #cc0000;\" href=\"\/?page_id=249804\" target=\"_blank\" rel=\"noopener\"> elaboraci\u00f3 dels aliments cinquena gamma Natural Xef<\/a> <\/span>amb productes de proximitat i alta qualitat.<\/h3>\n<\/blockquote>\n<div class=\"_df_book df-lite\" id=\"df_249798\"  _slug=\"214256-7-2-3-2-2-2-2-2-2-2-2-2-2-2-2-2-2\" data-title=\"rabo-ternera-natural-xef\" wpoptions=\"true\" thumbtype=\"bg\" ><\/div><script class=\"df-shortcode-script\" nowprocket type=\"application\/javascript\">window.option_df_249798 = {\"webgl\":\"false\",\"outline\":[],\"backgroundColor\":\"#FFFFF\",\"height\":\"auto\",\"duration\":\"1000\",\"autoEnableOutline\":\"false\",\"autoEnableThumbnail\":\"false\",\"overwritePDFOutline\":\"false\",\"direction\":\"1\",\"pageSize\":\"0\",\"autoPlayDuration\":\"5000\",\"source\":\"https:\\\/\\\/disteco.com\\\/wp-content\\\/uploads\\\/2022\\\/10\\\/Rabo-Ternera-2-Natural-Xef-5-gama.pdf\",\"wpOptions\":\"true\"}; if(window.DFLIP && window.DFLIP.parseBooks){window.DFLIP.parseBooks();}<\/script>","protected":false},"excerpt":{"rendered":"<p>Com passa amb tota recepta tradicional, hi ha tantes maneres de preparar la cua de vedella com cuiners, i \u00e9s ben sabut que, per aconseguir aquesta llisa melositat, es necessita temps de cocci\u00f3.<\/p>\n","protected":false},"author":1,"featured_media":251691,"comment_status":"open","ping_status":"open","sticky":false,"template":"","format":"image","meta":{"_et_pb_use_builder":"","_et_pb_old_content":"","_et_gb_content_width":"","footnotes":""},"categories":[10],"tags":[306,718,72,121,392,410,756],"class_list":["post-251689","post","type-post","status-publish","format-image","has-post-thumbnail","hentry","category-novedades","tag-cinquena-gamma","tag-cinquena-gamma-a-restaurants","tag-disteco-ca-2","tag-gad-ca-2","tag-gad-alimentacio-saludable-ca","tag-natural-xef-ca","tag-rabo-de-ternera-natural-xef-ca","post_format-post-format-image"],"yoast_head":"<!-- This site is optimized with the Yoast SEO plugin v26.9 - https:\/\/yoast.com\/product\/yoast-seo-wordpress\/ -->\n<title>Cua de vedella de cinquena gamma Natural Xef - GADisteco<\/title>\n<meta name=\"description\" content=\"La cua de vedella de cinquena gamma al seu suc natural de Natural Xef est\u00e0 llesta per servir-se en minuts al forn, microones o al bany maria\" \/>\n<meta name=\"robots\" content=\"index, follow, max-snippet:-1, max-image-preview:large, max-video-preview:-1\" \/>\n<link rel=\"canonical\" href=\"https:\/\/disteco.com\/ca\/cua-de-vedella-de-cinquena-gamma-natural-xef\/\" \/>\n<meta property=\"og:locale\" content=\"ca_ES\" \/>\n<meta property=\"og:type\" content=\"article\" \/>\n<meta property=\"og:title\" content=\"Cua de vedella de cinquena gamma Natural Xef - GADisteco\" \/>\n<meta property=\"og:description\" content=\"La cua de vedella de cinquena gamma al seu suc natural de Natural Xef est\u00e0 llesta per servir-se en minuts al forn, microones o al bany maria\" \/>\n<meta property=\"og:url\" content=\"https:\/\/disteco.com\/ca\/cua-de-vedella-de-cinquena-gamma-natural-xef\/\" \/>\n<meta property=\"og:site_name\" content=\"GRUP ALIMENTARI DISTECO\" \/>\n<meta property=\"article:publisher\" content=\"https:\/\/www.facebook.com\/grupalimentaridisteco\/\" \/>\n<meta property=\"article:published_time\" content=\"2023-04-14T10:29:00+00:00\" \/>\n<meta property=\"article:modified_time\" content=\"2023-04-14T11:30:04+00:00\" \/>\n<meta property=\"og:image\" content=\"https:\/\/disteco.com\/wp-content\/uploads\/2023\/04\/rabo-de-ternera-de-quinta-gama-natural-xef.jpg\" \/>\n\t<meta property=\"og:image:width\" content=\"2048\" \/>\n\t<meta property=\"og:image:height\" content=\"1302\" \/>\n\t<meta property=\"og:image:type\" content=\"image\/jpeg\" \/>\n<meta name=\"author\" content=\"GAD\" \/>\n<meta name=\"twitter:card\" content=\"summary_large_image\" \/>\n<meta name=\"twitter:creator\" content=\"@DistecoGrup\" \/>\n<meta name=\"twitter:site\" content=\"@DistecoGrup\" \/>\n<meta name=\"twitter:label1\" content=\"Escrit per\" \/>\n\t<meta name=\"twitter:data1\" content=\"GAD\" \/>\n\t<meta name=\"twitter:label2\" content=\"Temps estimat de lectura\" \/>\n\t<meta name=\"twitter:data2\" content=\"2 minut\" \/>\n<script type=\"application\/ld+json\" class=\"yoast-schema-graph\">{\"@context\":\"https:\/\/schema.org\",\"@graph\":[{\"@type\":\"Article\",\"@id\":\"https:\/\/disteco.com\/ca\/cua-de-vedella-de-cinquena-gamma-natural-xef\/#article\",\"isPartOf\":{\"@id\":\"https:\/\/disteco.com\/ca\/cua-de-vedella-de-cinquena-gamma-natural-xef\/\"},\"author\":{\"name\":\"GAD\",\"@id\":\"https:\/\/disteco.com\/ca\/#\/schema\/person\/4ea51f932b94228a72ce3c6332cfd3c0\"},\"headline\":\"Cua de vedella de cinquena gamma Natural Xef\",\"datePublished\":\"2023-04-14T10:29:00+00:00\",\"dateModified\":\"2023-04-14T11:30:04+00:00\",\"mainEntityOfPage\":{\"@id\":\"https:\/\/disteco.com\/ca\/cua-de-vedella-de-cinquena-gamma-natural-xef\/\"},\"wordCount\":389,\"commentCount\":0,\"publisher\":{\"@id\":\"https:\/\/disteco.com\/ca\/#organization\"},\"image\":{\"@id\":\"https:\/\/disteco.com\/ca\/cua-de-vedella-de-cinquena-gamma-natural-xef\/#primaryimage\"},\"thumbnailUrl\":\"https:\/\/disteco.com\/wp-content\/uploads\/2023\/04\/rabo-de-ternera-de-quinta-gama-natural-xef.jpg\",\"keywords\":[\"Cinquena gamma\",\"cinquena gamma a restaurants\",\"Disteco\",\"GAD\",\"GAD alimentaci\u00f3 saludable\",\"natural xef\",\"Rabo de ternera Natural Xef\"],\"articleSection\":[\"Novedades\"],\"inLanguage\":\"ca\",\"potentialAction\":[{\"@type\":\"CommentAction\",\"name\":\"Comment\",\"target\":[\"https:\/\/disteco.com\/ca\/cua-de-vedella-de-cinquena-gamma-natural-xef\/#respond\"]}]},{\"@type\":\"WebPage\",\"@id\":\"https:\/\/disteco.com\/ca\/cua-de-vedella-de-cinquena-gamma-natural-xef\/\",\"url\":\"https:\/\/disteco.com\/ca\/cua-de-vedella-de-cinquena-gamma-natural-xef\/\",\"name\":\"Cua de vedella de cinquena gamma Natural Xef - GADisteco\",\"isPartOf\":{\"@id\":\"https:\/\/disteco.com\/ca\/#website\"},\"primaryImageOfPage\":{\"@id\":\"https:\/\/disteco.com\/ca\/cua-de-vedella-de-cinquena-gamma-natural-xef\/#primaryimage\"},\"image\":{\"@id\":\"https:\/\/disteco.com\/ca\/cua-de-vedella-de-cinquena-gamma-natural-xef\/#primaryimage\"},\"thumbnailUrl\":\"https:\/\/disteco.com\/wp-content\/uploads\/2023\/04\/rabo-de-ternera-de-quinta-gama-natural-xef.jpg\",\"datePublished\":\"2023-04-14T10:29:00+00:00\",\"dateModified\":\"2023-04-14T11:30:04+00:00\",\"description\":\"La cua de vedella de cinquena gamma al seu suc natural de Natural Xef est\u00e0 llesta per servir-se en minuts al forn, microones o al bany maria\",\"breadcrumb\":{\"@id\":\"https:\/\/disteco.com\/ca\/cua-de-vedella-de-cinquena-gamma-natural-xef\/#breadcrumb\"},\"inLanguage\":\"ca\",\"potentialAction\":[{\"@type\":\"ReadAction\",\"target\":[\"https:\/\/disteco.com\/ca\/cua-de-vedella-de-cinquena-gamma-natural-xef\/\"]}]},{\"@type\":\"ImageObject\",\"inLanguage\":\"ca\",\"@id\":\"https:\/\/disteco.com\/ca\/cua-de-vedella-de-cinquena-gamma-natural-xef\/#primaryimage\",\"url\":\"https:\/\/disteco.com\/wp-content\/uploads\/2023\/04\/rabo-de-ternera-de-quinta-gama-natural-xef.jpg\",\"contentUrl\":\"https:\/\/disteco.com\/wp-content\/uploads\/2023\/04\/rabo-de-ternera-de-quinta-gama-natural-xef.jpg\",\"width\":2048,\"height\":1302,\"caption\":\"Rabo de ternera de quinta gama en su jugo natural de Natural Xef\"},{\"@type\":\"BreadcrumbList\",\"@id\":\"https:\/\/disteco.com\/ca\/cua-de-vedella-de-cinquena-gamma-natural-xef\/#breadcrumb\",\"itemListElement\":[{\"@type\":\"ListItem\",\"position\":1,\"name\":\"Portada\",\"item\":\"https:\/\/disteco.com\/ca\/\"},{\"@type\":\"ListItem\",\"position\":2,\"name\":\"Cua de vedella de cinquena gamma Natural Xef\"}]},{\"@type\":\"WebSite\",\"@id\":\"https:\/\/disteco.com\/ca\/#website\",\"url\":\"https:\/\/disteco.com\/ca\/\",\"name\":\"GRUP ALIMENTARI DISTECO\",\"description\":\"Distribuci\u00f3 aliment\u00e0ria de productes d'alta qualitat\",\"publisher\":{\"@id\":\"https:\/\/disteco.com\/ca\/#organization\"},\"potentialAction\":[{\"@type\":\"SearchAction\",\"target\":{\"@type\":\"EntryPoint\",\"urlTemplate\":\"https:\/\/disteco.com\/ca\/?s={search_term_string}\"},\"query-input\":{\"@type\":\"PropertyValueSpecification\",\"valueRequired\":true,\"valueName\":\"search_term_string\"}}],\"inLanguage\":\"ca\"},{\"@type\":\"Organization\",\"@id\":\"https:\/\/disteco.com\/ca\/#organization\",\"name\":\"GRUP ALIMENTARI DISTECO\",\"url\":\"https:\/\/disteco.com\/ca\/\",\"logo\":{\"@type\":\"ImageObject\",\"inLanguage\":\"ca\",\"@id\":\"https:\/\/disteco.com\/ca\/#\/schema\/logo\/image\/\",\"url\":\"https:\/\/disteco.com\/wp-content\/uploads\/2017\/03\/logo-grup-alimentari-disteco.png\",\"contentUrl\":\"https:\/\/disteco.com\/wp-content\/uploads\/2017\/03\/logo-grup-alimentari-disteco.png\",\"width\":600,\"height\":61,\"caption\":\"GRUP ALIMENTARI DISTECO\"},\"image\":{\"@id\":\"https:\/\/disteco.com\/ca\/#\/schema\/logo\/image\/\"},\"sameAs\":[\"https:\/\/www.facebook.com\/grupalimentaridisteco\/\",\"https:\/\/x.com\/DistecoGrup\",\"https:\/\/www.instagram.com\/gadisteco\/\",\"https:\/\/www.linkedin.com\/company\/grup-alimentari-disteco\/\",\"https:\/\/www.youtube.com\/@grupalimentaridisteco572\"]},{\"@type\":\"Person\",\"@id\":\"https:\/\/disteco.com\/ca\/#\/schema\/person\/4ea51f932b94228a72ce3c6332cfd3c0\",\"name\":\"GAD\",\"image\":{\"@type\":\"ImageObject\",\"inLanguage\":\"ca\",\"@id\":\"https:\/\/disteco.com\/ca\/#\/schema\/person\/image\/\",\"url\":\"https:\/\/secure.gravatar.com\/avatar\/c03aafdc2e714d25acb2f145eda11ecc45ef17c5219efd6cfba9f6a37f404cfe?s=96&d=mm&r=g\",\"contentUrl\":\"https:\/\/secure.gravatar.com\/avatar\/c03aafdc2e714d25acb2f145eda11ecc45ef17c5219efd6cfba9f6a37f404cfe?s=96&d=mm&r=g\",\"caption\":\"GAD\"},\"url\":\"https:\/\/disteco.com\/ca\/author\/baraka\/\"}]}<\/script>\n<!-- \/ Yoast SEO plugin. -->","yoast_head_json":{"title":"Cua de vedella de cinquena gamma Natural Xef - GADisteco","description":"La cua de vedella de cinquena gamma al seu suc natural de Natural Xef est\u00e0 llesta per servir-se en minuts al forn, microones o al bany maria","robots":{"index":"index","follow":"follow","max-snippet":"max-snippet:-1","max-image-preview":"max-image-preview:large","max-video-preview":"max-video-preview:-1"},"canonical":"https:\/\/disteco.com\/ca\/cua-de-vedella-de-cinquena-gamma-natural-xef\/","og_locale":"ca_ES","og_type":"article","og_title":"Cua de vedella de cinquena gamma Natural Xef - GADisteco","og_description":"La cua de vedella de cinquena gamma al seu suc natural de Natural Xef est\u00e0 llesta per servir-se en minuts al forn, microones o al bany maria","og_url":"https:\/\/disteco.com\/ca\/cua-de-vedella-de-cinquena-gamma-natural-xef\/","og_site_name":"GRUP ALIMENTARI DISTECO","article_publisher":"https:\/\/www.facebook.com\/grupalimentaridisteco\/","article_published_time":"2023-04-14T10:29:00+00:00","article_modified_time":"2023-04-14T11:30:04+00:00","og_image":[{"width":2048,"height":1302,"url":"https:\/\/disteco.com\/wp-content\/uploads\/2023\/04\/rabo-de-ternera-de-quinta-gama-natural-xef.jpg","type":"image\/jpeg"}],"author":"GAD","twitter_card":"summary_large_image","twitter_creator":"@DistecoGrup","twitter_site":"@DistecoGrup","twitter_misc":{"Escrit per":"GAD","Temps estimat de lectura":"2 minut"},"schema":{"@context":"https:\/\/schema.org","@graph":[{"@type":"Article","@id":"https:\/\/disteco.com\/ca\/cua-de-vedella-de-cinquena-gamma-natural-xef\/#article","isPartOf":{"@id":"https:\/\/disteco.com\/ca\/cua-de-vedella-de-cinquena-gamma-natural-xef\/"},"author":{"name":"GAD","@id":"https:\/\/disteco.com\/ca\/#\/schema\/person\/4ea51f932b94228a72ce3c6332cfd3c0"},"headline":"Cua de vedella de cinquena gamma Natural Xef","datePublished":"2023-04-14T10:29:00+00:00","dateModified":"2023-04-14T11:30:04+00:00","mainEntityOfPage":{"@id":"https:\/\/disteco.com\/ca\/cua-de-vedella-de-cinquena-gamma-natural-xef\/"},"wordCount":389,"commentCount":0,"publisher":{"@id":"https:\/\/disteco.com\/ca\/#organization"},"image":{"@id":"https:\/\/disteco.com\/ca\/cua-de-vedella-de-cinquena-gamma-natural-xef\/#primaryimage"},"thumbnailUrl":"https:\/\/disteco.com\/wp-content\/uploads\/2023\/04\/rabo-de-ternera-de-quinta-gama-natural-xef.jpg","keywords":["Cinquena gamma","cinquena gamma a restaurants","Disteco","GAD","GAD alimentaci\u00f3 saludable","natural xef","Rabo de ternera Natural Xef"],"articleSection":["Novedades"],"inLanguage":"ca","potentialAction":[{"@type":"CommentAction","name":"Comment","target":["https:\/\/disteco.com\/ca\/cua-de-vedella-de-cinquena-gamma-natural-xef\/#respond"]}]},{"@type":"WebPage","@id":"https:\/\/disteco.com\/ca\/cua-de-vedella-de-cinquena-gamma-natural-xef\/","url":"https:\/\/disteco.com\/ca\/cua-de-vedella-de-cinquena-gamma-natural-xef\/","name":"Cua de vedella de cinquena gamma Natural Xef - GADisteco","isPartOf":{"@id":"https:\/\/disteco.com\/ca\/#website"},"primaryImageOfPage":{"@id":"https:\/\/disteco.com\/ca\/cua-de-vedella-de-cinquena-gamma-natural-xef\/#primaryimage"},"image":{"@id":"https:\/\/disteco.com\/ca\/cua-de-vedella-de-cinquena-gamma-natural-xef\/#primaryimage"},"thumbnailUrl":"https:\/\/disteco.com\/wp-content\/uploads\/2023\/04\/rabo-de-ternera-de-quinta-gama-natural-xef.jpg","datePublished":"2023-04-14T10:29:00+00:00","dateModified":"2023-04-14T11:30:04+00:00","description":"La cua de vedella de cinquena gamma al seu suc natural de Natural Xef est\u00e0 llesta per servir-se en minuts al forn, microones o al bany maria","breadcrumb":{"@id":"https:\/\/disteco.com\/ca\/cua-de-vedella-de-cinquena-gamma-natural-xef\/#breadcrumb"},"inLanguage":"ca","potentialAction":[{"@type":"ReadAction","target":["https:\/\/disteco.com\/ca\/cua-de-vedella-de-cinquena-gamma-natural-xef\/"]}]},{"@type":"ImageObject","inLanguage":"ca","@id":"https:\/\/disteco.com\/ca\/cua-de-vedella-de-cinquena-gamma-natural-xef\/#primaryimage","url":"https:\/\/disteco.com\/wp-content\/uploads\/2023\/04\/rabo-de-ternera-de-quinta-gama-natural-xef.jpg","contentUrl":"https:\/\/disteco.com\/wp-content\/uploads\/2023\/04\/rabo-de-ternera-de-quinta-gama-natural-xef.jpg","width":2048,"height":1302,"caption":"Rabo de ternera de quinta gama en su jugo natural de Natural Xef"},{"@type":"BreadcrumbList","@id":"https:\/\/disteco.com\/ca\/cua-de-vedella-de-cinquena-gamma-natural-xef\/#breadcrumb","itemListElement":[{"@type":"ListItem","position":1,"name":"Portada","item":"https:\/\/disteco.com\/ca\/"},{"@type":"ListItem","position":2,"name":"Cua de vedella de cinquena gamma Natural Xef"}]},{"@type":"WebSite","@id":"https:\/\/disteco.com\/ca\/#website","url":"https:\/\/disteco.com\/ca\/","name":"GRUP ALIMENTARI DISTECO","description":"Distribuci\u00f3 aliment\u00e0ria de productes d'alta qualitat","publisher":{"@id":"https:\/\/disteco.com\/ca\/#organization"},"potentialAction":[{"@type":"SearchAction","target":{"@type":"EntryPoint","urlTemplate":"https:\/\/disteco.com\/ca\/?s={search_term_string}"},"query-input":{"@type":"PropertyValueSpecification","valueRequired":true,"valueName":"search_term_string"}}],"inLanguage":"ca"},{"@type":"Organization","@id":"https:\/\/disteco.com\/ca\/#organization","name":"GRUP ALIMENTARI DISTECO","url":"https:\/\/disteco.com\/ca\/","logo":{"@type":"ImageObject","inLanguage":"ca","@id":"https:\/\/disteco.com\/ca\/#\/schema\/logo\/image\/","url":"https:\/\/disteco.com\/wp-content\/uploads\/2017\/03\/logo-grup-alimentari-disteco.png","contentUrl":"https:\/\/disteco.com\/wp-content\/uploads\/2017\/03\/logo-grup-alimentari-disteco.png","width":600,"height":61,"caption":"GRUP ALIMENTARI DISTECO"},"image":{"@id":"https:\/\/disteco.com\/ca\/#\/schema\/logo\/image\/"},"sameAs":["https:\/\/www.facebook.com\/grupalimentaridisteco\/","https:\/\/x.com\/DistecoGrup","https:\/\/www.instagram.com\/gadisteco\/","https:\/\/www.linkedin.com\/company\/grup-alimentari-disteco\/","https:\/\/www.youtube.com\/@grupalimentaridisteco572"]},{"@type":"Person","@id":"https:\/\/disteco.com\/ca\/#\/schema\/person\/4ea51f932b94228a72ce3c6332cfd3c0","name":"GAD","image":{"@type":"ImageObject","inLanguage":"ca","@id":"https:\/\/disteco.com\/ca\/#\/schema\/person\/image\/","url":"https:\/\/secure.gravatar.com\/avatar\/c03aafdc2e714d25acb2f145eda11ecc45ef17c5219efd6cfba9f6a37f404cfe?s=96&d=mm&r=g","contentUrl":"https:\/\/secure.gravatar.com\/avatar\/c03aafdc2e714d25acb2f145eda11ecc45ef17c5219efd6cfba9f6a37f404cfe?s=96&d=mm&r=g","caption":"GAD"},"url":"https:\/\/disteco.com\/ca\/author\/baraka\/"}]}},"_links":{"self":[{"href":"https:\/\/disteco.com\/ca\/wp-json\/wp\/v2\/posts\/251689","targetHints":{"allow":["GET"]}}],"collection":[{"href":"https:\/\/disteco.com\/ca\/wp-json\/wp\/v2\/posts"}],"about":[{"href":"https:\/\/disteco.com\/ca\/wp-json\/wp\/v2\/types\/post"}],"author":[{"embeddable":true,"href":"https:\/\/disteco.com\/ca\/wp-json\/wp\/v2\/users\/1"}],"replies":[{"embeddable":true,"href":"https:\/\/disteco.com\/ca\/wp-json\/wp\/v2\/comments?post=251689"}],"version-history":[{"count":3,"href":"https:\/\/disteco.com\/ca\/wp-json\/wp\/v2\/posts\/251689\/revisions"}],"predecessor-version":[{"id":251697,"href":"https:\/\/disteco.com\/ca\/wp-json\/wp\/v2\/posts\/251689\/revisions\/251697"}],"wp:featuredmedia":[{"embeddable":true,"href":"https:\/\/disteco.com\/ca\/wp-json\/wp\/v2\/media\/251691"}],"wp:attachment":[{"href":"https:\/\/disteco.com\/ca\/wp-json\/wp\/v2\/media?parent=251689"}],"wp:term":[{"taxonomy":"category","embeddable":true,"href":"https:\/\/disteco.com\/ca\/wp-json\/wp\/v2\/categories?post=251689"},{"taxonomy":"post_tag","embeddable":true,"href":"https:\/\/disteco.com\/ca\/wp-json\/wp\/v2\/tags?post=251689"}],"curies":[{"name":"wp","href":"https:\/\/api.w.org\/{rel}","templated":true}]}}