{"id":250226,"date":"2022-11-11T04:47:00","date_gmt":"2022-11-11T04:47:00","guid":{"rendered":"https:\/\/disteco.com\/?p=250226"},"modified":"2022-11-11T10:34:41","modified_gmt":"2022-11-11T10:34:41","slug":"disteco-al-gastronomic-forum-barcelona","status":"publish","type":"post","link":"https:\/\/disteco.com\/ca\/disteco-al-gastronomic-forum-barcelona\/","title":{"rendered":"Disteco al Gastronomic Forum Barcelona"},"content":{"rendered":"\n<figure class=\"wp-block-image size-large\"><img loading=\"lazy\" decoding=\"async\" width=\"1024\" height=\"683\" src=\"https:\/\/disteco.com\/wp-content\/uploads\/2022\/11\/disteco-forum-gastronomic-1024x683.jpg\" alt=\"\" class=\"wp-image-250213\" srcset=\"https:\/\/disteco.com\/wp-content\/uploads\/2022\/11\/disteco-forum-gastronomic-980x653.jpg 980w, https:\/\/disteco.com\/wp-content\/uploads\/2022\/11\/disteco-forum-gastronomic-480x320.jpg 480w\" sizes=\"(min-width: 0px) and (max-width: 480px) 480px, (min-width: 481px) and (max-width: 980px) 980px, (min-width: 981px) 1024px, 100vw\" \/><\/figure>\n\n\n<h6><span style=\"color: #cc0000;\"><em><strong>Disteco al Gastronomic Forum Barcelona<\/strong><\/em><\/span><\/h6>\n<h1>\u00a0<\/h1>\n<h1><span style=\"color: #000000;\"><strong>Grup Alimentari Disteco al Gastronomic Forum Barcelona<\/strong><\/span><\/h1>\n<blockquote>\n<h3>La cita gastron\u00f2mica de l&#8217;any torna a fer parlar entre els professionals del sector i <a href=\"https:\/\/disteco.com\/ca\/\" target=\"_blank\" rel=\"noopener\"><span style=\"color: #cc0000;\">Grup Alimentari Disteco<\/span><\/a> va estar present amb <a href=\"\/ca?page_id=247085\" target=\"_blank\" rel=\"noopener\">Natural Xef<\/a> la cuina de producci\u00f3 pr\u00f2pia i tecnologia m\u00e9s nova.<\/h3>\n<\/blockquote>\n<p>Des de fa m\u00e9s de 22 anys, el <strong><a href=\"https:\/\/www.gastronomicforumbarcelona.com\/ca\/\" target=\"_blank\" rel=\"noopener\">Gastronomic Forum Barcelona<\/a><\/strong> \u00e9s la cita anual d&#8217;innovaci\u00f3 gastron\u00f2mica on tenen cita els professionals i els inversors m\u00e9s importants del sector.<\/p>\n<p>Es tracta d&#8217;un <strong>esdeveniment que congrega l&#8217;oferta m\u00e9s representativa de la innovaci\u00f3 al mercat<\/strong> i est\u00e0 destinada a professionals de la restauraci\u00f3 i l&#8217;hostaleria en general.<\/p>\n<p>A m\u00e9s d&#8217;exposicions, l&#8217;esdeveniment aglutina debats, confer\u00e8ncies i taules rodones, espais per a la difusi\u00f3 de noves tend\u00e8ncies al sector de la restauraci\u00f3.<\/p>\n<p>Aquest any, entre les m\u00e9s de 300 firmes participants de les exposicions, el\u00a0<strong><span style=\"color: #cc0000;\">Grup Alimentari Disteco va estar present amb Natural Xef<\/span>,<\/strong> el projecte que va n\u00e9ixer de la necessitat d&#8217;una cinquena gamma d&#8217;aliments amb l&#8217;excel\u00b7l\u00e8ncia dels productes de proximitat.<\/p>\n<h2>\u00a0<\/h2>\n<h2><span style=\"color: #000000;\"><strong>Un salt de qualitat cap a una cuina m\u00e9s sostenible\u00a0<\/strong><\/span><\/h2>\n<blockquote>\n<h3>Sent la conscienciaci\u00f3 per fer una cuina m\u00e9s eficient i sostenible la marca distintiva d&#8217;aquesta edici\u00f3 de Gastronomic Forum Barcelona 2022,<a href=\"\/?page_id=247085\" target=\"_blank\" rel=\"noopener\"><span style=\"color: #cc0000;\"><strong> Natural Xef<\/strong><\/span><\/a> destaca entre les propostes.<\/h3>\n<\/blockquote>\n<p>La necessitat d&#8217;avan\u00e7ar cap a models amb menys impacte ambiental i apte per a totes les persones amb intoler\u00e0ncies aliment\u00e0ries s\u00f3n els punts centrals de la innovaci\u00f3 en gastronomia.<\/p>\n<p>En aquesta edici\u00f3 van destacar els productes gurmet amb especial atenci\u00f3 a l&#8217;e<strong>laboraci\u00f3 amb consci\u00e8ncia i responsabilitat socioambiental,<\/strong> destinades a satisfer un consumidor cada vegada m\u00e9s exigent, ja no nom\u00e9s en l<strong>&#8216;elaboraci\u00f3 s<\/strong>in\u00f3 tamb\u00e9 en la cadena de valor.<\/p>\n<p>En aquest sentit<strong> Natural Xef \u00e9s una demostraci\u00f3 d&#8217;excel\u00b7l\u00e8ncia,<\/strong> ja que incorpora productes directament de socis ramaders de proximitat, comptant amb sales d&#8217;especejament pr\u00f2pies i cuina d&#8217;alta precisi\u00f3 i \u00faltima tecnologia, cosa que garanteix una cura selecta del producte.<\/p>\n<p><a href=\"\/?page_id=249804\" target=\"_blank\" rel=\"noopener\"><strong><span style=\"color: #cc0000;\">Les propuestes de Natural Xef<\/span><\/strong><\/a> <strong>ofereixen alta qualitat gastron\u00f2mica amb senzilla regeneraci\u00f3 i un exhaustiu control a cada pas del proc\u00e9s d&#8217;elaboraci\u00f3, donant com a resultat un producte d&#8217;alimentaci\u00f3 de cinquena gamma d&#8217;excel\u00b7l\u00e8ncia especialment pensat per a restaurants i serveis d&#8217;hostaleria.\u00a0<\/strong><\/p>","protected":false},"excerpt":{"rendered":"<p>La cita gastron\u00f2mica de l&#8217;any torna a fer parlar entre els professionals del sector i Grup Alimentari Disteco va estar present amb Natural Xef<\/p>\n","protected":false},"author":1,"featured_media":250214,"comment_status":"open","ping_status":"open","sticky":false,"template":"","format":"image","meta":{"_et_pb_use_builder":"","_et_pb_old_content":"","_et_gb_content_width":"","footnotes":""},"categories":[10,57],"tags":[306,72,687,117,121,392,688,410],"class_list":["post-250226","post","type-post","status-publish","format-image","has-post-thumbnail","hentry","category-novedades","category-novetats","tag-cinquena-gamma","tag-disteco-ca-2","tag-disteco-en-el-gastronomic-forum-barcelona-ca","tag-distribucio-alimentaria","tag-gad-ca-2","tag-gad-alimentacio-saludable-ca","tag-gastronomic-forum-barcelona-ca","tag-natural-xef-ca","post_format-post-format-image"],"yoast_head":"<!-- This site is optimized with the Yoast SEO plugin v26.9 - https:\/\/yoast.com\/product\/yoast-seo-wordpress\/ -->\n<title>Disteco al Gastronomic Forum Barcelona - GADisteco<\/title>\n<meta name=\"description\" content=\"El Gastronomic Forum Barcelona torna a fer parlar entre els professionals del sector i Disteco va estar present amb Natural Xef.\" \/>\n<meta name=\"robots\" content=\"index, follow, max-snippet:-1, max-image-preview:large, max-video-preview:-1\" \/>\n<link rel=\"canonical\" href=\"https:\/\/disteco.com\/ca\/disteco-al-gastronomic-forum-barcelona\/\" \/>\n<meta property=\"og:locale\" content=\"ca_ES\" \/>\n<meta property=\"og:type\" content=\"article\" \/>\n<meta property=\"og:title\" content=\"Disteco al Gastronomic Forum Barcelona - GADisteco\" \/>\n<meta property=\"og:description\" content=\"El Gastronomic Forum Barcelona torna a fer parlar entre els professionals del sector i Disteco va estar present amb Natural Xef.\" \/>\n<meta property=\"og:url\" content=\"https:\/\/disteco.com\/ca\/disteco-al-gastronomic-forum-barcelona\/\" \/>\n<meta property=\"og:site_name\" content=\"GRUP ALIMENTARI DISTECO\" \/>\n<meta property=\"article:publisher\" content=\"https:\/\/www.facebook.com\/grupalimentaridisteco\/\" \/>\n<meta property=\"article:published_time\" content=\"2022-11-11T04:47:00+00:00\" \/>\n<meta property=\"article:modified_time\" content=\"2022-11-11T10:34:41+00:00\" \/>\n<meta property=\"og:image\" content=\"https:\/\/disteco.com\/wp-content\/uploads\/2022\/11\/disteco-forum-gastronomic.jpg\" \/>\n\t<meta property=\"og:image:width\" content=\"1920\" \/>\n\t<meta property=\"og:image:height\" content=\"1280\" \/>\n\t<meta property=\"og:image:type\" content=\"image\/jpeg\" \/>\n<meta name=\"author\" content=\"GAD\" \/>\n<meta name=\"twitter:card\" content=\"summary_large_image\" \/>\n<meta name=\"twitter:creator\" content=\"@DistecoGrup\" \/>\n<meta name=\"twitter:site\" content=\"@DistecoGrup\" \/>\n<meta name=\"twitter:label1\" content=\"Escrit per\" \/>\n\t<meta name=\"twitter:data1\" content=\"GAD\" \/>\n\t<meta name=\"twitter:label2\" content=\"Temps estimat de lectura\" \/>\n\t<meta name=\"twitter:data2\" content=\"2 minut\" \/>\n<script type=\"application\/ld+json\" class=\"yoast-schema-graph\">{\"@context\":\"https:\/\/schema.org\",\"@graph\":[{\"@type\":\"Article\",\"@id\":\"https:\/\/disteco.com\/ca\/disteco-al-gastronomic-forum-barcelona\/#article\",\"isPartOf\":{\"@id\":\"https:\/\/disteco.com\/ca\/disteco-al-gastronomic-forum-barcelona\/\"},\"author\":{\"name\":\"GAD\",\"@id\":\"https:\/\/disteco.com\/ca\/#\/schema\/person\/4ea51f932b94228a72ce3c6332cfd3c0\"},\"headline\":\"Disteco al Gastronomic Forum Barcelona\",\"datePublished\":\"2022-11-11T04:47:00+00:00\",\"dateModified\":\"2022-11-11T10:34:41+00:00\",\"mainEntityOfPage\":{\"@id\":\"https:\/\/disteco.com\/ca\/disteco-al-gastronomic-forum-barcelona\/\"},\"wordCount\":401,\"commentCount\":0,\"publisher\":{\"@id\":\"https:\/\/disteco.com\/ca\/#organization\"},\"image\":{\"@id\":\"https:\/\/disteco.com\/ca\/disteco-al-gastronomic-forum-barcelona\/#primaryimage\"},\"thumbnailUrl\":\"https:\/\/disteco.com\/wp-content\/uploads\/2022\/11\/disteco-forum-gastronomic.jpg\",\"keywords\":[\"Cinquena gamma\",\"Disteco\",\"Disteco en el Gastronomic Forum Barcelona\",\"distribuci\u00f3 alimentaria\",\"GAD\",\"GAD alimentaci\u00f3 saludable\",\"Gastronomic Forum Barcelona\",\"natural xef\"],\"articleSection\":[\"Novedades\",\"Novetats\"],\"inLanguage\":\"ca\",\"potentialAction\":[{\"@type\":\"CommentAction\",\"name\":\"Comment\",\"target\":[\"https:\/\/disteco.com\/ca\/disteco-al-gastronomic-forum-barcelona\/#respond\"]}]},{\"@type\":\"WebPage\",\"@id\":\"https:\/\/disteco.com\/ca\/disteco-al-gastronomic-forum-barcelona\/\",\"url\":\"https:\/\/disteco.com\/ca\/disteco-al-gastronomic-forum-barcelona\/\",\"name\":\"Disteco al Gastronomic Forum Barcelona - GADisteco\",\"isPartOf\":{\"@id\":\"https:\/\/disteco.com\/ca\/#website\"},\"primaryImageOfPage\":{\"@id\":\"https:\/\/disteco.com\/ca\/disteco-al-gastronomic-forum-barcelona\/#primaryimage\"},\"image\":{\"@id\":\"https:\/\/disteco.com\/ca\/disteco-al-gastronomic-forum-barcelona\/#primaryimage\"},\"thumbnailUrl\":\"https:\/\/disteco.com\/wp-content\/uploads\/2022\/11\/disteco-forum-gastronomic.jpg\",\"datePublished\":\"2022-11-11T04:47:00+00:00\",\"dateModified\":\"2022-11-11T10:34:41+00:00\",\"description\":\"El Gastronomic Forum Barcelona torna a fer parlar entre els professionals del sector i Disteco va estar present amb Natural Xef.\",\"breadcrumb\":{\"@id\":\"https:\/\/disteco.com\/ca\/disteco-al-gastronomic-forum-barcelona\/#breadcrumb\"},\"inLanguage\":\"ca\",\"potentialAction\":[{\"@type\":\"ReadAction\",\"target\":[\"https:\/\/disteco.com\/ca\/disteco-al-gastronomic-forum-barcelona\/\"]}]},{\"@type\":\"ImageObject\",\"inLanguage\":\"ca\",\"@id\":\"https:\/\/disteco.com\/ca\/disteco-al-gastronomic-forum-barcelona\/#primaryimage\",\"url\":\"https:\/\/disteco.com\/wp-content\/uploads\/2022\/11\/disteco-forum-gastronomic.jpg\",\"contentUrl\":\"https:\/\/disteco.com\/wp-content\/uploads\/2022\/11\/disteco-forum-gastronomic.jpg\",\"width\":1920,\"height\":1280,\"caption\":\"Grup Alimentari Disteco est\u00e1 participando en el Gastronomic Forum Barcelona\"},{\"@type\":\"BreadcrumbList\",\"@id\":\"https:\/\/disteco.com\/ca\/disteco-al-gastronomic-forum-barcelona\/#breadcrumb\",\"itemListElement\":[{\"@type\":\"ListItem\",\"position\":1,\"name\":\"Portada\",\"item\":\"https:\/\/disteco.com\/ca\/\"},{\"@type\":\"ListItem\",\"position\":2,\"name\":\"Disteco al Gastronomic Forum Barcelona\"}]},{\"@type\":\"WebSite\",\"@id\":\"https:\/\/disteco.com\/ca\/#website\",\"url\":\"https:\/\/disteco.com\/ca\/\",\"name\":\"GRUP ALIMENTARI DISTECO\",\"description\":\"Distribuci\u00f3 aliment\u00e0ria de productes d'alta qualitat\",\"publisher\":{\"@id\":\"https:\/\/disteco.com\/ca\/#organization\"},\"potentialAction\":[{\"@type\":\"SearchAction\",\"target\":{\"@type\":\"EntryPoint\",\"urlTemplate\":\"https:\/\/disteco.com\/ca\/?s={search_term_string}\"},\"query-input\":{\"@type\":\"PropertyValueSpecification\",\"valueRequired\":true,\"valueName\":\"search_term_string\"}}],\"inLanguage\":\"ca\"},{\"@type\":\"Organization\",\"@id\":\"https:\/\/disteco.com\/ca\/#organization\",\"name\":\"GRUP ALIMENTARI DISTECO\",\"url\":\"https:\/\/disteco.com\/ca\/\",\"logo\":{\"@type\":\"ImageObject\",\"inLanguage\":\"ca\",\"@id\":\"https:\/\/disteco.com\/ca\/#\/schema\/logo\/image\/\",\"url\":\"https:\/\/disteco.com\/wp-content\/uploads\/2017\/03\/logo-grup-alimentari-disteco.png\",\"contentUrl\":\"https:\/\/disteco.com\/wp-content\/uploads\/2017\/03\/logo-grup-alimentari-disteco.png\",\"width\":600,\"height\":61,\"caption\":\"GRUP ALIMENTARI DISTECO\"},\"image\":{\"@id\":\"https:\/\/disteco.com\/ca\/#\/schema\/logo\/image\/\"},\"sameAs\":[\"https:\/\/www.facebook.com\/grupalimentaridisteco\/\",\"https:\/\/x.com\/DistecoGrup\",\"https:\/\/www.instagram.com\/gadisteco\/\",\"https:\/\/www.linkedin.com\/company\/grup-alimentari-disteco\/\",\"https:\/\/www.youtube.com\/@grupalimentaridisteco572\"]},{\"@type\":\"Person\",\"@id\":\"https:\/\/disteco.com\/ca\/#\/schema\/person\/4ea51f932b94228a72ce3c6332cfd3c0\",\"name\":\"GAD\",\"image\":{\"@type\":\"ImageObject\",\"inLanguage\":\"ca\",\"@id\":\"https:\/\/disteco.com\/ca\/#\/schema\/person\/image\/\",\"url\":\"https:\/\/secure.gravatar.com\/avatar\/c03aafdc2e714d25acb2f145eda11ecc45ef17c5219efd6cfba9f6a37f404cfe?s=96&d=mm&r=g\",\"contentUrl\":\"https:\/\/secure.gravatar.com\/avatar\/c03aafdc2e714d25acb2f145eda11ecc45ef17c5219efd6cfba9f6a37f404cfe?s=96&d=mm&r=g\",\"caption\":\"GAD\"},\"url\":\"https:\/\/disteco.com\/ca\/author\/baraka\/\"}]}<\/script>\n<!-- \/ Yoast SEO plugin. -->","yoast_head_json":{"title":"Disteco al Gastronomic Forum Barcelona - GADisteco","description":"El Gastronomic Forum Barcelona torna a fer parlar entre els professionals del sector i Disteco va estar present amb Natural Xef.","robots":{"index":"index","follow":"follow","max-snippet":"max-snippet:-1","max-image-preview":"max-image-preview:large","max-video-preview":"max-video-preview:-1"},"canonical":"https:\/\/disteco.com\/ca\/disteco-al-gastronomic-forum-barcelona\/","og_locale":"ca_ES","og_type":"article","og_title":"Disteco al Gastronomic Forum Barcelona - GADisteco","og_description":"El Gastronomic Forum Barcelona torna a fer parlar entre els professionals del sector i Disteco va estar present amb Natural Xef.","og_url":"https:\/\/disteco.com\/ca\/disteco-al-gastronomic-forum-barcelona\/","og_site_name":"GRUP ALIMENTARI DISTECO","article_publisher":"https:\/\/www.facebook.com\/grupalimentaridisteco\/","article_published_time":"2022-11-11T04:47:00+00:00","article_modified_time":"2022-11-11T10:34:41+00:00","og_image":[{"width":1920,"height":1280,"url":"https:\/\/disteco.com\/wp-content\/uploads\/2022\/11\/disteco-forum-gastronomic.jpg","type":"image\/jpeg"}],"author":"GAD","twitter_card":"summary_large_image","twitter_creator":"@DistecoGrup","twitter_site":"@DistecoGrup","twitter_misc":{"Escrit per":"GAD","Temps estimat de lectura":"2 minut"},"schema":{"@context":"https:\/\/schema.org","@graph":[{"@type":"Article","@id":"https:\/\/disteco.com\/ca\/disteco-al-gastronomic-forum-barcelona\/#article","isPartOf":{"@id":"https:\/\/disteco.com\/ca\/disteco-al-gastronomic-forum-barcelona\/"},"author":{"name":"GAD","@id":"https:\/\/disteco.com\/ca\/#\/schema\/person\/4ea51f932b94228a72ce3c6332cfd3c0"},"headline":"Disteco al Gastronomic Forum Barcelona","datePublished":"2022-11-11T04:47:00+00:00","dateModified":"2022-11-11T10:34:41+00:00","mainEntityOfPage":{"@id":"https:\/\/disteco.com\/ca\/disteco-al-gastronomic-forum-barcelona\/"},"wordCount":401,"commentCount":0,"publisher":{"@id":"https:\/\/disteco.com\/ca\/#organization"},"image":{"@id":"https:\/\/disteco.com\/ca\/disteco-al-gastronomic-forum-barcelona\/#primaryimage"},"thumbnailUrl":"https:\/\/disteco.com\/wp-content\/uploads\/2022\/11\/disteco-forum-gastronomic.jpg","keywords":["Cinquena gamma","Disteco","Disteco en el Gastronomic Forum Barcelona","distribuci\u00f3 alimentaria","GAD","GAD alimentaci\u00f3 saludable","Gastronomic Forum Barcelona","natural xef"],"articleSection":["Novedades","Novetats"],"inLanguage":"ca","potentialAction":[{"@type":"CommentAction","name":"Comment","target":["https:\/\/disteco.com\/ca\/disteco-al-gastronomic-forum-barcelona\/#respond"]}]},{"@type":"WebPage","@id":"https:\/\/disteco.com\/ca\/disteco-al-gastronomic-forum-barcelona\/","url":"https:\/\/disteco.com\/ca\/disteco-al-gastronomic-forum-barcelona\/","name":"Disteco al Gastronomic Forum Barcelona - GADisteco","isPartOf":{"@id":"https:\/\/disteco.com\/ca\/#website"},"primaryImageOfPage":{"@id":"https:\/\/disteco.com\/ca\/disteco-al-gastronomic-forum-barcelona\/#primaryimage"},"image":{"@id":"https:\/\/disteco.com\/ca\/disteco-al-gastronomic-forum-barcelona\/#primaryimage"},"thumbnailUrl":"https:\/\/disteco.com\/wp-content\/uploads\/2022\/11\/disteco-forum-gastronomic.jpg","datePublished":"2022-11-11T04:47:00+00:00","dateModified":"2022-11-11T10:34:41+00:00","description":"El Gastronomic Forum Barcelona torna a fer parlar entre els professionals del sector i Disteco va estar present amb Natural Xef.","breadcrumb":{"@id":"https:\/\/disteco.com\/ca\/disteco-al-gastronomic-forum-barcelona\/#breadcrumb"},"inLanguage":"ca","potentialAction":[{"@type":"ReadAction","target":["https:\/\/disteco.com\/ca\/disteco-al-gastronomic-forum-barcelona\/"]}]},{"@type":"ImageObject","inLanguage":"ca","@id":"https:\/\/disteco.com\/ca\/disteco-al-gastronomic-forum-barcelona\/#primaryimage","url":"https:\/\/disteco.com\/wp-content\/uploads\/2022\/11\/disteco-forum-gastronomic.jpg","contentUrl":"https:\/\/disteco.com\/wp-content\/uploads\/2022\/11\/disteco-forum-gastronomic.jpg","width":1920,"height":1280,"caption":"Grup Alimentari Disteco est\u00e1 participando en el Gastronomic Forum Barcelona"},{"@type":"BreadcrumbList","@id":"https:\/\/disteco.com\/ca\/disteco-al-gastronomic-forum-barcelona\/#breadcrumb","itemListElement":[{"@type":"ListItem","position":1,"name":"Portada","item":"https:\/\/disteco.com\/ca\/"},{"@type":"ListItem","position":2,"name":"Disteco al Gastronomic Forum Barcelona"}]},{"@type":"WebSite","@id":"https:\/\/disteco.com\/ca\/#website","url":"https:\/\/disteco.com\/ca\/","name":"GRUP ALIMENTARI DISTECO","description":"Distribuci\u00f3 aliment\u00e0ria de productes d'alta qualitat","publisher":{"@id":"https:\/\/disteco.com\/ca\/#organization"},"potentialAction":[{"@type":"SearchAction","target":{"@type":"EntryPoint","urlTemplate":"https:\/\/disteco.com\/ca\/?s={search_term_string}"},"query-input":{"@type":"PropertyValueSpecification","valueRequired":true,"valueName":"search_term_string"}}],"inLanguage":"ca"},{"@type":"Organization","@id":"https:\/\/disteco.com\/ca\/#organization","name":"GRUP ALIMENTARI DISTECO","url":"https:\/\/disteco.com\/ca\/","logo":{"@type":"ImageObject","inLanguage":"ca","@id":"https:\/\/disteco.com\/ca\/#\/schema\/logo\/image\/","url":"https:\/\/disteco.com\/wp-content\/uploads\/2017\/03\/logo-grup-alimentari-disteco.png","contentUrl":"https:\/\/disteco.com\/wp-content\/uploads\/2017\/03\/logo-grup-alimentari-disteco.png","width":600,"height":61,"caption":"GRUP ALIMENTARI DISTECO"},"image":{"@id":"https:\/\/disteco.com\/ca\/#\/schema\/logo\/image\/"},"sameAs":["https:\/\/www.facebook.com\/grupalimentaridisteco\/","https:\/\/x.com\/DistecoGrup","https:\/\/www.instagram.com\/gadisteco\/","https:\/\/www.linkedin.com\/company\/grup-alimentari-disteco\/","https:\/\/www.youtube.com\/@grupalimentaridisteco572"]},{"@type":"Person","@id":"https:\/\/disteco.com\/ca\/#\/schema\/person\/4ea51f932b94228a72ce3c6332cfd3c0","name":"GAD","image":{"@type":"ImageObject","inLanguage":"ca","@id":"https:\/\/disteco.com\/ca\/#\/schema\/person\/image\/","url":"https:\/\/secure.gravatar.com\/avatar\/c03aafdc2e714d25acb2f145eda11ecc45ef17c5219efd6cfba9f6a37f404cfe?s=96&d=mm&r=g","contentUrl":"https:\/\/secure.gravatar.com\/avatar\/c03aafdc2e714d25acb2f145eda11ecc45ef17c5219efd6cfba9f6a37f404cfe?s=96&d=mm&r=g","caption":"GAD"},"url":"https:\/\/disteco.com\/ca\/author\/baraka\/"}]}},"_links":{"self":[{"href":"https:\/\/disteco.com\/ca\/wp-json\/wp\/v2\/posts\/250226","targetHints":{"allow":["GET"]}}],"collection":[{"href":"https:\/\/disteco.com\/ca\/wp-json\/wp\/v2\/posts"}],"about":[{"href":"https:\/\/disteco.com\/ca\/wp-json\/wp\/v2\/types\/post"}],"author":[{"embeddable":true,"href":"https:\/\/disteco.com\/ca\/wp-json\/wp\/v2\/users\/1"}],"replies":[{"embeddable":true,"href":"https:\/\/disteco.com\/ca\/wp-json\/wp\/v2\/comments?post=250226"}],"version-history":[{"count":14,"href":"https:\/\/disteco.com\/ca\/wp-json\/wp\/v2\/posts\/250226\/revisions"}],"predecessor-version":[{"id":250249,"href":"https:\/\/disteco.com\/ca\/wp-json\/wp\/v2\/posts\/250226\/revisions\/250249"}],"wp:featuredmedia":[{"embeddable":true,"href":"https:\/\/disteco.com\/ca\/wp-json\/wp\/v2\/media\/250214"}],"wp:attachment":[{"href":"https:\/\/disteco.com\/ca\/wp-json\/wp\/v2\/media?parent=250226"}],"wp:term":[{"taxonomy":"category","embeddable":true,"href":"https:\/\/disteco.com\/ca\/wp-json\/wp\/v2\/categories?post=250226"},{"taxonomy":"post_tag","embeddable":true,"href":"https:\/\/disteco.com\/ca\/wp-json\/wp\/v2\/tags?post=250226"}],"curies":[{"name":"wp","href":"https:\/\/api.w.org\/{rel}","templated":true}]}}