{"id":215574,"date":"2022-01-28T04:24:00","date_gmt":"2022-01-28T04:24:00","guid":{"rendered":"https:\/\/disteco.com\/?p=215574"},"modified":"2022-02-04T08:59:38","modified_gmt":"2022-02-04T08:59:38","slug":"alimentacio-funcional","status":"publish","type":"post","link":"https:\/\/disteco.com\/ca\/alimentacio-funcional\/","title":{"rendered":"Alimentaci\u00f3 funcional"},"content":{"rendered":"\n<figure class=\"wp-block-image size-large\"><img loading=\"lazy\" decoding=\"async\" width=\"1024\" height=\"711\" src=\"https:\/\/disteco.com\/wp-content\/uploads\/2022\/01\/la-alimentacion-funcional-1024x711.jpg\" alt=\"\" class=\"wp-image-215566\" srcset=\"https:\/\/disteco.com\/wp-content\/uploads\/2022\/01\/la-alimentacion-funcional-980x681.jpg 980w, https:\/\/disteco.com\/wp-content\/uploads\/2022\/01\/la-alimentacion-funcional-480x334.jpg 480w\" sizes=\"(min-width: 0px) and (max-width: 480px) 480px, (min-width: 481px) and (max-width: 980px) 980px, (min-width: 981px) 1024px, 100vw\" \/><\/figure>\n\n\n<h6><span style=\"color: #cc0000;\"><em><strong>Alimentaci\u00f3 funcional<\/strong><\/em><\/span><\/h6>\n<h1>&nbsp;<\/h1>\n<h1><strong>L&#8217;alimentaci\u00f3 funcional<\/strong><\/h1>\n<p>Els aliments compleixen una funci\u00f3 espec\u00edfica en el nostre organisme i, en incloure&#8217;ls en la dieta de forma equilibrada, ajuden a millorar la salut i reduir el risc de malalties.<\/p>\n<blockquote>\n<h3>La dieta es modifica al ritme de les activitats quotidianes i l&#8217;alimentaci\u00f3 funcional ve creixent com una manera d&#8217;abordar la salut des de la prevenci\u00f3.<\/h3>\n<\/blockquote>\n<p>El confinament degut a la pand\u00e8mia ha impulsat aquest moviment de les fam\u00edlies cap a una manera d&#8217;adquirir, elaborar i consumir els aliments de manera m\u00e9s conscient.<\/p>\n<p>Sens dubte, preparar els menjars a casa i compartir la taula familiar, t\u00e9 un impacte benefici\u00f3s en el benestar, per\u00f2 el canvi cap a una alimentaci\u00f3 m\u00e9s saludable i funcional t\u00e9 altres fonaments.<\/p>\n<p><\/p>\n<h2>Aliments funcionals i tecnologies de la comunicaci\u00f3<\/h2>\n<p>Amb m\u00e9s informaci\u00f3 en el palmell de la m\u00e0, ocupar-se de la salut des de l&#8217;alimentaci\u00f3 \u00e9s m\u00e9s senzill, trobant solucions per a una dieta funcional:<\/p>\n<ul>\n<li><strong>Informaci\u00f3 sobre alimentaci\u00f3 saludable:<\/strong> les tecnologies faciliten l&#8217;acc\u00e9s a continguts did\u00e0ctics sobre la funci\u00f3 dels aliments en l&#8217;organisme, la qual cosa permet ajustar una dieta equilibrada en virtut de la mena d&#8217;activitat f\u00edsica i ritme de vida.<\/li>\n<li><strong>Aliments saludables:<\/strong> la informaci\u00f3 sobre la proced\u00e8ncia dels aliments tamb\u00e9 es troba facilitada per les tecnologies, tant en mat\u00e8ria de tra\u00e7abilitat com quant a la producci\u00f3 i disponibilitat d&#8217;aliments locals.<\/li>\n<li><strong>Flexibilitat nutricional: amb nous enfocaments com e<\/strong>l <a href=\"https:\/\/es.wikipedia.org\/wiki\/Flexitarianismo\" target=\"_blank\" rel=\"noopener\">flexitarianisme<\/a>, que incorpora un major inter\u00e8s pels aliments d&#8217;origen vegetal per\u00f2 sense eliminar els productes d&#8217;origen animal de la dieta, en particular els lactis.<\/li>\n<li><strong>e-commerce:<\/strong> adquirir els productes des de la comoditat de casa tamb\u00e9 \u00e9s un aspecte que impulsa la tend\u00e8ncia cap a una alimentaci\u00f3 funcional, basant les possibilitats d&#8217;acc\u00e9s en una distribuci\u00f3 eficient dels productes.<\/li>\n<\/ul>\n<p>A m\u00e9s dels <a href=\"\/?p=215028\" target=\"_blank\" rel=\"noopener\"><strong>aliments d&#8217;origen local i producci\u00f3 org\u00e0nica, les grans marques tamb\u00e9 promouen l\u00ednies m\u00e9s saludables, redu\u00efdes en sucre i amb sabors m\u00e9s naturals.<\/strong><\/a><\/p>\n<blockquote>\n<h4>Des de <a href=\"https:\/\/disteco.com\/\" target=\"_blank\" rel=\"noopener\">Grup Alimentari Disteco<\/a> oferim una \u00e0mplia carta de productes alineats amb l&#8217;alimentaci\u00f3 funcional per a tota la fam\u00edlia.<\/h4>\n<\/blockquote>","protected":false},"excerpt":{"rendered":"<p>Els aliments compleixen una funci\u00f3 espec\u00edfica en el nostre organisme i, en incloure&#8217;ls en la dieta de forma equilibrada, <\/p>\n","protected":false},"author":1,"featured_media":215566,"comment_status":"open","ping_status":"open","sticky":false,"template":"","format":"image","meta":{"_et_pb_use_builder":"on","_et_pb_old_content":"","_et_gb_content_width":"","footnotes":""},"categories":[43],"tags":[436,239,72,160,121,243],"class_list":["post-215574","post","type-post","status-publish","format-image","has-post-thumbnail","hentry","category-ultimes-noticies","tag-alimentacio-funcional","tag-aliments-de-qualitat","tag-disteco-ca-2","tag-distribuidors-dalimentacio-a-espanya","tag-gad-ca-2","tag-gad-alimentacio-saludable","post_format-post-format-image"],"yoast_head":"<!-- This site is optimized with the Yoast SEO plugin v26.9 - https:\/\/yoast.com\/product\/yoast-seo-wordpress\/ -->\n<title>Alimentaci\u00f3 funcional - GRUP ALIMENTARI DISTECO<\/title>\n<meta name=\"description\" content=\"La dieta es modifica al ritme de les activitats quotidianes i l&#039;alimentaci\u00f3 funcional \u00e9s una manera d&#039;abordar la salut des de la prevenci\u00f3.\" \/>\n<meta name=\"robots\" content=\"index, follow, max-snippet:-1, max-image-preview:large, max-video-preview:-1\" \/>\n<link rel=\"canonical\" href=\"https:\/\/disteco.com\/ca\/alimentacio-funcional\/\" \/>\n<meta property=\"og:locale\" content=\"ca_ES\" \/>\n<meta property=\"og:type\" content=\"article\" \/>\n<meta property=\"og:title\" content=\"Alimentaci\u00f3 funcional - GRUP ALIMENTARI DISTECO\" \/>\n<meta property=\"og:description\" content=\"La dieta es modifica al ritme de les activitats quotidianes i l&#039;alimentaci\u00f3 funcional \u00e9s una manera d&#039;abordar la salut des de la prevenci\u00f3.\" \/>\n<meta property=\"og:url\" content=\"https:\/\/disteco.com\/ca\/alimentacio-funcional\/\" \/>\n<meta property=\"og:site_name\" content=\"GRUP ALIMENTARI DISTECO\" \/>\n<meta property=\"article:publisher\" content=\"https:\/\/www.facebook.com\/grupalimentaridisteco\/\" \/>\n<meta property=\"article:published_time\" content=\"2022-01-28T04:24:00+00:00\" \/>\n<meta property=\"article:modified_time\" content=\"2022-02-04T08:59:38+00:00\" \/>\n<meta property=\"og:image\" content=\"https:\/\/disteco.com\/wp-content\/uploads\/2022\/01\/la-alimentacion-funcional.jpg\" \/>\n\t<meta property=\"og:image:width\" content=\"1920\" \/>\n\t<meta property=\"og:image:height\" content=\"1334\" \/>\n\t<meta property=\"og:image:type\" content=\"image\/jpeg\" \/>\n<meta name=\"author\" content=\"GAD\" \/>\n<meta name=\"twitter:card\" content=\"summary_large_image\" \/>\n<meta name=\"twitter:creator\" content=\"@DistecoGrup\" \/>\n<meta name=\"twitter:site\" content=\"@DistecoGrup\" \/>\n<meta name=\"twitter:label1\" content=\"Escrit per\" \/>\n\t<meta name=\"twitter:data1\" content=\"GAD\" \/>\n\t<meta name=\"twitter:label2\" content=\"Temps estimat de lectura\" \/>\n\t<meta name=\"twitter:data2\" content=\"2 minut\" \/>\n<script type=\"application\/ld+json\" class=\"yoast-schema-graph\">{\"@context\":\"https:\/\/schema.org\",\"@graph\":[{\"@type\":\"Article\",\"@id\":\"https:\/\/disteco.com\/ca\/alimentacio-funcional\/#article\",\"isPartOf\":{\"@id\":\"https:\/\/disteco.com\/ca\/alimentacio-funcional\/\"},\"author\":{\"name\":\"GAD\",\"@id\":\"https:\/\/disteco.com\/ca\/#\/schema\/person\/4ea51f932b94228a72ce3c6332cfd3c0\"},\"headline\":\"Alimentaci\u00f3 funcional\",\"datePublished\":\"2022-01-28T04:24:00+00:00\",\"dateModified\":\"2022-02-04T08:59:38+00:00\",\"mainEntityOfPage\":{\"@id\":\"https:\/\/disteco.com\/ca\/alimentacio-funcional\/\"},\"wordCount\":370,\"commentCount\":0,\"publisher\":{\"@id\":\"https:\/\/disteco.com\/ca\/#organization\"},\"image\":{\"@id\":\"https:\/\/disteco.com\/ca\/alimentacio-funcional\/#primaryimage\"},\"thumbnailUrl\":\"https:\/\/disteco.com\/wp-content\/uploads\/2022\/01\/la-alimentacion-funcional.jpg\",\"keywords\":[\"alimentaci\u00f3 funcional\",\"aliments de qualitat\",\"Disteco\",\"Distribu\u00efdors d'alimentaci\u00f3 a Espanya\",\"GAD\",\"GAD alimentaci\u00f3 saludable\"],\"articleSection\":[\"\u00daltimes not\u00edcies\"],\"inLanguage\":\"ca\",\"potentialAction\":[{\"@type\":\"CommentAction\",\"name\":\"Comment\",\"target\":[\"https:\/\/disteco.com\/ca\/alimentacio-funcional\/#respond\"]}]},{\"@type\":\"WebPage\",\"@id\":\"https:\/\/disteco.com\/ca\/alimentacio-funcional\/\",\"url\":\"https:\/\/disteco.com\/ca\/alimentacio-funcional\/\",\"name\":\"Alimentaci\u00f3 funcional - GRUP ALIMENTARI DISTECO\",\"isPartOf\":{\"@id\":\"https:\/\/disteco.com\/ca\/#website\"},\"primaryImageOfPage\":{\"@id\":\"https:\/\/disteco.com\/ca\/alimentacio-funcional\/#primaryimage\"},\"image\":{\"@id\":\"https:\/\/disteco.com\/ca\/alimentacio-funcional\/#primaryimage\"},\"thumbnailUrl\":\"https:\/\/disteco.com\/wp-content\/uploads\/2022\/01\/la-alimentacion-funcional.jpg\",\"datePublished\":\"2022-01-28T04:24:00+00:00\",\"dateModified\":\"2022-02-04T08:59:38+00:00\",\"description\":\"La dieta es modifica al ritme de les activitats quotidianes i l'alimentaci\u00f3 funcional \u00e9s una manera d'abordar la salut des de la prevenci\u00f3.\",\"breadcrumb\":{\"@id\":\"https:\/\/disteco.com\/ca\/alimentacio-funcional\/#breadcrumb\"},\"inLanguage\":\"ca\",\"potentialAction\":[{\"@type\":\"ReadAction\",\"target\":[\"https:\/\/disteco.com\/ca\/alimentacio-funcional\/\"]}]},{\"@type\":\"ImageObject\",\"inLanguage\":\"ca\",\"@id\":\"https:\/\/disteco.com\/ca\/alimentacio-funcional\/#primaryimage\",\"url\":\"https:\/\/disteco.com\/wp-content\/uploads\/2022\/01\/la-alimentacion-funcional.jpg\",\"contentUrl\":\"https:\/\/disteco.com\/wp-content\/uploads\/2022\/01\/la-alimentacion-funcional.jpg\",\"width\":1920,\"height\":1334,\"caption\":\"Alimentaci\u00f3n funcional\"},{\"@type\":\"BreadcrumbList\",\"@id\":\"https:\/\/disteco.com\/ca\/alimentacio-funcional\/#breadcrumb\",\"itemListElement\":[{\"@type\":\"ListItem\",\"position\":1,\"name\":\"Portada\",\"item\":\"https:\/\/disteco.com\/ca\/\"},{\"@type\":\"ListItem\",\"position\":2,\"name\":\"Alimentaci\u00f3 funcional\"}]},{\"@type\":\"WebSite\",\"@id\":\"https:\/\/disteco.com\/ca\/#website\",\"url\":\"https:\/\/disteco.com\/ca\/\",\"name\":\"GRUP ALIMENTARI DISTECO\",\"description\":\"Distribuci\u00f3 aliment\u00e0ria de productes d'alta qualitat\",\"publisher\":{\"@id\":\"https:\/\/disteco.com\/ca\/#organization\"},\"potentialAction\":[{\"@type\":\"SearchAction\",\"target\":{\"@type\":\"EntryPoint\",\"urlTemplate\":\"https:\/\/disteco.com\/ca\/?s={search_term_string}\"},\"query-input\":{\"@type\":\"PropertyValueSpecification\",\"valueRequired\":true,\"valueName\":\"search_term_string\"}}],\"inLanguage\":\"ca\"},{\"@type\":\"Organization\",\"@id\":\"https:\/\/disteco.com\/ca\/#organization\",\"name\":\"GRUP ALIMENTARI DISTECO\",\"url\":\"https:\/\/disteco.com\/ca\/\",\"logo\":{\"@type\":\"ImageObject\",\"inLanguage\":\"ca\",\"@id\":\"https:\/\/disteco.com\/ca\/#\/schema\/logo\/image\/\",\"url\":\"https:\/\/disteco.com\/wp-content\/uploads\/2017\/03\/logo-grup-alimentari-disteco.png\",\"contentUrl\":\"https:\/\/disteco.com\/wp-content\/uploads\/2017\/03\/logo-grup-alimentari-disteco.png\",\"width\":600,\"height\":61,\"caption\":\"GRUP ALIMENTARI DISTECO\"},\"image\":{\"@id\":\"https:\/\/disteco.com\/ca\/#\/schema\/logo\/image\/\"},\"sameAs\":[\"https:\/\/www.facebook.com\/grupalimentaridisteco\/\",\"https:\/\/x.com\/DistecoGrup\",\"https:\/\/www.instagram.com\/gadisteco\/\",\"https:\/\/www.linkedin.com\/company\/grup-alimentari-disteco\/\",\"https:\/\/www.youtube.com\/@grupalimentaridisteco572\"]},{\"@type\":\"Person\",\"@id\":\"https:\/\/disteco.com\/ca\/#\/schema\/person\/4ea51f932b94228a72ce3c6332cfd3c0\",\"name\":\"GAD\",\"image\":{\"@type\":\"ImageObject\",\"inLanguage\":\"ca\",\"@id\":\"https:\/\/disteco.com\/ca\/#\/schema\/person\/image\/\",\"url\":\"https:\/\/secure.gravatar.com\/avatar\/c03aafdc2e714d25acb2f145eda11ecc45ef17c5219efd6cfba9f6a37f404cfe?s=96&d=mm&r=g\",\"contentUrl\":\"https:\/\/secure.gravatar.com\/avatar\/c03aafdc2e714d25acb2f145eda11ecc45ef17c5219efd6cfba9f6a37f404cfe?s=96&d=mm&r=g\",\"caption\":\"GAD\"},\"url\":\"https:\/\/disteco.com\/ca\/author\/baraka\/\"}]}<\/script>\n<!-- \/ Yoast SEO plugin. -->","yoast_head_json":{"title":"Alimentaci\u00f3 funcional - GRUP ALIMENTARI DISTECO","description":"La dieta es modifica al ritme de les activitats quotidianes i l'alimentaci\u00f3 funcional \u00e9s una manera d'abordar la salut des de la prevenci\u00f3.","robots":{"index":"index","follow":"follow","max-snippet":"max-snippet:-1","max-image-preview":"max-image-preview:large","max-video-preview":"max-video-preview:-1"},"canonical":"https:\/\/disteco.com\/ca\/alimentacio-funcional\/","og_locale":"ca_ES","og_type":"article","og_title":"Alimentaci\u00f3 funcional - GRUP ALIMENTARI DISTECO","og_description":"La dieta es modifica al ritme de les activitats quotidianes i l'alimentaci\u00f3 funcional \u00e9s una manera d'abordar la salut des de la prevenci\u00f3.","og_url":"https:\/\/disteco.com\/ca\/alimentacio-funcional\/","og_site_name":"GRUP ALIMENTARI DISTECO","article_publisher":"https:\/\/www.facebook.com\/grupalimentaridisteco\/","article_published_time":"2022-01-28T04:24:00+00:00","article_modified_time":"2022-02-04T08:59:38+00:00","og_image":[{"width":1920,"height":1334,"url":"https:\/\/disteco.com\/wp-content\/uploads\/2022\/01\/la-alimentacion-funcional.jpg","type":"image\/jpeg"}],"author":"GAD","twitter_card":"summary_large_image","twitter_creator":"@DistecoGrup","twitter_site":"@DistecoGrup","twitter_misc":{"Escrit per":"GAD","Temps estimat de lectura":"2 minut"},"schema":{"@context":"https:\/\/schema.org","@graph":[{"@type":"Article","@id":"https:\/\/disteco.com\/ca\/alimentacio-funcional\/#article","isPartOf":{"@id":"https:\/\/disteco.com\/ca\/alimentacio-funcional\/"},"author":{"name":"GAD","@id":"https:\/\/disteco.com\/ca\/#\/schema\/person\/4ea51f932b94228a72ce3c6332cfd3c0"},"headline":"Alimentaci\u00f3 funcional","datePublished":"2022-01-28T04:24:00+00:00","dateModified":"2022-02-04T08:59:38+00:00","mainEntityOfPage":{"@id":"https:\/\/disteco.com\/ca\/alimentacio-funcional\/"},"wordCount":370,"commentCount":0,"publisher":{"@id":"https:\/\/disteco.com\/ca\/#organization"},"image":{"@id":"https:\/\/disteco.com\/ca\/alimentacio-funcional\/#primaryimage"},"thumbnailUrl":"https:\/\/disteco.com\/wp-content\/uploads\/2022\/01\/la-alimentacion-funcional.jpg","keywords":["alimentaci\u00f3 funcional","aliments de qualitat","Disteco","Distribu\u00efdors d'alimentaci\u00f3 a Espanya","GAD","GAD alimentaci\u00f3 saludable"],"articleSection":["\u00daltimes not\u00edcies"],"inLanguage":"ca","potentialAction":[{"@type":"CommentAction","name":"Comment","target":["https:\/\/disteco.com\/ca\/alimentacio-funcional\/#respond"]}]},{"@type":"WebPage","@id":"https:\/\/disteco.com\/ca\/alimentacio-funcional\/","url":"https:\/\/disteco.com\/ca\/alimentacio-funcional\/","name":"Alimentaci\u00f3 funcional - GRUP ALIMENTARI DISTECO","isPartOf":{"@id":"https:\/\/disteco.com\/ca\/#website"},"primaryImageOfPage":{"@id":"https:\/\/disteco.com\/ca\/alimentacio-funcional\/#primaryimage"},"image":{"@id":"https:\/\/disteco.com\/ca\/alimentacio-funcional\/#primaryimage"},"thumbnailUrl":"https:\/\/disteco.com\/wp-content\/uploads\/2022\/01\/la-alimentacion-funcional.jpg","datePublished":"2022-01-28T04:24:00+00:00","dateModified":"2022-02-04T08:59:38+00:00","description":"La dieta es modifica al ritme de les activitats quotidianes i l'alimentaci\u00f3 funcional \u00e9s una manera d'abordar la salut des de la prevenci\u00f3.","breadcrumb":{"@id":"https:\/\/disteco.com\/ca\/alimentacio-funcional\/#breadcrumb"},"inLanguage":"ca","potentialAction":[{"@type":"ReadAction","target":["https:\/\/disteco.com\/ca\/alimentacio-funcional\/"]}]},{"@type":"ImageObject","inLanguage":"ca","@id":"https:\/\/disteco.com\/ca\/alimentacio-funcional\/#primaryimage","url":"https:\/\/disteco.com\/wp-content\/uploads\/2022\/01\/la-alimentacion-funcional.jpg","contentUrl":"https:\/\/disteco.com\/wp-content\/uploads\/2022\/01\/la-alimentacion-funcional.jpg","width":1920,"height":1334,"caption":"Alimentaci\u00f3n funcional"},{"@type":"BreadcrumbList","@id":"https:\/\/disteco.com\/ca\/alimentacio-funcional\/#breadcrumb","itemListElement":[{"@type":"ListItem","position":1,"name":"Portada","item":"https:\/\/disteco.com\/ca\/"},{"@type":"ListItem","position":2,"name":"Alimentaci\u00f3 funcional"}]},{"@type":"WebSite","@id":"https:\/\/disteco.com\/ca\/#website","url":"https:\/\/disteco.com\/ca\/","name":"GRUP ALIMENTARI DISTECO","description":"Distribuci\u00f3 aliment\u00e0ria de productes d'alta qualitat","publisher":{"@id":"https:\/\/disteco.com\/ca\/#organization"},"potentialAction":[{"@type":"SearchAction","target":{"@type":"EntryPoint","urlTemplate":"https:\/\/disteco.com\/ca\/?s={search_term_string}"},"query-input":{"@type":"PropertyValueSpecification","valueRequired":true,"valueName":"search_term_string"}}],"inLanguage":"ca"},{"@type":"Organization","@id":"https:\/\/disteco.com\/ca\/#organization","name":"GRUP ALIMENTARI DISTECO","url":"https:\/\/disteco.com\/ca\/","logo":{"@type":"ImageObject","inLanguage":"ca","@id":"https:\/\/disteco.com\/ca\/#\/schema\/logo\/image\/","url":"https:\/\/disteco.com\/wp-content\/uploads\/2017\/03\/logo-grup-alimentari-disteco.png","contentUrl":"https:\/\/disteco.com\/wp-content\/uploads\/2017\/03\/logo-grup-alimentari-disteco.png","width":600,"height":61,"caption":"GRUP ALIMENTARI DISTECO"},"image":{"@id":"https:\/\/disteco.com\/ca\/#\/schema\/logo\/image\/"},"sameAs":["https:\/\/www.facebook.com\/grupalimentaridisteco\/","https:\/\/x.com\/DistecoGrup","https:\/\/www.instagram.com\/gadisteco\/","https:\/\/www.linkedin.com\/company\/grup-alimentari-disteco\/","https:\/\/www.youtube.com\/@grupalimentaridisteco572"]},{"@type":"Person","@id":"https:\/\/disteco.com\/ca\/#\/schema\/person\/4ea51f932b94228a72ce3c6332cfd3c0","name":"GAD","image":{"@type":"ImageObject","inLanguage":"ca","@id":"https:\/\/disteco.com\/ca\/#\/schema\/person\/image\/","url":"https:\/\/secure.gravatar.com\/avatar\/c03aafdc2e714d25acb2f145eda11ecc45ef17c5219efd6cfba9f6a37f404cfe?s=96&d=mm&r=g","contentUrl":"https:\/\/secure.gravatar.com\/avatar\/c03aafdc2e714d25acb2f145eda11ecc45ef17c5219efd6cfba9f6a37f404cfe?s=96&d=mm&r=g","caption":"GAD"},"url":"https:\/\/disteco.com\/ca\/author\/baraka\/"}]}},"_links":{"self":[{"href":"https:\/\/disteco.com\/ca\/wp-json\/wp\/v2\/posts\/215574","targetHints":{"allow":["GET"]}}],"collection":[{"href":"https:\/\/disteco.com\/ca\/wp-json\/wp\/v2\/posts"}],"about":[{"href":"https:\/\/disteco.com\/ca\/wp-json\/wp\/v2\/types\/post"}],"author":[{"embeddable":true,"href":"https:\/\/disteco.com\/ca\/wp-json\/wp\/v2\/users\/1"}],"replies":[{"embeddable":true,"href":"https:\/\/disteco.com\/ca\/wp-json\/wp\/v2\/comments?post=215574"}],"version-history":[{"count":3,"href":"https:\/\/disteco.com\/ca\/wp-json\/wp\/v2\/posts\/215574\/revisions"}],"predecessor-version":[{"id":215608,"href":"https:\/\/disteco.com\/ca\/wp-json\/wp\/v2\/posts\/215574\/revisions\/215608"}],"wp:featuredmedia":[{"embeddable":true,"href":"https:\/\/disteco.com\/ca\/wp-json\/wp\/v2\/media\/215566"}],"wp:attachment":[{"href":"https:\/\/disteco.com\/ca\/wp-json\/wp\/v2\/media?parent=215574"}],"wp:term":[{"taxonomy":"category","embeddable":true,"href":"https:\/\/disteco.com\/ca\/wp-json\/wp\/v2\/categories?post=215574"},{"taxonomy":"post_tag","embeddable":true,"href":"https:\/\/disteco.com\/ca\/wp-json\/wp\/v2\/tags?post=215574"}],"curies":[{"name":"wp","href":"https:\/\/api.w.org\/{rel}","templated":true}]}}