{"id":215215,"date":"2021-09-03T02:27:00","date_gmt":"2021-09-03T02:27:00","guid":{"rendered":"https:\/\/disteco.com\/?p=215215"},"modified":"2021-09-03T07:04:12","modified_gmt":"2021-09-03T07:04:12","slug":"el-green-deal-europeu-avanca-amb-lalimentacio","status":"publish","type":"post","link":"https:\/\/disteco.com\/ca\/el-green-deal-europeu-avanca-amb-lalimentacio\/","title":{"rendered":"El Green Deal Europeu avan\u00e7a amb l&#8217;alimentaci\u00f3"},"content":{"rendered":"\n<figure class=\"wp-block-image size-large\"><img loading=\"lazy\" decoding=\"async\" width=\"1024\" height=\"683\" src=\"https:\/\/disteco.com\/wp-content\/uploads\/2022\/09\/el-green-deal-europeo-avanza-con-la-alimentacion-1024x683.jpg\" alt=\"El Green Deal Europeo avanza con la alimentaci\u00f3n saludable y sostenible\" class=\"wp-image-215209\" srcset=\"https:\/\/disteco.com\/wp-content\/uploads\/2022\/09\/el-green-deal-europeo-avanza-con-la-alimentacion-980x653.jpg 980w, https:\/\/disteco.com\/wp-content\/uploads\/2022\/09\/el-green-deal-europeo-avanza-con-la-alimentacion-480x320.jpg 480w\" sizes=\"(min-width: 0px) and (max-width: 480px) 480px, (min-width: 481px) and (max-width: 980px) 980px, (min-width: 981px) 1024px, 100vw\" \/><\/figure>\n\n\n<h6><span style=\"color: #cc0000;\"><strong><em>El Green Deal Europeu avan\u00e7a amb l&#8217;alimentaci\u00f3&nbsp;<\/em><\/strong><\/span><\/h6>\n<h1>&nbsp;<\/h1>\n<h1><strong>El Green Deal Europeu avan\u00e7a amb l&#8217;alimentaci\u00f3 saludable i sostenible<\/strong><\/h1>\n<p>L&#8217;aspiraci\u00f3 de convertir a Europa en el primer continent clim\u00e0ticament neutre es reafirma des d&#8217;Espanya amb l&#8217;aportaci\u00f3 de m\u00e9s de 1000 milions en ajudes per a una producci\u00f3 m\u00e9s responsable i sostenible.<\/p>\n<p>El Pla de Recuperaci\u00f3, Transformaci\u00f3 i Resili\u00e8ncia presentat pel Govern d&#8217;Espanya, i enviat a la Uni\u00f3 Europea, aborda la producci\u00f3 des d&#8217;una agenda urbana i rural en la lluita contra la despoblaci\u00f3 i el desenvolupament de l&#8217;agricultura.<\/p>\n<p>El Pla incorpora reformes que, palanquejades amb un pressupost de 1.051 milions d&#8217;euros, s&#8217;orienten a disminuir la contaminaci\u00f3 de les aig\u00fces, reduir el desaprofitament d&#8217;aliments i promoure l&#8217;agricultura ecol\u00f2gica.<\/p>\n<p>Al mateix temps, aquestes pol\u00edtiques es recolzen en l&#8217;estrat\u00e8gia europea, en particular en el component<strong>&nbsp;<em>Farm&nbsp;to&nbsp;Fork<\/em>&nbsp;(de la granja a la taula)<\/strong>, encoratjant als ciutadans a triar aliments saludables i sostenibles.<\/p>\n<h2>&nbsp;<\/h2>\n<h2><strong>Els aspectes cr\u00edtics per a aconseguir una producci\u00f3 sostenible<\/strong><\/h2>\n<p>El full de ruta que marca el Pacte Verd Europeu planeja objectius ambiciosos, per\u00f2 els pa\u00efsos encara troben molts punts cr\u00edtics per a superar, fins i tot abans d&#8217;abordar el repte d&#8217;una poblaci\u00f3 en implacable creixement.<\/p>\n<p>En l&#8217;eix productiu, l&#8217;erosi\u00f3 dels s\u00f2ls i la gesti\u00f3 del consum d&#8217;aigua s\u00f3n aspectes centrals que demanden l&#8217;adopci\u00f3 de pol\u00edtiques des d&#8217;un enfocament hol\u00edstic.<\/p>\n<p>Per a abordar el desafiament que aix\u00f2 suposa, el Govern Espanyol s&#8217;enfoca a formular pol\u00edtiques que integrin les q\u00fcestions sanit\u00e0ries, socials, econ\u00f2miques i ambientals, amb les urg\u00e8ncies del sistema agroalimentari.<\/p>\n<p>Entre els aspectes m\u00e9s urgents, les pol\u00edtiques promouen:<\/p>\n<ul>\n<li><strong>L&#8217;agricultura ecol\u00f2gica:<\/strong> de moment, nom\u00e9s el 8,1 de la superf\u00edcie agr\u00edcola total es destina a aquesta mena de producci\u00f3.<\/li>\n<li><strong>El canvi generacional:<\/strong> la mitjana d&#8217;edat entre els productors \u00e9s de 53 anys, nom\u00e9s un 5% del total d&#8217;agricultors t\u00e9 menys de 35 anys.<\/li>\n<li><strong>La digitalitzaci\u00f3:<\/strong> de la m\u00e0 de l&#8217;anterior, el mercat exigeix cada vegada m\u00e9s eines digitals en el medi rural.<\/li>\n<li><strong>La reducci\u00f3 en l&#8217;\u00fas de l&#8217;aigua:<\/strong> el consum d&#8217;aigua en la producci\u00f3 agr\u00edcola \u00e9s una preocupaci\u00f3 a escala global, per\u00f2 al mateix temps ho \u00e9s la promoci\u00f3 d&#8217;inversions en regadius m\u00e9s eficients.<\/li>\n<li><strong>Evitar el desaprofitament d&#8217;aliments:<\/strong> el cost econ\u00f2mic de m\u00e9s del 20% dels aliments produ\u00efts supera els 140 mil milions d&#8217;euros.<\/li>\n<\/ul>\n<p>En definitiva, abordant tots aquests punts clau, les reformes en les pol\u00edtiques orientades al sector agroalimentari es concentren en la recerca per a millorar la producci\u00f3 i la innovaci\u00f3 tecnol\u00f2gica.<\/p>\n<p>Les inversions en el desenvolupament de solucions per als sistemes alimentaris contribuiran a enfrontar els desafiaments del desenvolupament sostenible.<\/p>\n<blockquote>\n<h3>En l&#8217;aposta per la digitalitzaci\u00f3, <a href=\"https:\/\/disteco.com\/ca\/\" target=\"_blank\" rel=\"noopener\">Grup Alimentari Disteco<\/a> acompanya a productors i comer\u00e7os de proximitat per a aconseguir la transformaci\u00f3 digital i enfrontar les demandes del mercat en mat\u00e8ria de sostenibilitat.<\/h3>\n<\/blockquote>","protected":false},"excerpt":{"rendered":"<p>L&#8217;aspiraci\u00f3 de convertir a Europa en el primer continent clim\u00e0ticament neutre es reafirma des d&#8217;Espanya<\/p>\n","protected":false},"author":1,"featured_media":215210,"comment_status":"open","ping_status":"open","sticky":false,"template":"","format":"image","meta":{"_et_pb_use_builder":"off","_et_pb_old_content":"","_et_gb_content_width":"","footnotes":""},"categories":[43],"tags":[59,359,243,361,289],"class_list":["post-215215","post","type-post","status-publish","format-image","has-post-thumbnail","hentry","category-ultimes-noticies","tag-alimentacio","tag-europe-ca","tag-gad-alimentacio-saludable","tag-green-deal-ca","tag-sostenibilitat","post_format-post-format-image"],"yoast_head":"<!-- This site is optimized with the Yoast SEO plugin v26.9 - https:\/\/yoast.com\/product\/yoast-seo-wordpress\/ -->\n<title>El Green Deal Europeu avan\u00e7a amb l&#039;alimentaci\u00f3 - GADisteco<\/title>\n<meta name=\"description\" content=\"El Green Deal Europeu avan\u00e7a. L&#039;aspiraci\u00f3 de convertir a Europa en el primer continent clim\u00e0ticament neutre es reafirma des d&#039;Espanya.\" \/>\n<meta name=\"robots\" content=\"index, follow, max-snippet:-1, max-image-preview:large, max-video-preview:-1\" \/>\n<link rel=\"canonical\" href=\"https:\/\/disteco.com\/ca\/el-green-deal-europeu-avanca-amb-lalimentacio\/\" \/>\n<meta property=\"og:locale\" content=\"ca_ES\" \/>\n<meta property=\"og:type\" content=\"article\" \/>\n<meta property=\"og:title\" content=\"El Green Deal Europeu avan\u00e7a amb l&#039;alimentaci\u00f3 - GADisteco\" \/>\n<meta property=\"og:description\" content=\"El Green Deal Europeu avan\u00e7a. L&#039;aspiraci\u00f3 de convertir a Europa en el primer continent clim\u00e0ticament neutre es reafirma des d&#039;Espanya.\" \/>\n<meta property=\"og:url\" content=\"https:\/\/disteco.com\/ca\/el-green-deal-europeu-avanca-amb-lalimentacio\/\" \/>\n<meta property=\"og:site_name\" content=\"GRUP ALIMENTARI DISTECO\" \/>\n<meta property=\"article:publisher\" content=\"https:\/\/www.facebook.com\/grupalimentaridisteco\/\" \/>\n<meta property=\"article:published_time\" content=\"2021-09-03T02:27:00+00:00\" \/>\n<meta property=\"article:modified_time\" content=\"2021-09-03T07:04:12+00:00\" \/>\n<meta property=\"og:image\" content=\"https:\/\/disteco.com\/wp-content\/uploads\/2022\/09\/el-green-deal-europeo-avanza-con-la-alimentacion.jpg\" \/>\n\t<meta property=\"og:image:width\" content=\"1920\" \/>\n\t<meta property=\"og:image:height\" content=\"1280\" \/>\n\t<meta property=\"og:image:type\" content=\"image\/jpeg\" \/>\n<meta name=\"author\" content=\"GAD\" \/>\n<meta name=\"twitter:card\" content=\"summary_large_image\" \/>\n<meta name=\"twitter:creator\" content=\"@DistecoGrup\" \/>\n<meta name=\"twitter:site\" content=\"@DistecoGrup\" \/>\n<meta name=\"twitter:label1\" content=\"Escrit per\" \/>\n\t<meta name=\"twitter:data1\" content=\"GAD\" \/>\n\t<meta name=\"twitter:label2\" content=\"Temps estimat de lectura\" \/>\n\t<meta name=\"twitter:data2\" content=\"3 minut\" \/>\n<script type=\"application\/ld+json\" class=\"yoast-schema-graph\">{\"@context\":\"https:\/\/schema.org\",\"@graph\":[{\"@type\":\"Article\",\"@id\":\"https:\/\/disteco.com\/ca\/el-green-deal-europeu-avanca-amb-lalimentacio\/#article\",\"isPartOf\":{\"@id\":\"https:\/\/disteco.com\/ca\/el-green-deal-europeu-avanca-amb-lalimentacio\/\"},\"author\":{\"name\":\"GAD\",\"@id\":\"https:\/\/disteco.com\/ca\/#\/schema\/person\/4ea51f932b94228a72ce3c6332cfd3c0\"},\"headline\":\"El Green Deal Europeu avan\u00e7a amb l&#8217;alimentaci\u00f3\",\"datePublished\":\"2021-09-03T02:27:00+00:00\",\"dateModified\":\"2021-09-03T07:04:12+00:00\",\"mainEntityOfPage\":{\"@id\":\"https:\/\/disteco.com\/ca\/el-green-deal-europeu-avanca-amb-lalimentacio\/\"},\"wordCount\":528,\"commentCount\":0,\"publisher\":{\"@id\":\"https:\/\/disteco.com\/ca\/#organization\"},\"image\":{\"@id\":\"https:\/\/disteco.com\/ca\/el-green-deal-europeu-avanca-amb-lalimentacio\/#primaryimage\"},\"thumbnailUrl\":\"https:\/\/disteco.com\/wp-content\/uploads\/2022\/09\/el-green-deal-europeo-avanza-con-la-alimentacion.jpg\",\"keywords\":[\"alimentaci\u00f3\",\"Europe\",\"GAD alimentaci\u00f3 saludable\",\"Green Deal\",\"Sostenibilitat\"],\"articleSection\":[\"\u00daltimes not\u00edcies\"],\"inLanguage\":\"ca\",\"potentialAction\":[{\"@type\":\"CommentAction\",\"name\":\"Comment\",\"target\":[\"https:\/\/disteco.com\/ca\/el-green-deal-europeu-avanca-amb-lalimentacio\/#respond\"]}]},{\"@type\":\"WebPage\",\"@id\":\"https:\/\/disteco.com\/ca\/el-green-deal-europeu-avanca-amb-lalimentacio\/\",\"url\":\"https:\/\/disteco.com\/ca\/el-green-deal-europeu-avanca-amb-lalimentacio\/\",\"name\":\"El Green Deal Europeu avan\u00e7a amb l'alimentaci\u00f3 - GADisteco\",\"isPartOf\":{\"@id\":\"https:\/\/disteco.com\/ca\/#website\"},\"primaryImageOfPage\":{\"@id\":\"https:\/\/disteco.com\/ca\/el-green-deal-europeu-avanca-amb-lalimentacio\/#primaryimage\"},\"image\":{\"@id\":\"https:\/\/disteco.com\/ca\/el-green-deal-europeu-avanca-amb-lalimentacio\/#primaryimage\"},\"thumbnailUrl\":\"https:\/\/disteco.com\/wp-content\/uploads\/2022\/09\/el-green-deal-europeo-avanza-con-la-alimentacion.jpg\",\"datePublished\":\"2021-09-03T02:27:00+00:00\",\"dateModified\":\"2021-09-03T07:04:12+00:00\",\"description\":\"El Green Deal Europeu avan\u00e7a. L'aspiraci\u00f3 de convertir a Europa en el primer continent clim\u00e0ticament neutre es reafirma des d'Espanya.\",\"breadcrumb\":{\"@id\":\"https:\/\/disteco.com\/ca\/el-green-deal-europeu-avanca-amb-lalimentacio\/#breadcrumb\"},\"inLanguage\":\"ca\",\"potentialAction\":[{\"@type\":\"ReadAction\",\"target\":[\"https:\/\/disteco.com\/ca\/el-green-deal-europeu-avanca-amb-lalimentacio\/\"]}]},{\"@type\":\"ImageObject\",\"inLanguage\":\"ca\",\"@id\":\"https:\/\/disteco.com\/ca\/el-green-deal-europeu-avanca-amb-lalimentacio\/#primaryimage\",\"url\":\"https:\/\/disteco.com\/wp-content\/uploads\/2022\/09\/el-green-deal-europeo-avanza-con-la-alimentacion.jpg\",\"contentUrl\":\"https:\/\/disteco.com\/wp-content\/uploads\/2022\/09\/el-green-deal-europeo-avanza-con-la-alimentacion.jpg\",\"width\":1920,\"height\":1280,\"caption\":\"El Green Deal Europeo avanza con la alimentaci\u00f3n saludable y sostenible\"},{\"@type\":\"BreadcrumbList\",\"@id\":\"https:\/\/disteco.com\/ca\/el-green-deal-europeu-avanca-amb-lalimentacio\/#breadcrumb\",\"itemListElement\":[{\"@type\":\"ListItem\",\"position\":1,\"name\":\"Portada\",\"item\":\"https:\/\/disteco.com\/ca\/\"},{\"@type\":\"ListItem\",\"position\":2,\"name\":\"El Green Deal Europeu avan\u00e7a amb l&#8217;alimentaci\u00f3\"}]},{\"@type\":\"WebSite\",\"@id\":\"https:\/\/disteco.com\/ca\/#website\",\"url\":\"https:\/\/disteco.com\/ca\/\",\"name\":\"GRUP ALIMENTARI DISTECO\",\"description\":\"Distribuci\u00f3 aliment\u00e0ria de productes d'alta qualitat\",\"publisher\":{\"@id\":\"https:\/\/disteco.com\/ca\/#organization\"},\"potentialAction\":[{\"@type\":\"SearchAction\",\"target\":{\"@type\":\"EntryPoint\",\"urlTemplate\":\"https:\/\/disteco.com\/ca\/?s={search_term_string}\"},\"query-input\":{\"@type\":\"PropertyValueSpecification\",\"valueRequired\":true,\"valueName\":\"search_term_string\"}}],\"inLanguage\":\"ca\"},{\"@type\":\"Organization\",\"@id\":\"https:\/\/disteco.com\/ca\/#organization\",\"name\":\"GRUP ALIMENTARI DISTECO\",\"url\":\"https:\/\/disteco.com\/ca\/\",\"logo\":{\"@type\":\"ImageObject\",\"inLanguage\":\"ca\",\"@id\":\"https:\/\/disteco.com\/ca\/#\/schema\/logo\/image\/\",\"url\":\"https:\/\/disteco.com\/wp-content\/uploads\/2017\/03\/logo-grup-alimentari-disteco.png\",\"contentUrl\":\"https:\/\/disteco.com\/wp-content\/uploads\/2017\/03\/logo-grup-alimentari-disteco.png\",\"width\":600,\"height\":61,\"caption\":\"GRUP ALIMENTARI DISTECO\"},\"image\":{\"@id\":\"https:\/\/disteco.com\/ca\/#\/schema\/logo\/image\/\"},\"sameAs\":[\"https:\/\/www.facebook.com\/grupalimentaridisteco\/\",\"https:\/\/x.com\/DistecoGrup\",\"https:\/\/www.instagram.com\/gadisteco\/\",\"https:\/\/www.linkedin.com\/company\/grup-alimentari-disteco\/\",\"https:\/\/www.youtube.com\/@grupalimentaridisteco572\"]},{\"@type\":\"Person\",\"@id\":\"https:\/\/disteco.com\/ca\/#\/schema\/person\/4ea51f932b94228a72ce3c6332cfd3c0\",\"name\":\"GAD\",\"image\":{\"@type\":\"ImageObject\",\"inLanguage\":\"ca\",\"@id\":\"https:\/\/disteco.com\/ca\/#\/schema\/person\/image\/\",\"url\":\"https:\/\/secure.gravatar.com\/avatar\/c03aafdc2e714d25acb2f145eda11ecc45ef17c5219efd6cfba9f6a37f404cfe?s=96&d=mm&r=g\",\"contentUrl\":\"https:\/\/secure.gravatar.com\/avatar\/c03aafdc2e714d25acb2f145eda11ecc45ef17c5219efd6cfba9f6a37f404cfe?s=96&d=mm&r=g\",\"caption\":\"GAD\"},\"url\":\"https:\/\/disteco.com\/ca\/author\/baraka\/\"}]}<\/script>\n<!-- \/ Yoast SEO plugin. -->","yoast_head_json":{"title":"El Green Deal Europeu avan\u00e7a amb l'alimentaci\u00f3 - GADisteco","description":"El Green Deal Europeu avan\u00e7a. L'aspiraci\u00f3 de convertir a Europa en el primer continent clim\u00e0ticament neutre es reafirma des d'Espanya.","robots":{"index":"index","follow":"follow","max-snippet":"max-snippet:-1","max-image-preview":"max-image-preview:large","max-video-preview":"max-video-preview:-1"},"canonical":"https:\/\/disteco.com\/ca\/el-green-deal-europeu-avanca-amb-lalimentacio\/","og_locale":"ca_ES","og_type":"article","og_title":"El Green Deal Europeu avan\u00e7a amb l'alimentaci\u00f3 - GADisteco","og_description":"El Green Deal Europeu avan\u00e7a. L'aspiraci\u00f3 de convertir a Europa en el primer continent clim\u00e0ticament neutre es reafirma des d'Espanya.","og_url":"https:\/\/disteco.com\/ca\/el-green-deal-europeu-avanca-amb-lalimentacio\/","og_site_name":"GRUP ALIMENTARI DISTECO","article_publisher":"https:\/\/www.facebook.com\/grupalimentaridisteco\/","article_published_time":"2021-09-03T02:27:00+00:00","article_modified_time":"2021-09-03T07:04:12+00:00","og_image":[{"width":1920,"height":1280,"url":"https:\/\/disteco.com\/wp-content\/uploads\/2022\/09\/el-green-deal-europeo-avanza-con-la-alimentacion.jpg","type":"image\/jpeg"}],"author":"GAD","twitter_card":"summary_large_image","twitter_creator":"@DistecoGrup","twitter_site":"@DistecoGrup","twitter_misc":{"Escrit per":"GAD","Temps estimat de lectura":"3 minut"},"schema":{"@context":"https:\/\/schema.org","@graph":[{"@type":"Article","@id":"https:\/\/disteco.com\/ca\/el-green-deal-europeu-avanca-amb-lalimentacio\/#article","isPartOf":{"@id":"https:\/\/disteco.com\/ca\/el-green-deal-europeu-avanca-amb-lalimentacio\/"},"author":{"name":"GAD","@id":"https:\/\/disteco.com\/ca\/#\/schema\/person\/4ea51f932b94228a72ce3c6332cfd3c0"},"headline":"El Green Deal Europeu avan\u00e7a amb l&#8217;alimentaci\u00f3","datePublished":"2021-09-03T02:27:00+00:00","dateModified":"2021-09-03T07:04:12+00:00","mainEntityOfPage":{"@id":"https:\/\/disteco.com\/ca\/el-green-deal-europeu-avanca-amb-lalimentacio\/"},"wordCount":528,"commentCount":0,"publisher":{"@id":"https:\/\/disteco.com\/ca\/#organization"},"image":{"@id":"https:\/\/disteco.com\/ca\/el-green-deal-europeu-avanca-amb-lalimentacio\/#primaryimage"},"thumbnailUrl":"https:\/\/disteco.com\/wp-content\/uploads\/2022\/09\/el-green-deal-europeo-avanza-con-la-alimentacion.jpg","keywords":["alimentaci\u00f3","Europe","GAD alimentaci\u00f3 saludable","Green Deal","Sostenibilitat"],"articleSection":["\u00daltimes not\u00edcies"],"inLanguage":"ca","potentialAction":[{"@type":"CommentAction","name":"Comment","target":["https:\/\/disteco.com\/ca\/el-green-deal-europeu-avanca-amb-lalimentacio\/#respond"]}]},{"@type":"WebPage","@id":"https:\/\/disteco.com\/ca\/el-green-deal-europeu-avanca-amb-lalimentacio\/","url":"https:\/\/disteco.com\/ca\/el-green-deal-europeu-avanca-amb-lalimentacio\/","name":"El Green Deal Europeu avan\u00e7a amb l'alimentaci\u00f3 - GADisteco","isPartOf":{"@id":"https:\/\/disteco.com\/ca\/#website"},"primaryImageOfPage":{"@id":"https:\/\/disteco.com\/ca\/el-green-deal-europeu-avanca-amb-lalimentacio\/#primaryimage"},"image":{"@id":"https:\/\/disteco.com\/ca\/el-green-deal-europeu-avanca-amb-lalimentacio\/#primaryimage"},"thumbnailUrl":"https:\/\/disteco.com\/wp-content\/uploads\/2022\/09\/el-green-deal-europeo-avanza-con-la-alimentacion.jpg","datePublished":"2021-09-03T02:27:00+00:00","dateModified":"2021-09-03T07:04:12+00:00","description":"El Green Deal Europeu avan\u00e7a. L'aspiraci\u00f3 de convertir a Europa en el primer continent clim\u00e0ticament neutre es reafirma des d'Espanya.","breadcrumb":{"@id":"https:\/\/disteco.com\/ca\/el-green-deal-europeu-avanca-amb-lalimentacio\/#breadcrumb"},"inLanguage":"ca","potentialAction":[{"@type":"ReadAction","target":["https:\/\/disteco.com\/ca\/el-green-deal-europeu-avanca-amb-lalimentacio\/"]}]},{"@type":"ImageObject","inLanguage":"ca","@id":"https:\/\/disteco.com\/ca\/el-green-deal-europeu-avanca-amb-lalimentacio\/#primaryimage","url":"https:\/\/disteco.com\/wp-content\/uploads\/2022\/09\/el-green-deal-europeo-avanza-con-la-alimentacion.jpg","contentUrl":"https:\/\/disteco.com\/wp-content\/uploads\/2022\/09\/el-green-deal-europeo-avanza-con-la-alimentacion.jpg","width":1920,"height":1280,"caption":"El Green Deal Europeo avanza con la alimentaci\u00f3n saludable y sostenible"},{"@type":"BreadcrumbList","@id":"https:\/\/disteco.com\/ca\/el-green-deal-europeu-avanca-amb-lalimentacio\/#breadcrumb","itemListElement":[{"@type":"ListItem","position":1,"name":"Portada","item":"https:\/\/disteco.com\/ca\/"},{"@type":"ListItem","position":2,"name":"El Green Deal Europeu avan\u00e7a amb l&#8217;alimentaci\u00f3"}]},{"@type":"WebSite","@id":"https:\/\/disteco.com\/ca\/#website","url":"https:\/\/disteco.com\/ca\/","name":"GRUP ALIMENTARI DISTECO","description":"Distribuci\u00f3 aliment\u00e0ria de productes d'alta qualitat","publisher":{"@id":"https:\/\/disteco.com\/ca\/#organization"},"potentialAction":[{"@type":"SearchAction","target":{"@type":"EntryPoint","urlTemplate":"https:\/\/disteco.com\/ca\/?s={search_term_string}"},"query-input":{"@type":"PropertyValueSpecification","valueRequired":true,"valueName":"search_term_string"}}],"inLanguage":"ca"},{"@type":"Organization","@id":"https:\/\/disteco.com\/ca\/#organization","name":"GRUP ALIMENTARI DISTECO","url":"https:\/\/disteco.com\/ca\/","logo":{"@type":"ImageObject","inLanguage":"ca","@id":"https:\/\/disteco.com\/ca\/#\/schema\/logo\/image\/","url":"https:\/\/disteco.com\/wp-content\/uploads\/2017\/03\/logo-grup-alimentari-disteco.png","contentUrl":"https:\/\/disteco.com\/wp-content\/uploads\/2017\/03\/logo-grup-alimentari-disteco.png","width":600,"height":61,"caption":"GRUP ALIMENTARI DISTECO"},"image":{"@id":"https:\/\/disteco.com\/ca\/#\/schema\/logo\/image\/"},"sameAs":["https:\/\/www.facebook.com\/grupalimentaridisteco\/","https:\/\/x.com\/DistecoGrup","https:\/\/www.instagram.com\/gadisteco\/","https:\/\/www.linkedin.com\/company\/grup-alimentari-disteco\/","https:\/\/www.youtube.com\/@grupalimentaridisteco572"]},{"@type":"Person","@id":"https:\/\/disteco.com\/ca\/#\/schema\/person\/4ea51f932b94228a72ce3c6332cfd3c0","name":"GAD","image":{"@type":"ImageObject","inLanguage":"ca","@id":"https:\/\/disteco.com\/ca\/#\/schema\/person\/image\/","url":"https:\/\/secure.gravatar.com\/avatar\/c03aafdc2e714d25acb2f145eda11ecc45ef17c5219efd6cfba9f6a37f404cfe?s=96&d=mm&r=g","contentUrl":"https:\/\/secure.gravatar.com\/avatar\/c03aafdc2e714d25acb2f145eda11ecc45ef17c5219efd6cfba9f6a37f404cfe?s=96&d=mm&r=g","caption":"GAD"},"url":"https:\/\/disteco.com\/ca\/author\/baraka\/"}]}},"_links":{"self":[{"href":"https:\/\/disteco.com\/ca\/wp-json\/wp\/v2\/posts\/215215","targetHints":{"allow":["GET"]}}],"collection":[{"href":"https:\/\/disteco.com\/ca\/wp-json\/wp\/v2\/posts"}],"about":[{"href":"https:\/\/disteco.com\/ca\/wp-json\/wp\/v2\/types\/post"}],"author":[{"embeddable":true,"href":"https:\/\/disteco.com\/ca\/wp-json\/wp\/v2\/users\/1"}],"replies":[{"embeddable":true,"href":"https:\/\/disteco.com\/ca\/wp-json\/wp\/v2\/comments?post=215215"}],"version-history":[{"count":4,"href":"https:\/\/disteco.com\/ca\/wp-json\/wp\/v2\/posts\/215215\/revisions"}],"predecessor-version":[{"id":215223,"href":"https:\/\/disteco.com\/ca\/wp-json\/wp\/v2\/posts\/215215\/revisions\/215223"}],"wp:featuredmedia":[{"embeddable":true,"href":"https:\/\/disteco.com\/ca\/wp-json\/wp\/v2\/media\/215210"}],"wp:attachment":[{"href":"https:\/\/disteco.com\/ca\/wp-json\/wp\/v2\/media?parent=215215"}],"wp:term":[{"taxonomy":"category","embeddable":true,"href":"https:\/\/disteco.com\/ca\/wp-json\/wp\/v2\/categories?post=215215"},{"taxonomy":"post_tag","embeddable":true,"href":"https:\/\/disteco.com\/ca\/wp-json\/wp\/v2\/tags?post=215215"}],"curies":[{"name":"wp","href":"https:\/\/api.w.org\/{rel}","templated":true}]}}