{"id":213865,"date":"2021-05-14T18:34:00","date_gmt":"2021-05-14T18:34:00","guid":{"rendered":"https:\/\/disteco.com\/el-sector-agroalimentario-espanol-impulsando-la-economia-europea\/"},"modified":"2025-05-11T10:06:02","modified_gmt":"2025-05-11T10:06:02","slug":"el-sector-agroalimentari-espanol-impulsant-leconomia-europea","status":"publish","type":"post","link":"https:\/\/disteco.com\/ca\/el-sector-agroalimentari-espanol-impulsant-leconomia-europea\/","title":{"rendered":"El sector agroalimentari espanyol impulsa l&#8217;economia europea"},"content":{"rendered":"\n<figure class=\"wp-block-image size-large\"><img loading=\"lazy\" decoding=\"async\" width=\"1024\" height=\"680\" src=\"https:\/\/disteco.com\/wp-content\/uploads\/2021\/05\/el-sector-agroalimentario-espanol-impulsando-la-economia-europea-1024x680.jpg\" alt=\"El sector agroalimentari espanyol impulsa l'economia europea\" class=\"wp-image-213846\" srcset=\"https:\/\/disteco.com\/wp-content\/uploads\/2021\/05\/el-sector-agroalimentario-espanol-impulsando-la-economia-europea-980x651.jpg 980w, https:\/\/disteco.com\/wp-content\/uploads\/2021\/05\/el-sector-agroalimentario-espanol-impulsando-la-economia-europea-480x319.jpg 480w\" sizes=\"(min-width: 0px) and (max-width: 480px) 480px, (min-width: 481px) and (max-width: 980px) 980px, (min-width: 981px) 1024px, 100vw\" \/><\/figure>\n\n\n<h6><span style=\"color: #cc0000;\"><em><strong>El sector agroalimentari espanyol impulsa l&#8217;economia europea<\/strong><\/em><\/span><\/h6>\n<h1>&nbsp;<\/h1>\n<h1><strong>El sector agroalimentari espanyol impulsa l&#8217;economia europea<\/strong><\/h1>\n<blockquote>\n<h4>Com a aut\u00e8ntic motor de creixement,<strong>la ind\u00fastria d&#8217;alimentaci\u00f3 i begudes d&#8217;Espanya contribueix al desenvolupament de les economies de la zona euro<\/strong>, sent el principal sector industrial del pa\u00eds.<\/h4>\n<\/blockquote>\n<p>Tot i que, al comen\u00e7ament de la crisi sanit\u00e0ria, es van produir situacions preocupants per a l&#8217;equilibri del sector, el transport i la log\u00edstica de l&#8217;alimentaci\u00f3 es van ajustar r\u00e0pidament i va aconseguir garantir la reposici\u00f3 de g\u00f2ndoles.<\/p>\n<p><span style=\"color: #000000;\"><strong>Aquesta gran capacitat d&#8217;adaptaci\u00f3 es basa en la solidesa del sector agroalimentari espanyol i la capil\u00b7laritat de la ind\u00fastria log\u00edstica i de transport del sector alimentaci\u00f3.<\/strong><\/span><\/p>\n<p>El sector continua creixent any rere any. La seva aportaci\u00f3 suposa al voltant del 3% del PIB i utilitza gaireb\u00e9 mig mili\u00f3 de persones, destacant com el sector m\u00e9s estable quant a generaci\u00f3 d&#8217;ocupaci\u00f3. <\/p>\n<h3><strong>Desafiaments i oportunitats en el futur de la ind\u00fastria aliment\u00e0ria<\/strong><\/h3>\n<p>Tot i que el continu creixement del sector ja no \u00e9s una novetat, la ruta cap a una nova normalitat, superant les etapes m\u00e9s dures de la pand\u00e8mia, requerir\u00e0 m\u00e9s ajustaments:<\/p>\n<ul>\n<li><a href=\"\/?p=213637\" target=\"_blank\" rel=\"noopener\">El canvi als patrons de consum.<\/a> Si b\u00e9 un dels canvis m\u00e9s dr\u00e0stics durant el darrer any va ser la pujada del consum dom\u00e8stic, la despesa en alimentaci\u00f3 va cr\u00e9ixer en supermercats i grans superf\u00edcies durant el darrer any, situaci\u00f3 que posa en tensi\u00f3 el gir cap al comer\u00e7 de proximitat que creixia anys anteriors.<\/li>\n<li><a href=\"\/?p=212911\" target=\"_blank\" rel=\"noopener\"><strong>Creixement del consum electr\u00f2nic.<\/strong><\/a> La distribuci\u00f3 aliment\u00e0ria t\u00e9 m\u00faltiples arestes, per\u00f2 la que m\u00e9s va cr\u00e9ixer est\u00e0 vinculada a l&#8217;e-commerce, canal de vendes que va duplicar la quota de mercat l&#8217;\u00faltim any.<\/li>\n<li><a href=\"\/?p=213470\" target=\"_blank\" rel=\"noopener\"><strong>Exportacions de productes carnis.<\/strong><\/a> Pilar de l&#8217;economia espanyola que, si b\u00e9 va presentar canvis i fluctuacions a l&#8217;\u00faltim any per a alguns productes, va continuar creixent en vendes, destacant la solidesa i rellev\u00e0ncia econ\u00f2mica de la log\u00edstica de l&#8217;alimentaci\u00f3 a nivell internacional.<\/li>\n<li><a href=\"\/?p=213745\" target=\"_blank\" rel=\"noopener\"><strong>La recuperaci\u00f3 de l&#8217;hostaleria<\/strong>.<\/a> Bars i restaurants pengen d&#8217;un fil amb la limitaci\u00f3 sostinguda del turisme, per\u00f2 el retorn del turisme internacional pot revertir r\u00e0pidament aquesta situaci\u00f3 i requereix una distribuci\u00f3 d&#8217;aliments especialitzada en l&#8217;enfocament de l&#8217;hostaleria.<\/li>\n<\/ul>\n<h3><span style=\"color: #000000;\">La cadena aliment\u00e0ria no sols exigeix \u200b\u200bals sectors associats una gran flexibilitat, sin\u00f3 tamb\u00e9 una r\u00e0pida adaptaci\u00f3 a la transformaci\u00f3 digital.<\/span><\/h3>\n<p>Tecnologies que van des de l&#8217;internet de les coses (IoT) i la rob\u00f2tica, fins a l&#8217;\u00fas de drones i la incorporaci\u00f3 de Blockchain permeten garantir la tra\u00e7abilitat dels productes, aportant transpar\u00e8ncia de cada baula.<\/p>\n<blockquote>\n<h4>A <a href=\"https:\/\/disteco.com\/ca\/\" target=\"_blank\" rel=\"noopener\">Grup Alimentari Distecto<\/a> apostem per les tecnologies per garantir una log\u00edstica de l&#8217;alimentaci\u00f3 amb \u00e8xit, ajustant els nostres processos a les necessitats dels clients en diferents canals de comercialitzaci\u00f3.<\/h4>\n<\/blockquote>","protected":false},"excerpt":{"rendered":"<p>Com a aut\u00e8ntic motor de creixement, la ind\u00fastria d&#8217;alimentaci\u00f3 i begudes d&#8217;Espanya contribueix al desenvolupament <\/p>\n","protected":false},"author":1,"featured_media":213847,"comment_status":"open","ping_status":"open","sticky":false,"template":"","format":"image","meta":{"_et_pb_use_builder":"off","_et_pb_old_content":"","_et_gb_content_width":"","footnotes":""},"categories":[43],"tags":[117,282,337,338,339,340,186],"class_list":["post-213865","post","type-post","status-publish","format-image","has-post-thumbnail","hentry","category-ultimes-noticies","tag-distribucio-alimentaria","tag-distribucio-de-begudes","tag-distribucio-gourmet-ca","tag-economia-europea-ca","tag-el-sector-agroalimentario-espanol-impulsando-la-economia-europea-ca","tag-exportaciones-ca","tag-grup-alimentari-disteco-ca","post_format-post-format-image"],"yoast_head":"<!-- This site is optimized with the Yoast SEO plugin v26.9 - https:\/\/yoast.com\/product\/yoast-seo-wordpress\/ -->\n<title>El sector agroalimentari espanyol impulsa l&#039;economia europea - GAD<\/title>\n<meta name=\"description\" content=\"Com a aut\u00e8ntic motor, el sector agroalimentari espanyol contribueix al desenvolupament de les economies de la zona euro.\" \/>\n<meta name=\"robots\" content=\"index, follow, max-snippet:-1, max-image-preview:large, max-video-preview:-1\" \/>\n<link rel=\"canonical\" href=\"https:\/\/disteco.com\/ca\/el-sector-agroalimentari-espanol-impulsant-leconomia-europea\/\" \/>\n<meta property=\"og:locale\" content=\"ca_ES\" \/>\n<meta property=\"og:type\" content=\"article\" \/>\n<meta property=\"og:title\" content=\"El sector agroalimentari espanyol impulsa l&#039;economia europea - GAD\" \/>\n<meta property=\"og:description\" content=\"Com a aut\u00e8ntic motor, el sector agroalimentari espanyol contribueix al desenvolupament de les economies de la zona euro.\" \/>\n<meta property=\"og:url\" content=\"https:\/\/disteco.com\/ca\/el-sector-agroalimentari-espanol-impulsant-leconomia-europea\/\" \/>\n<meta property=\"og:site_name\" content=\"GRUP ALIMENTARI DISTECO\" \/>\n<meta property=\"article:publisher\" content=\"https:\/\/www.facebook.com\/grupalimentaridisteco\/\" \/>\n<meta property=\"article:published_time\" content=\"2021-05-14T18:34:00+00:00\" \/>\n<meta property=\"article:modified_time\" content=\"2025-05-11T10:06:02+00:00\" \/>\n<meta property=\"og:image\" content=\"https:\/\/disteco.com\/wp-content\/uploads\/2021\/05\/el-sector-agroalimentario-espanol-impulsando-la-economia-europea.jpg\" \/>\n\t<meta property=\"og:image:width\" content=\"1920\" \/>\n\t<meta property=\"og:image:height\" content=\"1275\" \/>\n\t<meta property=\"og:image:type\" content=\"image\/jpeg\" \/>\n<meta name=\"author\" content=\"GAD\" \/>\n<meta name=\"twitter:card\" content=\"summary_large_image\" \/>\n<meta name=\"twitter:creator\" content=\"@DistecoGrup\" \/>\n<meta name=\"twitter:site\" content=\"@DistecoGrup\" \/>\n<meta name=\"twitter:label1\" content=\"Escrit per\" \/>\n\t<meta name=\"twitter:data1\" content=\"GAD\" \/>\n\t<meta name=\"twitter:label2\" content=\"Temps estimat de lectura\" \/>\n\t<meta name=\"twitter:data2\" content=\"3 minut\" \/>\n<script type=\"application\/ld+json\" class=\"yoast-schema-graph\">{\"@context\":\"https:\/\/schema.org\",\"@graph\":[{\"@type\":\"Article\",\"@id\":\"https:\/\/disteco.com\/ca\/el-sector-agroalimentari-espanol-impulsant-leconomia-europea\/#article\",\"isPartOf\":{\"@id\":\"https:\/\/disteco.com\/ca\/el-sector-agroalimentari-espanol-impulsant-leconomia-europea\/\"},\"author\":{\"name\":\"GAD\",\"@id\":\"https:\/\/disteco.com\/ca\/#\/schema\/person\/4ea51f932b94228a72ce3c6332cfd3c0\"},\"headline\":\"El sector agroalimentari espanyol impulsa l&#8217;economia europea\",\"datePublished\":\"2021-05-14T18:34:00+00:00\",\"dateModified\":\"2025-05-11T10:06:02+00:00\",\"mainEntityOfPage\":{\"@id\":\"https:\/\/disteco.com\/ca\/el-sector-agroalimentari-espanol-impulsant-leconomia-europea\/\"},\"wordCount\":499,\"commentCount\":0,\"publisher\":{\"@id\":\"https:\/\/disteco.com\/ca\/#organization\"},\"image\":{\"@id\":\"https:\/\/disteco.com\/ca\/el-sector-agroalimentari-espanol-impulsant-leconomia-europea\/#primaryimage\"},\"thumbnailUrl\":\"https:\/\/disteco.com\/wp-content\/uploads\/2021\/05\/el-sector-agroalimentario-espanol-impulsando-la-economia-europea.jpg\",\"keywords\":[\"distribuci\u00f3 alimentaria\",\"distribuci\u00f3 de begudes\",\"distribuci\u00f3 gourmet\",\"econom\u00eda europea\",\"El sector agroalimentario espa\u00f1ol impulsando la econom\u00eda europea\",\"exportaciones\",\"grup alimentari disteco\"],\"articleSection\":[\"\u00daltimes not\u00edcies\"],\"inLanguage\":\"ca\",\"potentialAction\":[{\"@type\":\"CommentAction\",\"name\":\"Comment\",\"target\":[\"https:\/\/disteco.com\/ca\/el-sector-agroalimentari-espanol-impulsant-leconomia-europea\/#respond\"]}]},{\"@type\":\"WebPage\",\"@id\":\"https:\/\/disteco.com\/ca\/el-sector-agroalimentari-espanol-impulsant-leconomia-europea\/\",\"url\":\"https:\/\/disteco.com\/ca\/el-sector-agroalimentari-espanol-impulsant-leconomia-europea\/\",\"name\":\"El sector agroalimentari espanyol impulsa l'economia europea - GAD\",\"isPartOf\":{\"@id\":\"https:\/\/disteco.com\/ca\/#website\"},\"primaryImageOfPage\":{\"@id\":\"https:\/\/disteco.com\/ca\/el-sector-agroalimentari-espanol-impulsant-leconomia-europea\/#primaryimage\"},\"image\":{\"@id\":\"https:\/\/disteco.com\/ca\/el-sector-agroalimentari-espanol-impulsant-leconomia-europea\/#primaryimage\"},\"thumbnailUrl\":\"https:\/\/disteco.com\/wp-content\/uploads\/2021\/05\/el-sector-agroalimentario-espanol-impulsando-la-economia-europea.jpg\",\"datePublished\":\"2021-05-14T18:34:00+00:00\",\"dateModified\":\"2025-05-11T10:06:02+00:00\",\"description\":\"Com a aut\u00e8ntic motor, el sector agroalimentari espanyol contribueix al desenvolupament de les economies de la zona euro.\",\"breadcrumb\":{\"@id\":\"https:\/\/disteco.com\/ca\/el-sector-agroalimentari-espanol-impulsant-leconomia-europea\/#breadcrumb\"},\"inLanguage\":\"ca\",\"potentialAction\":[{\"@type\":\"ReadAction\",\"target\":[\"https:\/\/disteco.com\/ca\/el-sector-agroalimentari-espanol-impulsant-leconomia-europea\/\"]}]},{\"@type\":\"ImageObject\",\"inLanguage\":\"ca\",\"@id\":\"https:\/\/disteco.com\/ca\/el-sector-agroalimentari-espanol-impulsant-leconomia-europea\/#primaryimage\",\"url\":\"https:\/\/disteco.com\/wp-content\/uploads\/2021\/05\/el-sector-agroalimentario-espanol-impulsando-la-economia-europea.jpg\",\"contentUrl\":\"https:\/\/disteco.com\/wp-content\/uploads\/2021\/05\/el-sector-agroalimentario-espanol-impulsando-la-economia-europea.jpg\",\"width\":1920,\"height\":1275,\"caption\":\"El sector agroalimentari espanyol impulsa l'economia europea\"},{\"@type\":\"BreadcrumbList\",\"@id\":\"https:\/\/disteco.com\/ca\/el-sector-agroalimentari-espanol-impulsant-leconomia-europea\/#breadcrumb\",\"itemListElement\":[{\"@type\":\"ListItem\",\"position\":1,\"name\":\"Portada\",\"item\":\"https:\/\/disteco.com\/ca\/\"},{\"@type\":\"ListItem\",\"position\":2,\"name\":\"El sector agroalimentari espanyol impulsa l&#8217;economia europea\"}]},{\"@type\":\"WebSite\",\"@id\":\"https:\/\/disteco.com\/ca\/#website\",\"url\":\"https:\/\/disteco.com\/ca\/\",\"name\":\"GRUP ALIMENTARI DISTECO\",\"description\":\"Distribuci\u00f3 aliment\u00e0ria de productes d'alta qualitat\",\"publisher\":{\"@id\":\"https:\/\/disteco.com\/ca\/#organization\"},\"potentialAction\":[{\"@type\":\"SearchAction\",\"target\":{\"@type\":\"EntryPoint\",\"urlTemplate\":\"https:\/\/disteco.com\/ca\/?s={search_term_string}\"},\"query-input\":{\"@type\":\"PropertyValueSpecification\",\"valueRequired\":true,\"valueName\":\"search_term_string\"}}],\"inLanguage\":\"ca\"},{\"@type\":\"Organization\",\"@id\":\"https:\/\/disteco.com\/ca\/#organization\",\"name\":\"GRUP ALIMENTARI DISTECO\",\"url\":\"https:\/\/disteco.com\/ca\/\",\"logo\":{\"@type\":\"ImageObject\",\"inLanguage\":\"ca\",\"@id\":\"https:\/\/disteco.com\/ca\/#\/schema\/logo\/image\/\",\"url\":\"https:\/\/disteco.com\/wp-content\/uploads\/2017\/03\/logo-grup-alimentari-disteco.png\",\"contentUrl\":\"https:\/\/disteco.com\/wp-content\/uploads\/2017\/03\/logo-grup-alimentari-disteco.png\",\"width\":600,\"height\":61,\"caption\":\"GRUP ALIMENTARI DISTECO\"},\"image\":{\"@id\":\"https:\/\/disteco.com\/ca\/#\/schema\/logo\/image\/\"},\"sameAs\":[\"https:\/\/www.facebook.com\/grupalimentaridisteco\/\",\"https:\/\/x.com\/DistecoGrup\",\"https:\/\/www.instagram.com\/gadisteco\/\",\"https:\/\/www.linkedin.com\/company\/grup-alimentari-disteco\/\",\"https:\/\/www.youtube.com\/@grupalimentaridisteco572\"]},{\"@type\":\"Person\",\"@id\":\"https:\/\/disteco.com\/ca\/#\/schema\/person\/4ea51f932b94228a72ce3c6332cfd3c0\",\"name\":\"GAD\",\"image\":{\"@type\":\"ImageObject\",\"inLanguage\":\"ca\",\"@id\":\"https:\/\/disteco.com\/ca\/#\/schema\/person\/image\/\",\"url\":\"https:\/\/secure.gravatar.com\/avatar\/c03aafdc2e714d25acb2f145eda11ecc45ef17c5219efd6cfba9f6a37f404cfe?s=96&d=mm&r=g\",\"contentUrl\":\"https:\/\/secure.gravatar.com\/avatar\/c03aafdc2e714d25acb2f145eda11ecc45ef17c5219efd6cfba9f6a37f404cfe?s=96&d=mm&r=g\",\"caption\":\"GAD\"},\"url\":\"https:\/\/disteco.com\/ca\/author\/baraka\/\"}]}<\/script>\n<!-- \/ Yoast SEO plugin. -->","yoast_head_json":{"title":"El sector agroalimentari espanyol impulsa l'economia europea - GAD","description":"Com a aut\u00e8ntic motor, el sector agroalimentari espanyol contribueix al desenvolupament de les economies de la zona euro.","robots":{"index":"index","follow":"follow","max-snippet":"max-snippet:-1","max-image-preview":"max-image-preview:large","max-video-preview":"max-video-preview:-1"},"canonical":"https:\/\/disteco.com\/ca\/el-sector-agroalimentari-espanol-impulsant-leconomia-europea\/","og_locale":"ca_ES","og_type":"article","og_title":"El sector agroalimentari espanyol impulsa l'economia europea - GAD","og_description":"Com a aut\u00e8ntic motor, el sector agroalimentari espanyol contribueix al desenvolupament de les economies de la zona euro.","og_url":"https:\/\/disteco.com\/ca\/el-sector-agroalimentari-espanol-impulsant-leconomia-europea\/","og_site_name":"GRUP ALIMENTARI DISTECO","article_publisher":"https:\/\/www.facebook.com\/grupalimentaridisteco\/","article_published_time":"2021-05-14T18:34:00+00:00","article_modified_time":"2025-05-11T10:06:02+00:00","og_image":[{"width":1920,"height":1275,"url":"https:\/\/disteco.com\/wp-content\/uploads\/2021\/05\/el-sector-agroalimentario-espanol-impulsando-la-economia-europea.jpg","type":"image\/jpeg"}],"author":"GAD","twitter_card":"summary_large_image","twitter_creator":"@DistecoGrup","twitter_site":"@DistecoGrup","twitter_misc":{"Escrit per":"GAD","Temps estimat de lectura":"3 minut"},"schema":{"@context":"https:\/\/schema.org","@graph":[{"@type":"Article","@id":"https:\/\/disteco.com\/ca\/el-sector-agroalimentari-espanol-impulsant-leconomia-europea\/#article","isPartOf":{"@id":"https:\/\/disteco.com\/ca\/el-sector-agroalimentari-espanol-impulsant-leconomia-europea\/"},"author":{"name":"GAD","@id":"https:\/\/disteco.com\/ca\/#\/schema\/person\/4ea51f932b94228a72ce3c6332cfd3c0"},"headline":"El sector agroalimentari espanyol impulsa l&#8217;economia europea","datePublished":"2021-05-14T18:34:00+00:00","dateModified":"2025-05-11T10:06:02+00:00","mainEntityOfPage":{"@id":"https:\/\/disteco.com\/ca\/el-sector-agroalimentari-espanol-impulsant-leconomia-europea\/"},"wordCount":499,"commentCount":0,"publisher":{"@id":"https:\/\/disteco.com\/ca\/#organization"},"image":{"@id":"https:\/\/disteco.com\/ca\/el-sector-agroalimentari-espanol-impulsant-leconomia-europea\/#primaryimage"},"thumbnailUrl":"https:\/\/disteco.com\/wp-content\/uploads\/2021\/05\/el-sector-agroalimentario-espanol-impulsando-la-economia-europea.jpg","keywords":["distribuci\u00f3 alimentaria","distribuci\u00f3 de begudes","distribuci\u00f3 gourmet","econom\u00eda europea","El sector agroalimentario espa\u00f1ol impulsando la econom\u00eda europea","exportaciones","grup alimentari disteco"],"articleSection":["\u00daltimes not\u00edcies"],"inLanguage":"ca","potentialAction":[{"@type":"CommentAction","name":"Comment","target":["https:\/\/disteco.com\/ca\/el-sector-agroalimentari-espanol-impulsant-leconomia-europea\/#respond"]}]},{"@type":"WebPage","@id":"https:\/\/disteco.com\/ca\/el-sector-agroalimentari-espanol-impulsant-leconomia-europea\/","url":"https:\/\/disteco.com\/ca\/el-sector-agroalimentari-espanol-impulsant-leconomia-europea\/","name":"El sector agroalimentari espanyol impulsa l'economia europea - GAD","isPartOf":{"@id":"https:\/\/disteco.com\/ca\/#website"},"primaryImageOfPage":{"@id":"https:\/\/disteco.com\/ca\/el-sector-agroalimentari-espanol-impulsant-leconomia-europea\/#primaryimage"},"image":{"@id":"https:\/\/disteco.com\/ca\/el-sector-agroalimentari-espanol-impulsant-leconomia-europea\/#primaryimage"},"thumbnailUrl":"https:\/\/disteco.com\/wp-content\/uploads\/2021\/05\/el-sector-agroalimentario-espanol-impulsando-la-economia-europea.jpg","datePublished":"2021-05-14T18:34:00+00:00","dateModified":"2025-05-11T10:06:02+00:00","description":"Com a aut\u00e8ntic motor, el sector agroalimentari espanyol contribueix al desenvolupament de les economies de la zona euro.","breadcrumb":{"@id":"https:\/\/disteco.com\/ca\/el-sector-agroalimentari-espanol-impulsant-leconomia-europea\/#breadcrumb"},"inLanguage":"ca","potentialAction":[{"@type":"ReadAction","target":["https:\/\/disteco.com\/ca\/el-sector-agroalimentari-espanol-impulsant-leconomia-europea\/"]}]},{"@type":"ImageObject","inLanguage":"ca","@id":"https:\/\/disteco.com\/ca\/el-sector-agroalimentari-espanol-impulsant-leconomia-europea\/#primaryimage","url":"https:\/\/disteco.com\/wp-content\/uploads\/2021\/05\/el-sector-agroalimentario-espanol-impulsando-la-economia-europea.jpg","contentUrl":"https:\/\/disteco.com\/wp-content\/uploads\/2021\/05\/el-sector-agroalimentario-espanol-impulsando-la-economia-europea.jpg","width":1920,"height":1275,"caption":"El sector agroalimentari espanyol impulsa l'economia europea"},{"@type":"BreadcrumbList","@id":"https:\/\/disteco.com\/ca\/el-sector-agroalimentari-espanol-impulsant-leconomia-europea\/#breadcrumb","itemListElement":[{"@type":"ListItem","position":1,"name":"Portada","item":"https:\/\/disteco.com\/ca\/"},{"@type":"ListItem","position":2,"name":"El sector agroalimentari espanyol impulsa l&#8217;economia europea"}]},{"@type":"WebSite","@id":"https:\/\/disteco.com\/ca\/#website","url":"https:\/\/disteco.com\/ca\/","name":"GRUP ALIMENTARI DISTECO","description":"Distribuci\u00f3 aliment\u00e0ria de productes d'alta qualitat","publisher":{"@id":"https:\/\/disteco.com\/ca\/#organization"},"potentialAction":[{"@type":"SearchAction","target":{"@type":"EntryPoint","urlTemplate":"https:\/\/disteco.com\/ca\/?s={search_term_string}"},"query-input":{"@type":"PropertyValueSpecification","valueRequired":true,"valueName":"search_term_string"}}],"inLanguage":"ca"},{"@type":"Organization","@id":"https:\/\/disteco.com\/ca\/#organization","name":"GRUP ALIMENTARI DISTECO","url":"https:\/\/disteco.com\/ca\/","logo":{"@type":"ImageObject","inLanguage":"ca","@id":"https:\/\/disteco.com\/ca\/#\/schema\/logo\/image\/","url":"https:\/\/disteco.com\/wp-content\/uploads\/2017\/03\/logo-grup-alimentari-disteco.png","contentUrl":"https:\/\/disteco.com\/wp-content\/uploads\/2017\/03\/logo-grup-alimentari-disteco.png","width":600,"height":61,"caption":"GRUP ALIMENTARI DISTECO"},"image":{"@id":"https:\/\/disteco.com\/ca\/#\/schema\/logo\/image\/"},"sameAs":["https:\/\/www.facebook.com\/grupalimentaridisteco\/","https:\/\/x.com\/DistecoGrup","https:\/\/www.instagram.com\/gadisteco\/","https:\/\/www.linkedin.com\/company\/grup-alimentari-disteco\/","https:\/\/www.youtube.com\/@grupalimentaridisteco572"]},{"@type":"Person","@id":"https:\/\/disteco.com\/ca\/#\/schema\/person\/4ea51f932b94228a72ce3c6332cfd3c0","name":"GAD","image":{"@type":"ImageObject","inLanguage":"ca","@id":"https:\/\/disteco.com\/ca\/#\/schema\/person\/image\/","url":"https:\/\/secure.gravatar.com\/avatar\/c03aafdc2e714d25acb2f145eda11ecc45ef17c5219efd6cfba9f6a37f404cfe?s=96&d=mm&r=g","contentUrl":"https:\/\/secure.gravatar.com\/avatar\/c03aafdc2e714d25acb2f145eda11ecc45ef17c5219efd6cfba9f6a37f404cfe?s=96&d=mm&r=g","caption":"GAD"},"url":"https:\/\/disteco.com\/ca\/author\/baraka\/"}]}},"_links":{"self":[{"href":"https:\/\/disteco.com\/ca\/wp-json\/wp\/v2\/posts\/213865","targetHints":{"allow":["GET"]}}],"collection":[{"href":"https:\/\/disteco.com\/ca\/wp-json\/wp\/v2\/posts"}],"about":[{"href":"https:\/\/disteco.com\/ca\/wp-json\/wp\/v2\/types\/post"}],"author":[{"embeddable":true,"href":"https:\/\/disteco.com\/ca\/wp-json\/wp\/v2\/users\/1"}],"replies":[{"embeddable":true,"href":"https:\/\/disteco.com\/ca\/wp-json\/wp\/v2\/comments?post=213865"}],"version-history":[{"count":3,"href":"https:\/\/disteco.com\/ca\/wp-json\/wp\/v2\/posts\/213865\/revisions"}],"predecessor-version":[{"id":257094,"href":"https:\/\/disteco.com\/ca\/wp-json\/wp\/v2\/posts\/213865\/revisions\/257094"}],"wp:featuredmedia":[{"embeddable":true,"href":"https:\/\/disteco.com\/ca\/wp-json\/wp\/v2\/media\/213847"}],"wp:attachment":[{"href":"https:\/\/disteco.com\/ca\/wp-json\/wp\/v2\/media?parent=213865"}],"wp:term":[{"taxonomy":"category","embeddable":true,"href":"https:\/\/disteco.com\/ca\/wp-json\/wp\/v2\/categories?post=213865"},{"taxonomy":"post_tag","embeddable":true,"href":"https:\/\/disteco.com\/ca\/wp-json\/wp\/v2\/tags?post=213865"}],"curies":[{"name":"wp","href":"https:\/\/api.w.org\/{rel}","templated":true}]}}