{"id":213826,"date":"2021-05-06T13:08:26","date_gmt":"2021-05-06T13:08:26","guid":{"rendered":"https:\/\/disteco.com\/el-sector-alimentario-y-el-cambio-climatico\/"},"modified":"2025-05-11T11:12:56","modified_gmt":"2025-05-11T11:12:56","slug":"el-sector-alimentari-i-el-canvi-climatic","status":"publish","type":"post","link":"https:\/\/disteco.com\/ca\/el-sector-alimentari-i-el-canvi-climatic\/","title":{"rendered":"El sector alimentari i el canvi clim\u00e0tic"},"content":{"rendered":"\n<figure class=\"wp-block-image size-large\"><img loading=\"lazy\" decoding=\"async\" width=\"1024\" height=\"575\" src=\"https:\/\/disteco.com\/wp-content\/uploads\/2020\/11\/una-revolucion-en-la-industria-alimentaria-GAD-1024x575.webp\" alt=\"Sostenibilitat, tra&#xE7;abilitat i salubritat ens encaminen cap a una gran revoluci&#xF3; a la ind&#xFA;stria aliment&#xE0;ria\" class=\"wp-image-257103\" srcset=\"https:\/\/disteco.com\/wp-content\/uploads\/2020\/11\/una-revolucion-en-la-industria-alimentaria-GAD-1024x575.webp 1024w, https:\/\/disteco.com\/wp-content\/uploads\/2020\/11\/una-revolucion-en-la-industria-alimentaria-GAD-980x551.webp 980w, https:\/\/disteco.com\/wp-content\/uploads\/2020\/11\/una-revolucion-en-la-industria-alimentaria-GAD-480x270.webp 480w\" sizes=\"(min-width: 0px) and (max-width: 480px) 480px, (min-width: 481px) and (max-width: 980px) 980px, (min-width: 981px) 1024px, 100vw\" \/><\/figure>\n<h6><span style=\"color: #cc0000;\"><strong><em>El sector alimentari i el canvi clim\u00e0tic<\/em><\/strong><\/span><\/h6>\n<h3> <\/h3>\n<h3><strong>L&#8217;impacte del sector alimentari al canvi clim\u00e0tic<\/strong><\/h3>\n<p>Tot i que totes les activitats humanes tenen un impacte en el medi ambient, el sector alimentari sempre ha estat a la mira i \u00e9s temps de pensar quin valor positiu pot tenir en <a href=\"\/?p=212645\" target=\"_blank\" rel=\"noopener\">la lluita contra el canvi clim\u00e0tic.<\/a><\/p>\n<p>La ind\u00fastria aliment\u00e0ria i els sectors productius associats estan enlla\u00e7ats amb cada moment del nostre dia a dia, i totes les nostres activitats es basen en lenergia que els aliments proveeixen al nostre organisme.<\/p>\n<p>Aquest combustible per a la vida s&#8217;obt\u00e9 de diferents mat\u00e8ries primeres, amb base a les terres productives, i gr\u00e0cies a una major o menor elaboraci\u00f3 en diferents processos industrials o artesanals a escala.<\/p>\n<p>Sovint, l&#8217;impacte del sector alimentari s\u201fobserva arran de l&#8217;impacte negatiu d&#8217;alguns tipus de producci\u00f3 en contraposici\u00f3 a m\u00e8todes productius potencialment m\u00e9s sostenibles.<\/p>\n<blockquote>\n<h5><span style=\"color: #000000;\">Per\u00f2, sent una ind\u00fastria indispensable per alimentar la creixent poblaci\u00f3 mundial<\/span><\/h5>\n<h2><span style=\"color: #cc0000;\">El sector alimentari podria tenir un impacte positiu en la lluita contra el canvi clim\u00e0tic?<\/span><\/h2>\n<\/blockquote>\n<h1> <\/h1>\n<h1><span style=\"color: #000000;\"><strong>Aplicant regles SMART a la producci\u00f3 i distribuci\u00f3 d&#8217;aliments<\/strong><\/span><\/h1>\n<p>Si b\u00e9 \u00e9s indispensable comen\u00e7ar des del canvi cap a una dieta m\u00e9s equilibrada i amb menys malbaratament d&#8217;aliments, la millora dels sistemes productius i de transport s\u00f3n peces clau per a un sector alimentari m\u00e9s sostenible.<\/p>\n<p>Els experts en diferents \u00e0mbits argumenten que \u00e9s possible enfrontar el canvi clim\u00e0tic a partir de la incorporaci\u00f3 de tres mesures de governan\u00e7a m\u00e9s eficients i intel\u00b7ligents:<\/p>\n<ul>\n<li><strong>Climate-smart agriculture (CSA)<\/strong>: una agricultura clim\u00e0ticament intel\u00b7ligent o adaptada al clima, que incorpora mesures ajustades als sistemes integrats en produccions de mitjana i gran escala amb un gran potencial de mitigaci\u00f3 i adaptaci\u00f3 al canvi clim\u00e0tic.<\/li>\n<li><strong>Optimitzar la cadena de subministrament<\/strong>: tamb\u00e9 amb la incorporaci\u00f3 de diferents aplicacions de la intel\u00b7lig\u00e8ncia artificial i de l&#8217;internet de les coses per controlar de manera m\u00e9s eficients els cultius, la collita o la recol\u00b7lecci\u00f3 i l&#8217;aplicaci\u00f3 de productes sanitaris, fins a predir millor la demanda d&#8217;aliments a les g\u00f2ndoles i evitar la p\u00e8rdua o la deixalla d&#8217;aliments millorant les aplicacions de venda.<\/li>\n<li><strong>Reduir les emissions del transport<\/strong>: aplicant tecnologies que permetin optimitzar les rutes de transport i la distribuci\u00f3 d&#8217;aliments de proximitat, alhora que s&#8217;aconsegueixen m\u00e9s innovacions eficients als vehicles de c\u00e0rrega.<\/li>\n<\/ul>\n<p>Tots tres aspectes tenen un fort component tecnol\u00f2gic i \u00e9s, sens dubte, el pas m\u00e9s important en l&#8217;estudi dels impactes del sector alimentari al medi ambient i en la lluita contra el canvi clim\u00e0tic.<\/p>\n<blockquote>\n<h4><strong>Des de Grup Alimentari Disteco renovem constantment el nostre comprom\u00eds amb el medi ambient<\/strong> aplicant totes les tecnologies al nostre abast per optimitzar la distribuci\u00f3 al sector alimentaci\u00f3 reduint la nostra empremta clim\u00e0tica.<\/h4>\n<\/blockquote>\n","protected":false},"excerpt":{"rendered":"<p>Tot i que totes les activitats humanes tenen un impacte en el medi ambient, el sector alimentari sempre ha estat a la mira <\/p>\n","protected":false},"author":1,"featured_media":212984,"comment_status":"open","ping_status":"open","sticky":false,"template":"","format":"image","meta":{"_et_pb_use_builder":"off","_et_pb_old_content":"","_et_gb_content_width":"","footnotes":""},"categories":[43],"tags":[325,324,117,261,281,228,323,289],"class_list":["post-213826","post","type-post","status-publish","format-image","has-post-thumbnail","hentry","category-ultimes-noticies","tag-canvi-climatic","tag-climate-smart-agriculture","tag-distribucio-alimentaria","tag-distribucio-gourmet","tag-logistica-de-proximidad","tag-sectors-de-lalimentacio","tag-smart","tag-sostenibilitat","post_format-post-format-image"],"yoast_head":"<!-- This site is optimized with the Yoast SEO plugin v26.9 - https:\/\/yoast.com\/product\/yoast-seo-wordpress\/ -->\n<title>El sector alimentari i el canvi clim\u00e0tic - GRUP ALIMENTARI DISTECO<\/title>\n<meta name=\"description\" content=\"\u00bf El sector alimentari podria tenir un impacte positiu en la lluita contra el canvi clim\u00e0tic? S\u00ed, aplicant regles SMART.\" \/>\n<meta name=\"robots\" content=\"index, follow, max-snippet:-1, max-image-preview:large, max-video-preview:-1\" \/>\n<link rel=\"canonical\" href=\"https:\/\/disteco.com\/ca\/el-sector-alimentari-i-el-canvi-climatic\/\" \/>\n<meta property=\"og:locale\" content=\"ca_ES\" \/>\n<meta property=\"og:type\" content=\"article\" \/>\n<meta property=\"og:title\" content=\"El sector alimentari i el canvi clim\u00e0tic - GRUP ALIMENTARI DISTECO\" \/>\n<meta property=\"og:description\" content=\"\u00bf El sector alimentari podria tenir un impacte positiu en la lluita contra el canvi clim\u00e0tic? S\u00ed, aplicant regles SMART.\" \/>\n<meta property=\"og:url\" content=\"https:\/\/disteco.com\/ca\/el-sector-alimentari-i-el-canvi-climatic\/\" \/>\n<meta property=\"og:site_name\" content=\"GRUP ALIMENTARI DISTECO\" \/>\n<meta property=\"article:publisher\" content=\"https:\/\/www.facebook.com\/grupalimentaridisteco\/\" \/>\n<meta property=\"article:published_time\" content=\"2021-05-06T13:08:26+00:00\" \/>\n<meta property=\"article:modified_time\" content=\"2025-05-11T11:12:56+00:00\" \/>\n<meta property=\"og:image\" content=\"https:\/\/disteco.com\/wp-content\/uploads\/2020\/11\/una-revolucion-en-la-industria-alimentaria.png\" \/>\n\t<meta property=\"og:image:width\" content=\"1246\" \/>\n\t<meta property=\"og:image:height\" content=\"700\" \/>\n\t<meta property=\"og:image:type\" content=\"image\/png\" \/>\n<meta name=\"author\" content=\"GAD\" \/>\n<meta name=\"twitter:card\" content=\"summary_large_image\" \/>\n<meta name=\"twitter:creator\" content=\"@DistecoGrup\" \/>\n<meta name=\"twitter:site\" content=\"@DistecoGrup\" \/>\n<meta name=\"twitter:label1\" content=\"Escrit per\" \/>\n\t<meta name=\"twitter:data1\" content=\"GAD\" \/>\n\t<meta name=\"twitter:label2\" content=\"Temps estimat de lectura\" \/>\n\t<meta name=\"twitter:data2\" content=\"3 minut\" \/>\n<script type=\"application\/ld+json\" class=\"yoast-schema-graph\">{\"@context\":\"https:\/\/schema.org\",\"@graph\":[{\"@type\":\"Article\",\"@id\":\"https:\/\/disteco.com\/ca\/el-sector-alimentari-i-el-canvi-climatic\/#article\",\"isPartOf\":{\"@id\":\"https:\/\/disteco.com\/ca\/el-sector-alimentari-i-el-canvi-climatic\/\"},\"author\":{\"name\":\"GAD\",\"@id\":\"https:\/\/disteco.com\/ca\/#\/schema\/person\/4ea51f932b94228a72ce3c6332cfd3c0\"},\"headline\":\"El sector alimentari i el canvi clim\u00e0tic\",\"datePublished\":\"2021-05-06T13:08:26+00:00\",\"dateModified\":\"2025-05-11T11:12:56+00:00\",\"mainEntityOfPage\":{\"@id\":\"https:\/\/disteco.com\/ca\/el-sector-alimentari-i-el-canvi-climatic\/\"},\"wordCount\":497,\"commentCount\":0,\"publisher\":{\"@id\":\"https:\/\/disteco.com\/ca\/#organization\"},\"image\":{\"@id\":\"https:\/\/disteco.com\/ca\/el-sector-alimentari-i-el-canvi-climatic\/#primaryimage\"},\"thumbnailUrl\":\"https:\/\/disteco.com\/wp-content\/uploads\/2020\/11\/una-revolucion-en-la-industria-alimentaria.png\",\"keywords\":[\"canvi clim\u00e0tic\",\"Climate-smart agriculture\",\"distribuci\u00f3 alimentaria\",\"distribuci\u00f3 gourmet\",\"log\u00edstica de proximidad\",\"sectors de l'alimentaci\u00f3\",\"SMART\",\"Sostenibilitat\"],\"articleSection\":[\"\u00daltimes not\u00edcies\"],\"inLanguage\":\"ca\",\"potentialAction\":[{\"@type\":\"CommentAction\",\"name\":\"Comment\",\"target\":[\"https:\/\/disteco.com\/ca\/el-sector-alimentari-i-el-canvi-climatic\/#respond\"]}]},{\"@type\":\"WebPage\",\"@id\":\"https:\/\/disteco.com\/ca\/el-sector-alimentari-i-el-canvi-climatic\/\",\"url\":\"https:\/\/disteco.com\/ca\/el-sector-alimentari-i-el-canvi-climatic\/\",\"name\":\"El sector alimentari i el canvi clim\u00e0tic - GRUP ALIMENTARI DISTECO\",\"isPartOf\":{\"@id\":\"https:\/\/disteco.com\/ca\/#website\"},\"primaryImageOfPage\":{\"@id\":\"https:\/\/disteco.com\/ca\/el-sector-alimentari-i-el-canvi-climatic\/#primaryimage\"},\"image\":{\"@id\":\"https:\/\/disteco.com\/ca\/el-sector-alimentari-i-el-canvi-climatic\/#primaryimage\"},\"thumbnailUrl\":\"https:\/\/disteco.com\/wp-content\/uploads\/2020\/11\/una-revolucion-en-la-industria-alimentaria.png\",\"datePublished\":\"2021-05-06T13:08:26+00:00\",\"dateModified\":\"2025-05-11T11:12:56+00:00\",\"description\":\"\u00bf El sector alimentari podria tenir un impacte positiu en la lluita contra el canvi clim\u00e0tic? S\u00ed, aplicant regles SMART.\",\"breadcrumb\":{\"@id\":\"https:\/\/disteco.com\/ca\/el-sector-alimentari-i-el-canvi-climatic\/#breadcrumb\"},\"inLanguage\":\"ca\",\"potentialAction\":[{\"@type\":\"ReadAction\",\"target\":[\"https:\/\/disteco.com\/ca\/el-sector-alimentari-i-el-canvi-climatic\/\"]}]},{\"@type\":\"ImageObject\",\"inLanguage\":\"ca\",\"@id\":\"https:\/\/disteco.com\/ca\/el-sector-alimentari-i-el-canvi-climatic\/#primaryimage\",\"url\":\"https:\/\/disteco.com\/wp-content\/uploads\/2020\/11\/una-revolucion-en-la-industria-alimentaria.png\",\"contentUrl\":\"https:\/\/disteco.com\/wp-content\/uploads\/2020\/11\/una-revolucion-en-la-industria-alimentaria.png\",\"width\":1246,\"height\":700,\"caption\":\"Sostenibilidad, trazabilidad y salubridad nos encaminan hacia una gran revoluci\u00f3n en la industria alimentaria\"},{\"@type\":\"BreadcrumbList\",\"@id\":\"https:\/\/disteco.com\/ca\/el-sector-alimentari-i-el-canvi-climatic\/#breadcrumb\",\"itemListElement\":[{\"@type\":\"ListItem\",\"position\":1,\"name\":\"Portada\",\"item\":\"https:\/\/disteco.com\/ca\/\"},{\"@type\":\"ListItem\",\"position\":2,\"name\":\"El sector alimentari i el canvi clim\u00e0tic\"}]},{\"@type\":\"WebSite\",\"@id\":\"https:\/\/disteco.com\/ca\/#website\",\"url\":\"https:\/\/disteco.com\/ca\/\",\"name\":\"GRUP ALIMENTARI DISTECO\",\"description\":\"Distribuci\u00f3 aliment\u00e0ria de productes d'alta qualitat\",\"publisher\":{\"@id\":\"https:\/\/disteco.com\/ca\/#organization\"},\"potentialAction\":[{\"@type\":\"SearchAction\",\"target\":{\"@type\":\"EntryPoint\",\"urlTemplate\":\"https:\/\/disteco.com\/ca\/?s={search_term_string}\"},\"query-input\":{\"@type\":\"PropertyValueSpecification\",\"valueRequired\":true,\"valueName\":\"search_term_string\"}}],\"inLanguage\":\"ca\"},{\"@type\":\"Organization\",\"@id\":\"https:\/\/disteco.com\/ca\/#organization\",\"name\":\"GRUP ALIMENTARI DISTECO\",\"url\":\"https:\/\/disteco.com\/ca\/\",\"logo\":{\"@type\":\"ImageObject\",\"inLanguage\":\"ca\",\"@id\":\"https:\/\/disteco.com\/ca\/#\/schema\/logo\/image\/\",\"url\":\"https:\/\/disteco.com\/wp-content\/uploads\/2017\/03\/logo-grup-alimentari-disteco.png\",\"contentUrl\":\"https:\/\/disteco.com\/wp-content\/uploads\/2017\/03\/logo-grup-alimentari-disteco.png\",\"width\":600,\"height\":61,\"caption\":\"GRUP ALIMENTARI DISTECO\"},\"image\":{\"@id\":\"https:\/\/disteco.com\/ca\/#\/schema\/logo\/image\/\"},\"sameAs\":[\"https:\/\/www.facebook.com\/grupalimentaridisteco\/\",\"https:\/\/x.com\/DistecoGrup\",\"https:\/\/www.instagram.com\/gadisteco\/\",\"https:\/\/www.linkedin.com\/company\/grup-alimentari-disteco\/\",\"https:\/\/www.youtube.com\/@grupalimentaridisteco572\"]},{\"@type\":\"Person\",\"@id\":\"https:\/\/disteco.com\/ca\/#\/schema\/person\/4ea51f932b94228a72ce3c6332cfd3c0\",\"name\":\"GAD\",\"image\":{\"@type\":\"ImageObject\",\"inLanguage\":\"ca\",\"@id\":\"https:\/\/disteco.com\/ca\/#\/schema\/person\/image\/\",\"url\":\"https:\/\/secure.gravatar.com\/avatar\/c03aafdc2e714d25acb2f145eda11ecc45ef17c5219efd6cfba9f6a37f404cfe?s=96&d=mm&r=g\",\"contentUrl\":\"https:\/\/secure.gravatar.com\/avatar\/c03aafdc2e714d25acb2f145eda11ecc45ef17c5219efd6cfba9f6a37f404cfe?s=96&d=mm&r=g\",\"caption\":\"GAD\"},\"url\":\"https:\/\/disteco.com\/ca\/author\/baraka\/\"}]}<\/script>\n<!-- \/ Yoast SEO plugin. -->","yoast_head_json":{"title":"El sector alimentari i el canvi clim\u00e0tic - GRUP ALIMENTARI DISTECO","description":"\u00bf El sector alimentari podria tenir un impacte positiu en la lluita contra el canvi clim\u00e0tic? S\u00ed, aplicant regles SMART.","robots":{"index":"index","follow":"follow","max-snippet":"max-snippet:-1","max-image-preview":"max-image-preview:large","max-video-preview":"max-video-preview:-1"},"canonical":"https:\/\/disteco.com\/ca\/el-sector-alimentari-i-el-canvi-climatic\/","og_locale":"ca_ES","og_type":"article","og_title":"El sector alimentari i el canvi clim\u00e0tic - GRUP ALIMENTARI DISTECO","og_description":"\u00bf El sector alimentari podria tenir un impacte positiu en la lluita contra el canvi clim\u00e0tic? S\u00ed, aplicant regles SMART.","og_url":"https:\/\/disteco.com\/ca\/el-sector-alimentari-i-el-canvi-climatic\/","og_site_name":"GRUP ALIMENTARI DISTECO","article_publisher":"https:\/\/www.facebook.com\/grupalimentaridisteco\/","article_published_time":"2021-05-06T13:08:26+00:00","article_modified_time":"2025-05-11T11:12:56+00:00","og_image":[{"width":1246,"height":700,"url":"https:\/\/disteco.com\/wp-content\/uploads\/2020\/11\/una-revolucion-en-la-industria-alimentaria.png","type":"image\/png"}],"author":"GAD","twitter_card":"summary_large_image","twitter_creator":"@DistecoGrup","twitter_site":"@DistecoGrup","twitter_misc":{"Escrit per":"GAD","Temps estimat de lectura":"3 minut"},"schema":{"@context":"https:\/\/schema.org","@graph":[{"@type":"Article","@id":"https:\/\/disteco.com\/ca\/el-sector-alimentari-i-el-canvi-climatic\/#article","isPartOf":{"@id":"https:\/\/disteco.com\/ca\/el-sector-alimentari-i-el-canvi-climatic\/"},"author":{"name":"GAD","@id":"https:\/\/disteco.com\/ca\/#\/schema\/person\/4ea51f932b94228a72ce3c6332cfd3c0"},"headline":"El sector alimentari i el canvi clim\u00e0tic","datePublished":"2021-05-06T13:08:26+00:00","dateModified":"2025-05-11T11:12:56+00:00","mainEntityOfPage":{"@id":"https:\/\/disteco.com\/ca\/el-sector-alimentari-i-el-canvi-climatic\/"},"wordCount":497,"commentCount":0,"publisher":{"@id":"https:\/\/disteco.com\/ca\/#organization"},"image":{"@id":"https:\/\/disteco.com\/ca\/el-sector-alimentari-i-el-canvi-climatic\/#primaryimage"},"thumbnailUrl":"https:\/\/disteco.com\/wp-content\/uploads\/2020\/11\/una-revolucion-en-la-industria-alimentaria.png","keywords":["canvi clim\u00e0tic","Climate-smart agriculture","distribuci\u00f3 alimentaria","distribuci\u00f3 gourmet","log\u00edstica de proximidad","sectors de l'alimentaci\u00f3","SMART","Sostenibilitat"],"articleSection":["\u00daltimes not\u00edcies"],"inLanguage":"ca","potentialAction":[{"@type":"CommentAction","name":"Comment","target":["https:\/\/disteco.com\/ca\/el-sector-alimentari-i-el-canvi-climatic\/#respond"]}]},{"@type":"WebPage","@id":"https:\/\/disteco.com\/ca\/el-sector-alimentari-i-el-canvi-climatic\/","url":"https:\/\/disteco.com\/ca\/el-sector-alimentari-i-el-canvi-climatic\/","name":"El sector alimentari i el canvi clim\u00e0tic - GRUP ALIMENTARI DISTECO","isPartOf":{"@id":"https:\/\/disteco.com\/ca\/#website"},"primaryImageOfPage":{"@id":"https:\/\/disteco.com\/ca\/el-sector-alimentari-i-el-canvi-climatic\/#primaryimage"},"image":{"@id":"https:\/\/disteco.com\/ca\/el-sector-alimentari-i-el-canvi-climatic\/#primaryimage"},"thumbnailUrl":"https:\/\/disteco.com\/wp-content\/uploads\/2020\/11\/una-revolucion-en-la-industria-alimentaria.png","datePublished":"2021-05-06T13:08:26+00:00","dateModified":"2025-05-11T11:12:56+00:00","description":"\u00bf El sector alimentari podria tenir un impacte positiu en la lluita contra el canvi clim\u00e0tic? S\u00ed, aplicant regles SMART.","breadcrumb":{"@id":"https:\/\/disteco.com\/ca\/el-sector-alimentari-i-el-canvi-climatic\/#breadcrumb"},"inLanguage":"ca","potentialAction":[{"@type":"ReadAction","target":["https:\/\/disteco.com\/ca\/el-sector-alimentari-i-el-canvi-climatic\/"]}]},{"@type":"ImageObject","inLanguage":"ca","@id":"https:\/\/disteco.com\/ca\/el-sector-alimentari-i-el-canvi-climatic\/#primaryimage","url":"https:\/\/disteco.com\/wp-content\/uploads\/2020\/11\/una-revolucion-en-la-industria-alimentaria.png","contentUrl":"https:\/\/disteco.com\/wp-content\/uploads\/2020\/11\/una-revolucion-en-la-industria-alimentaria.png","width":1246,"height":700,"caption":"Sostenibilidad, trazabilidad y salubridad nos encaminan hacia una gran revoluci\u00f3n en la industria alimentaria"},{"@type":"BreadcrumbList","@id":"https:\/\/disteco.com\/ca\/el-sector-alimentari-i-el-canvi-climatic\/#breadcrumb","itemListElement":[{"@type":"ListItem","position":1,"name":"Portada","item":"https:\/\/disteco.com\/ca\/"},{"@type":"ListItem","position":2,"name":"El sector alimentari i el canvi clim\u00e0tic"}]},{"@type":"WebSite","@id":"https:\/\/disteco.com\/ca\/#website","url":"https:\/\/disteco.com\/ca\/","name":"GRUP ALIMENTARI DISTECO","description":"Distribuci\u00f3 aliment\u00e0ria de productes d'alta qualitat","publisher":{"@id":"https:\/\/disteco.com\/ca\/#organization"},"potentialAction":[{"@type":"SearchAction","target":{"@type":"EntryPoint","urlTemplate":"https:\/\/disteco.com\/ca\/?s={search_term_string}"},"query-input":{"@type":"PropertyValueSpecification","valueRequired":true,"valueName":"search_term_string"}}],"inLanguage":"ca"},{"@type":"Organization","@id":"https:\/\/disteco.com\/ca\/#organization","name":"GRUP ALIMENTARI DISTECO","url":"https:\/\/disteco.com\/ca\/","logo":{"@type":"ImageObject","inLanguage":"ca","@id":"https:\/\/disteco.com\/ca\/#\/schema\/logo\/image\/","url":"https:\/\/disteco.com\/wp-content\/uploads\/2017\/03\/logo-grup-alimentari-disteco.png","contentUrl":"https:\/\/disteco.com\/wp-content\/uploads\/2017\/03\/logo-grup-alimentari-disteco.png","width":600,"height":61,"caption":"GRUP ALIMENTARI DISTECO"},"image":{"@id":"https:\/\/disteco.com\/ca\/#\/schema\/logo\/image\/"},"sameAs":["https:\/\/www.facebook.com\/grupalimentaridisteco\/","https:\/\/x.com\/DistecoGrup","https:\/\/www.instagram.com\/gadisteco\/","https:\/\/www.linkedin.com\/company\/grup-alimentari-disteco\/","https:\/\/www.youtube.com\/@grupalimentaridisteco572"]},{"@type":"Person","@id":"https:\/\/disteco.com\/ca\/#\/schema\/person\/4ea51f932b94228a72ce3c6332cfd3c0","name":"GAD","image":{"@type":"ImageObject","inLanguage":"ca","@id":"https:\/\/disteco.com\/ca\/#\/schema\/person\/image\/","url":"https:\/\/secure.gravatar.com\/avatar\/c03aafdc2e714d25acb2f145eda11ecc45ef17c5219efd6cfba9f6a37f404cfe?s=96&d=mm&r=g","contentUrl":"https:\/\/secure.gravatar.com\/avatar\/c03aafdc2e714d25acb2f145eda11ecc45ef17c5219efd6cfba9f6a37f404cfe?s=96&d=mm&r=g","caption":"GAD"},"url":"https:\/\/disteco.com\/ca\/author\/baraka\/"}]}},"_links":{"self":[{"href":"https:\/\/disteco.com\/ca\/wp-json\/wp\/v2\/posts\/213826","targetHints":{"allow":["GET"]}}],"collection":[{"href":"https:\/\/disteco.com\/ca\/wp-json\/wp\/v2\/posts"}],"about":[{"href":"https:\/\/disteco.com\/ca\/wp-json\/wp\/v2\/types\/post"}],"author":[{"embeddable":true,"href":"https:\/\/disteco.com\/ca\/wp-json\/wp\/v2\/users\/1"}],"replies":[{"embeddable":true,"href":"https:\/\/disteco.com\/ca\/wp-json\/wp\/v2\/comments?post=213826"}],"version-history":[{"count":5,"href":"https:\/\/disteco.com\/ca\/wp-json\/wp\/v2\/posts\/213826\/revisions"}],"predecessor-version":[{"id":257111,"href":"https:\/\/disteco.com\/ca\/wp-json\/wp\/v2\/posts\/213826\/revisions\/257111"}],"wp:featuredmedia":[{"embeddable":true,"href":"https:\/\/disteco.com\/ca\/wp-json\/wp\/v2\/media\/212984"}],"wp:attachment":[{"href":"https:\/\/disteco.com\/ca\/wp-json\/wp\/v2\/media?parent=213826"}],"wp:term":[{"taxonomy":"category","embeddable":true,"href":"https:\/\/disteco.com\/ca\/wp-json\/wp\/v2\/categories?post=213826"},{"taxonomy":"post_tag","embeddable":true,"href":"https:\/\/disteco.com\/ca\/wp-json\/wp\/v2\/tags?post=213826"}],"curies":[{"name":"wp","href":"https:\/\/api.w.org\/{rel}","templated":true}]}}