{"id":213628,"date":"2021-03-26T11:31:00","date_gmt":"2021-03-26T11:31:00","guid":{"rendered":"https:\/\/disteco.com\/?p=213628"},"modified":"2021-03-26T11:54:03","modified_gmt":"2021-03-26T11:54:03","slug":"els-10-aliments-mes-rics-en-proteina","status":"publish","type":"post","link":"https:\/\/disteco.com\/ca\/els-10-aliments-mes-rics-en-proteina\/","title":{"rendered":"Els 10 aliments m\u00e9s rics en prote\u00efna"},"content":{"rendered":"\n<figure class=\"wp-block-image size-large\"><img loading=\"lazy\" decoding=\"async\" width=\"1024\" height=\"683\" src=\"https:\/\/disteco.com\/wp-content\/uploads\/2021\/03\/los-10-alimentos-mas-ricos-en-proteina-1024x683.jpg\" alt=\"Los 10 alimentos m\u00e1s ricos en prote\u00edna\" class=\"wp-image-213607\" srcset=\"https:\/\/disteco.com\/wp-content\/uploads\/2021\/03\/los-10-alimentos-mas-ricos-en-proteina-980x653.jpg 980w, https:\/\/disteco.com\/wp-content\/uploads\/2021\/03\/los-10-alimentos-mas-ricos-en-proteina-480x320.jpg 480w\" sizes=\"(min-width: 0px) and (max-width: 480px) 480px, (min-width: 481px) and (max-width: 980px) 980px, (min-width: 981px) 1024px, 100vw\" \/><\/figure>\n\n\n<h6><span style=\"color: #cc0000;\"><strong><em>Els 10 aliments m\u00e9s rics en prote\u00efna<\/em><\/strong><\/span><\/h6>\n<h1>&nbsp;<\/h1>\n<h1><strong>Els 10 aliments m\u00e9s rics en prote\u00efna per a equilibrar la dieta&nbsp;<\/strong><\/h1>\n<blockquote>\n<h3>Les prote\u00efnes tenen diverses funcions en l&#8217;organisme, sent un macronutrient necessari per a portar una dieta equilibrada.<\/h3>\n<\/blockquote>\n<p><span style=\"color: #000000;\"><strong>La complexitat de la nutrici\u00f3 fa que passem molt temps planificant dietes, comparant productes i fins utilitzant aplicacions que faciliten l&#8217;elaboraci\u00f3 de combinacions saludables.<\/strong><\/span><\/p>\n<p>La composici\u00f3 d&#8217;amino\u00e0cids, que es diferencien entre essencials i no essencials, s\u00f3n la clau per a seleccionar correctament els aliments principals que han de compondre la dieta.<\/p>\n<p>Les prote\u00efnes constitu\u00efdes per amino\u00e0cids essencials (que s\u00f3n aquells que el cos no produeix i, per aix\u00f2, han d&#8217;incorporar-se a trav\u00e9s dels aliments) s\u00f3n crucials en una alimentaci\u00f3 saludable.<\/p>\n<h3><span style=\"color: #000000;\">Presentem alguns dels aliments m\u00e9s rics en prote\u00efnes que han d&#8217;estar en el teu armari de rebost al moment de projectar una temporada amb la m\u00e0xima energia f\u00edsica i emocional:<\/span><\/h3>\n<ol>\n<li><strong>Tonyina:<\/strong> un aliment popular amb baix contingut en greix i \u00e0cids grassos omega 3 que, tant en fresc com en conserva, pot aportar fins a&nbsp;25g&nbsp;de prote\u00efna per cada 100 grams.<\/li>\n<li><strong><strong>Bon\u00edtol<\/strong><\/strong><strong>:<\/strong> en la mateixa l\u00ednia que la tonyina, \u00e9s un peix que aporta fins a 25g de prote\u00efna cada 100 grams i destaca en minerals com a zinc, magnesi, f\u00f2sfor i potassi.<\/li>\n<li><strong>Salm\u00f3:<\/strong> important aportaci\u00f3 de prote\u00efnes a m\u00e9s de greixos poliinsaturats com els \u00e0cids grassos omega-3, un saludable, sabor\u00f3s i vers\u00e0til ingredient per a diferents moments del dia.<\/li>\n<li>Pit de pollastre: a m\u00e9s de poc greix, \u00e9s un producte que cont\u00e9 fins a 24g de prote\u00efnes per cada 85 grams, resultant ideal per a la p\u00e8rdua de pes.<\/li>\n<li><strong>Filet de vedella:<\/strong> sabor i valor nutricional en una pe\u00e7a destacada entre les carns vermelles. Una porci\u00f3 de 85 grams cont\u00e9 fins a 22g de prote\u00efna, a m\u00e9s de ser rica en ferro i vitamina B12.<\/li>\n<li>Carn magra de porc: \u00e9s una carn rica en prote\u00efna i vitamines B1 i B3, resultant en una alternativa ideal a altres carns amb alt contingut de greixos saturats.<\/li>\n<li><strong>Llet:<\/strong> \u00e9s un noble producte que cont\u00e9 una gran quantitat de prote\u00efnes. La llet de vaca aporta, a m\u00e9s, altres nutrients importants per a l&#8217;organisme, com a calci, f\u00f2sfor i riboflavina.<\/li>\n<li><strong>Iogurt grec:<\/strong> aquest aliment \u00e9s ric en vitamina D i calci, per\u00f2 a m\u00e9s, prop de la meitat de les calories aportades s\u00f3n prote\u00efnes, resultant en un producte recomanat per a augmentar la massa muscular i accelerar el metabolisme basal.<\/li>\n<li><strong>Mat\u00f3:<\/strong> \u00e9s el tipus de formatge recomanat pel seu alt contingut de les prote\u00efnes anomenades case\u00efna i glutamina.<\/li>\n<li><strong>Llegums:<\/strong> fora de les prote\u00efnes d&#8217;origen animal, la varietat de llegums ofereix una gran aportaci\u00f3 de prote\u00efnes vegetals que, correctament combinades amb altres productes vegetals, s\u00f3n indiscutibles aliades en una dieta saludable. Un gran avantatge \u00e9s que les conserves, igual que les de peixos i mariscos, poden salvar r\u00e0pidament qualsevol menjar.<\/li>\n<\/ol>\n<blockquote>\n<h2>Des de <a href=\"https:\/\/disteco.com\/\" target=\"_blank\" rel=\"noopener\"><strong>Grup Alimentari Disteco<\/strong><\/a> promovem una <a href=\"\/?p=208664\" target=\"_blank\" rel=\"noopener\"><strong>dieta saludable i equilibrada<\/strong><\/a>, per aix\u00f2 apostem per les millors marques, tant en productes frescos com en&nbsp; elaborats i conserves.<\/h2>\n<\/blockquote>","protected":false},"excerpt":{"rendered":"<p>Les prote\u00efnes tenen diverses funcions en l&#8217;organisme, sent un macronutrient necessari per a portar una dieta equilibrada.<\/p>\n","protected":false},"author":1,"featured_media":213608,"comment_status":"open","ping_status":"open","sticky":false,"template":"","format":"image","meta":{"_et_pb_use_builder":"off","_et_pb_old_content":"","_et_gb_content_width":"","footnotes":""},"categories":[43],"tags":[],"class_list":["post-213628","post","type-post","status-publish","format-image","has-post-thumbnail","hentry","category-ultimes-noticies","post_format-post-format-image"],"yoast_head":"<!-- This site is optimized with the Yoast SEO plugin v26.9 - https:\/\/yoast.com\/product\/yoast-seo-wordpress\/ -->\n<title>Els 10 aliments m\u00e9s rics en prote\u00efna - GRUP ALIMENTARI DISTECO<\/title>\n<meta name=\"description\" content=\"Els 10 aliments m\u00e9s rics en prote\u00efna per a equilibrar la dieta. La prote\u00efna \u00e9s un macronutrient necessari per a una dieta equilibrada.\" \/>\n<meta name=\"robots\" content=\"index, follow, max-snippet:-1, max-image-preview:large, max-video-preview:-1\" \/>\n<link rel=\"canonical\" href=\"https:\/\/disteco.com\/ca\/els-10-aliments-mes-rics-en-proteina\/\" \/>\n<meta property=\"og:locale\" content=\"ca_ES\" \/>\n<meta property=\"og:type\" content=\"article\" \/>\n<meta property=\"og:title\" content=\"Els 10 aliments m\u00e9s rics en prote\u00efna - GRUP ALIMENTARI DISTECO\" \/>\n<meta property=\"og:description\" content=\"Els 10 aliments m\u00e9s rics en prote\u00efna per a equilibrar la dieta. La prote\u00efna \u00e9s un macronutrient necessari per a una dieta equilibrada.\" \/>\n<meta property=\"og:url\" content=\"https:\/\/disteco.com\/ca\/els-10-aliments-mes-rics-en-proteina\/\" \/>\n<meta property=\"og:site_name\" content=\"GRUP ALIMENTARI DISTECO\" \/>\n<meta property=\"article:publisher\" content=\"https:\/\/www.facebook.com\/grupalimentaridisteco\/\" \/>\n<meta property=\"article:published_time\" content=\"2021-03-26T11:31:00+00:00\" \/>\n<meta property=\"article:modified_time\" content=\"2021-03-26T11:54:03+00:00\" \/>\n<meta property=\"og:image\" content=\"https:\/\/disteco.com\/wp-content\/uploads\/2021\/03\/los-10-alimentos-mas-ricos-en-proteina.jpg\" \/>\n\t<meta property=\"og:image:width\" content=\"1920\" \/>\n\t<meta property=\"og:image:height\" content=\"1280\" \/>\n\t<meta property=\"og:image:type\" content=\"image\/jpeg\" \/>\n<meta name=\"author\" content=\"GAD\" \/>\n<meta name=\"twitter:card\" content=\"summary_large_image\" \/>\n<meta name=\"twitter:creator\" content=\"@DistecoGrup\" \/>\n<meta name=\"twitter:site\" content=\"@DistecoGrup\" \/>\n<meta name=\"twitter:label1\" content=\"Escrit per\" \/>\n\t<meta name=\"twitter:data1\" content=\"GAD\" \/>\n\t<meta name=\"twitter:label2\" content=\"Temps estimat de lectura\" \/>\n\t<meta name=\"twitter:data2\" content=\"3 minut\" \/>\n<script type=\"application\/ld+json\" class=\"yoast-schema-graph\">{\"@context\":\"https:\/\/schema.org\",\"@graph\":[{\"@type\":\"Article\",\"@id\":\"https:\/\/disteco.com\/ca\/els-10-aliments-mes-rics-en-proteina\/#article\",\"isPartOf\":{\"@id\":\"https:\/\/disteco.com\/ca\/els-10-aliments-mes-rics-en-proteina\/\"},\"author\":{\"name\":\"GAD\",\"@id\":\"https:\/\/disteco.com\/ca\/#\/schema\/person\/4ea51f932b94228a72ce3c6332cfd3c0\"},\"headline\":\"Els 10 aliments m\u00e9s rics en prote\u00efna\",\"datePublished\":\"2021-03-26T11:31:00+00:00\",\"dateModified\":\"2021-03-26T11:54:03+00:00\",\"mainEntityOfPage\":{\"@id\":\"https:\/\/disteco.com\/ca\/els-10-aliments-mes-rics-en-proteina\/\"},\"wordCount\":557,\"commentCount\":0,\"publisher\":{\"@id\":\"https:\/\/disteco.com\/ca\/#organization\"},\"image\":{\"@id\":\"https:\/\/disteco.com\/ca\/els-10-aliments-mes-rics-en-proteina\/#primaryimage\"},\"thumbnailUrl\":\"https:\/\/disteco.com\/wp-content\/uploads\/2021\/03\/los-10-alimentos-mas-ricos-en-proteina.jpg\",\"articleSection\":[\"\u00daltimes not\u00edcies\"],\"inLanguage\":\"ca\",\"potentialAction\":[{\"@type\":\"CommentAction\",\"name\":\"Comment\",\"target\":[\"https:\/\/disteco.com\/ca\/els-10-aliments-mes-rics-en-proteina\/#respond\"]}]},{\"@type\":\"WebPage\",\"@id\":\"https:\/\/disteco.com\/ca\/els-10-aliments-mes-rics-en-proteina\/\",\"url\":\"https:\/\/disteco.com\/ca\/els-10-aliments-mes-rics-en-proteina\/\",\"name\":\"Els 10 aliments m\u00e9s rics en prote\u00efna - GRUP ALIMENTARI DISTECO\",\"isPartOf\":{\"@id\":\"https:\/\/disteco.com\/ca\/#website\"},\"primaryImageOfPage\":{\"@id\":\"https:\/\/disteco.com\/ca\/els-10-aliments-mes-rics-en-proteina\/#primaryimage\"},\"image\":{\"@id\":\"https:\/\/disteco.com\/ca\/els-10-aliments-mes-rics-en-proteina\/#primaryimage\"},\"thumbnailUrl\":\"https:\/\/disteco.com\/wp-content\/uploads\/2021\/03\/los-10-alimentos-mas-ricos-en-proteina.jpg\",\"datePublished\":\"2021-03-26T11:31:00+00:00\",\"dateModified\":\"2021-03-26T11:54:03+00:00\",\"description\":\"Els 10 aliments m\u00e9s rics en prote\u00efna per a equilibrar la dieta. La prote\u00efna \u00e9s un macronutrient necessari per a una dieta equilibrada.\",\"breadcrumb\":{\"@id\":\"https:\/\/disteco.com\/ca\/els-10-aliments-mes-rics-en-proteina\/#breadcrumb\"},\"inLanguage\":\"ca\",\"potentialAction\":[{\"@type\":\"ReadAction\",\"target\":[\"https:\/\/disteco.com\/ca\/els-10-aliments-mes-rics-en-proteina\/\"]}]},{\"@type\":\"ImageObject\",\"inLanguage\":\"ca\",\"@id\":\"https:\/\/disteco.com\/ca\/els-10-aliments-mes-rics-en-proteina\/#primaryimage\",\"url\":\"https:\/\/disteco.com\/wp-content\/uploads\/2021\/03\/los-10-alimentos-mas-ricos-en-proteina.jpg\",\"contentUrl\":\"https:\/\/disteco.com\/wp-content\/uploads\/2021\/03\/los-10-alimentos-mas-ricos-en-proteina.jpg\",\"width\":1920,\"height\":1280,\"caption\":\"Los 10 alimentos m\u00e1s ricos en prote\u00edna\"},{\"@type\":\"BreadcrumbList\",\"@id\":\"https:\/\/disteco.com\/ca\/els-10-aliments-mes-rics-en-proteina\/#breadcrumb\",\"itemListElement\":[{\"@type\":\"ListItem\",\"position\":1,\"name\":\"Portada\",\"item\":\"https:\/\/disteco.com\/ca\/\"},{\"@type\":\"ListItem\",\"position\":2,\"name\":\"Els 10 aliments m\u00e9s rics en prote\u00efna\"}]},{\"@type\":\"WebSite\",\"@id\":\"https:\/\/disteco.com\/ca\/#website\",\"url\":\"https:\/\/disteco.com\/ca\/\",\"name\":\"GRUP ALIMENTARI DISTECO\",\"description\":\"Distribuci\u00f3 aliment\u00e0ria de productes d'alta qualitat\",\"publisher\":{\"@id\":\"https:\/\/disteco.com\/ca\/#organization\"},\"potentialAction\":[{\"@type\":\"SearchAction\",\"target\":{\"@type\":\"EntryPoint\",\"urlTemplate\":\"https:\/\/disteco.com\/ca\/?s={search_term_string}\"},\"query-input\":{\"@type\":\"PropertyValueSpecification\",\"valueRequired\":true,\"valueName\":\"search_term_string\"}}],\"inLanguage\":\"ca\"},{\"@type\":\"Organization\",\"@id\":\"https:\/\/disteco.com\/ca\/#organization\",\"name\":\"GRUP ALIMENTARI DISTECO\",\"url\":\"https:\/\/disteco.com\/ca\/\",\"logo\":{\"@type\":\"ImageObject\",\"inLanguage\":\"ca\",\"@id\":\"https:\/\/disteco.com\/ca\/#\/schema\/logo\/image\/\",\"url\":\"https:\/\/disteco.com\/wp-content\/uploads\/2017\/03\/logo-grup-alimentari-disteco.png\",\"contentUrl\":\"https:\/\/disteco.com\/wp-content\/uploads\/2017\/03\/logo-grup-alimentari-disteco.png\",\"width\":600,\"height\":61,\"caption\":\"GRUP ALIMENTARI DISTECO\"},\"image\":{\"@id\":\"https:\/\/disteco.com\/ca\/#\/schema\/logo\/image\/\"},\"sameAs\":[\"https:\/\/www.facebook.com\/grupalimentaridisteco\/\",\"https:\/\/x.com\/DistecoGrup\",\"https:\/\/www.instagram.com\/gadisteco\/\",\"https:\/\/www.linkedin.com\/company\/grup-alimentari-disteco\/\",\"https:\/\/www.youtube.com\/@grupalimentaridisteco572\"]},{\"@type\":\"Person\",\"@id\":\"https:\/\/disteco.com\/ca\/#\/schema\/person\/4ea51f932b94228a72ce3c6332cfd3c0\",\"name\":\"GAD\",\"image\":{\"@type\":\"ImageObject\",\"inLanguage\":\"ca\",\"@id\":\"https:\/\/disteco.com\/ca\/#\/schema\/person\/image\/\",\"url\":\"https:\/\/secure.gravatar.com\/avatar\/c03aafdc2e714d25acb2f145eda11ecc45ef17c5219efd6cfba9f6a37f404cfe?s=96&d=mm&r=g\",\"contentUrl\":\"https:\/\/secure.gravatar.com\/avatar\/c03aafdc2e714d25acb2f145eda11ecc45ef17c5219efd6cfba9f6a37f404cfe?s=96&d=mm&r=g\",\"caption\":\"GAD\"},\"url\":\"https:\/\/disteco.com\/ca\/author\/baraka\/\"}]}<\/script>\n<!-- \/ Yoast SEO plugin. -->","yoast_head_json":{"title":"Els 10 aliments m\u00e9s rics en prote\u00efna - GRUP ALIMENTARI DISTECO","description":"Els 10 aliments m\u00e9s rics en prote\u00efna per a equilibrar la dieta. La prote\u00efna \u00e9s un macronutrient necessari per a una dieta equilibrada.","robots":{"index":"index","follow":"follow","max-snippet":"max-snippet:-1","max-image-preview":"max-image-preview:large","max-video-preview":"max-video-preview:-1"},"canonical":"https:\/\/disteco.com\/ca\/els-10-aliments-mes-rics-en-proteina\/","og_locale":"ca_ES","og_type":"article","og_title":"Els 10 aliments m\u00e9s rics en prote\u00efna - GRUP ALIMENTARI DISTECO","og_description":"Els 10 aliments m\u00e9s rics en prote\u00efna per a equilibrar la dieta. La prote\u00efna \u00e9s un macronutrient necessari per a una dieta equilibrada.","og_url":"https:\/\/disteco.com\/ca\/els-10-aliments-mes-rics-en-proteina\/","og_site_name":"GRUP ALIMENTARI DISTECO","article_publisher":"https:\/\/www.facebook.com\/grupalimentaridisteco\/","article_published_time":"2021-03-26T11:31:00+00:00","article_modified_time":"2021-03-26T11:54:03+00:00","og_image":[{"width":1920,"height":1280,"url":"https:\/\/disteco.com\/wp-content\/uploads\/2021\/03\/los-10-alimentos-mas-ricos-en-proteina.jpg","type":"image\/jpeg"}],"author":"GAD","twitter_card":"summary_large_image","twitter_creator":"@DistecoGrup","twitter_site":"@DistecoGrup","twitter_misc":{"Escrit per":"GAD","Temps estimat de lectura":"3 minut"},"schema":{"@context":"https:\/\/schema.org","@graph":[{"@type":"Article","@id":"https:\/\/disteco.com\/ca\/els-10-aliments-mes-rics-en-proteina\/#article","isPartOf":{"@id":"https:\/\/disteco.com\/ca\/els-10-aliments-mes-rics-en-proteina\/"},"author":{"name":"GAD","@id":"https:\/\/disteco.com\/ca\/#\/schema\/person\/4ea51f932b94228a72ce3c6332cfd3c0"},"headline":"Els 10 aliments m\u00e9s rics en prote\u00efna","datePublished":"2021-03-26T11:31:00+00:00","dateModified":"2021-03-26T11:54:03+00:00","mainEntityOfPage":{"@id":"https:\/\/disteco.com\/ca\/els-10-aliments-mes-rics-en-proteina\/"},"wordCount":557,"commentCount":0,"publisher":{"@id":"https:\/\/disteco.com\/ca\/#organization"},"image":{"@id":"https:\/\/disteco.com\/ca\/els-10-aliments-mes-rics-en-proteina\/#primaryimage"},"thumbnailUrl":"https:\/\/disteco.com\/wp-content\/uploads\/2021\/03\/los-10-alimentos-mas-ricos-en-proteina.jpg","articleSection":["\u00daltimes not\u00edcies"],"inLanguage":"ca","potentialAction":[{"@type":"CommentAction","name":"Comment","target":["https:\/\/disteco.com\/ca\/els-10-aliments-mes-rics-en-proteina\/#respond"]}]},{"@type":"WebPage","@id":"https:\/\/disteco.com\/ca\/els-10-aliments-mes-rics-en-proteina\/","url":"https:\/\/disteco.com\/ca\/els-10-aliments-mes-rics-en-proteina\/","name":"Els 10 aliments m\u00e9s rics en prote\u00efna - GRUP ALIMENTARI DISTECO","isPartOf":{"@id":"https:\/\/disteco.com\/ca\/#website"},"primaryImageOfPage":{"@id":"https:\/\/disteco.com\/ca\/els-10-aliments-mes-rics-en-proteina\/#primaryimage"},"image":{"@id":"https:\/\/disteco.com\/ca\/els-10-aliments-mes-rics-en-proteina\/#primaryimage"},"thumbnailUrl":"https:\/\/disteco.com\/wp-content\/uploads\/2021\/03\/los-10-alimentos-mas-ricos-en-proteina.jpg","datePublished":"2021-03-26T11:31:00+00:00","dateModified":"2021-03-26T11:54:03+00:00","description":"Els 10 aliments m\u00e9s rics en prote\u00efna per a equilibrar la dieta. La prote\u00efna \u00e9s un macronutrient necessari per a una dieta equilibrada.","breadcrumb":{"@id":"https:\/\/disteco.com\/ca\/els-10-aliments-mes-rics-en-proteina\/#breadcrumb"},"inLanguage":"ca","potentialAction":[{"@type":"ReadAction","target":["https:\/\/disteco.com\/ca\/els-10-aliments-mes-rics-en-proteina\/"]}]},{"@type":"ImageObject","inLanguage":"ca","@id":"https:\/\/disteco.com\/ca\/els-10-aliments-mes-rics-en-proteina\/#primaryimage","url":"https:\/\/disteco.com\/wp-content\/uploads\/2021\/03\/los-10-alimentos-mas-ricos-en-proteina.jpg","contentUrl":"https:\/\/disteco.com\/wp-content\/uploads\/2021\/03\/los-10-alimentos-mas-ricos-en-proteina.jpg","width":1920,"height":1280,"caption":"Los 10 alimentos m\u00e1s ricos en prote\u00edna"},{"@type":"BreadcrumbList","@id":"https:\/\/disteco.com\/ca\/els-10-aliments-mes-rics-en-proteina\/#breadcrumb","itemListElement":[{"@type":"ListItem","position":1,"name":"Portada","item":"https:\/\/disteco.com\/ca\/"},{"@type":"ListItem","position":2,"name":"Els 10 aliments m\u00e9s rics en prote\u00efna"}]},{"@type":"WebSite","@id":"https:\/\/disteco.com\/ca\/#website","url":"https:\/\/disteco.com\/ca\/","name":"GRUP ALIMENTARI DISTECO","description":"Distribuci\u00f3 aliment\u00e0ria de productes d'alta qualitat","publisher":{"@id":"https:\/\/disteco.com\/ca\/#organization"},"potentialAction":[{"@type":"SearchAction","target":{"@type":"EntryPoint","urlTemplate":"https:\/\/disteco.com\/ca\/?s={search_term_string}"},"query-input":{"@type":"PropertyValueSpecification","valueRequired":true,"valueName":"search_term_string"}}],"inLanguage":"ca"},{"@type":"Organization","@id":"https:\/\/disteco.com\/ca\/#organization","name":"GRUP ALIMENTARI DISTECO","url":"https:\/\/disteco.com\/ca\/","logo":{"@type":"ImageObject","inLanguage":"ca","@id":"https:\/\/disteco.com\/ca\/#\/schema\/logo\/image\/","url":"https:\/\/disteco.com\/wp-content\/uploads\/2017\/03\/logo-grup-alimentari-disteco.png","contentUrl":"https:\/\/disteco.com\/wp-content\/uploads\/2017\/03\/logo-grup-alimentari-disteco.png","width":600,"height":61,"caption":"GRUP ALIMENTARI DISTECO"},"image":{"@id":"https:\/\/disteco.com\/ca\/#\/schema\/logo\/image\/"},"sameAs":["https:\/\/www.facebook.com\/grupalimentaridisteco\/","https:\/\/x.com\/DistecoGrup","https:\/\/www.instagram.com\/gadisteco\/","https:\/\/www.linkedin.com\/company\/grup-alimentari-disteco\/","https:\/\/www.youtube.com\/@grupalimentaridisteco572"]},{"@type":"Person","@id":"https:\/\/disteco.com\/ca\/#\/schema\/person\/4ea51f932b94228a72ce3c6332cfd3c0","name":"GAD","image":{"@type":"ImageObject","inLanguage":"ca","@id":"https:\/\/disteco.com\/ca\/#\/schema\/person\/image\/","url":"https:\/\/secure.gravatar.com\/avatar\/c03aafdc2e714d25acb2f145eda11ecc45ef17c5219efd6cfba9f6a37f404cfe?s=96&d=mm&r=g","contentUrl":"https:\/\/secure.gravatar.com\/avatar\/c03aafdc2e714d25acb2f145eda11ecc45ef17c5219efd6cfba9f6a37f404cfe?s=96&d=mm&r=g","caption":"GAD"},"url":"https:\/\/disteco.com\/ca\/author\/baraka\/"}]}},"_links":{"self":[{"href":"https:\/\/disteco.com\/ca\/wp-json\/wp\/v2\/posts\/213628","targetHints":{"allow":["GET"]}}],"collection":[{"href":"https:\/\/disteco.com\/ca\/wp-json\/wp\/v2\/posts"}],"about":[{"href":"https:\/\/disteco.com\/ca\/wp-json\/wp\/v2\/types\/post"}],"author":[{"embeddable":true,"href":"https:\/\/disteco.com\/ca\/wp-json\/wp\/v2\/users\/1"}],"replies":[{"embeddable":true,"href":"https:\/\/disteco.com\/ca\/wp-json\/wp\/v2\/comments?post=213628"}],"version-history":[{"count":4,"href":"https:\/\/disteco.com\/ca\/wp-json\/wp\/v2\/posts\/213628\/revisions"}],"predecessor-version":[{"id":213634,"href":"https:\/\/disteco.com\/ca\/wp-json\/wp\/v2\/posts\/213628\/revisions\/213634"}],"wp:featuredmedia":[{"embeddable":true,"href":"https:\/\/disteco.com\/ca\/wp-json\/wp\/v2\/media\/213608"}],"wp:attachment":[{"href":"https:\/\/disteco.com\/ca\/wp-json\/wp\/v2\/media?parent=213628"}],"wp:term":[{"taxonomy":"category","embeddable":true,"href":"https:\/\/disteco.com\/ca\/wp-json\/wp\/v2\/categories?post=213628"},{"taxonomy":"post_tag","embeddable":true,"href":"https:\/\/disteco.com\/ca\/wp-json\/wp\/v2\/tags?post=213628"}],"curies":[{"name":"wp","href":"https:\/\/api.w.org\/{rel}","templated":true}]}}