{"id":213383,"date":"2021-01-31T19:03:00","date_gmt":"2021-01-31T19:03:00","guid":{"rendered":"https:\/\/disteco.com\/reconocer-un-buen-jamon-iberico\/"},"modified":"2021-03-29T09:49:41","modified_gmt":"2021-03-29T09:49:41","slug":"reconeixer-un-bon-pernil-iberic","status":"publish","type":"post","link":"https:\/\/disteco.com\/ca\/reconeixer-un-bon-pernil-iberic\/","title":{"rendered":"Recon\u00e8ixer un bon pernil ib\u00e8ric"},"content":{"rendered":"\n<figure class=\"wp-block-image size-large\"><img loading=\"lazy\" decoding=\"async\" width=\"1024\" height=\"576\" src=\"https:\/\/disteco.com\/wp-content\/uploads\/2017\/08\/carvajal-marquez-1024x576.jpg\" alt=\"Carvajal M\u00e1rquez, jamones\" class=\"wp-image-204145\" srcset=\"https:\/\/disteco.com\/wp-content\/uploads\/2017\/08\/carvajal-marquez-1024x576.jpg 1024w, https:\/\/disteco.com\/wp-content\/uploads\/2017\/08\/carvajal-marquez-300x169.jpg 300w, https:\/\/disteco.com\/wp-content\/uploads\/2017\/08\/carvajal-marquez-768x432.jpg 768w, https:\/\/disteco.com\/wp-content\/uploads\/2017\/08\/carvajal-marquez-1080x608.jpg 1080w, https:\/\/disteco.com\/wp-content\/uploads\/2017\/08\/carvajal-marquez.jpg 1920w\" sizes=\"(max-width: 1024px) 100vw, 1024px\" \/><\/figure>\n\n\n<h6><span style=\"color: #cc0000;\"><em>Recon\u00e8ixer un bon pernil ib\u00e8ric<\/em><\/span><\/h6>\n<h1>\u00a0<\/h1>\n<h1>Claus per a recon\u00e8ixer un bon pernil ib\u00e8ric<\/h1>\n<blockquote>\n<h3>Sabeu identificar quines s\u00f3n les qualitats m\u00e9s notables en un pernil de qualitat?<\/h3>\n<h3>Descobreix aqu\u00ed les claus per a recon\u00e8ixer un bon pernil ib\u00e8ric.<\/h3>\n<\/blockquote>\n<p><span style=\"color: #000000;\"><strong>En el moment de comprar productes ib\u00e8rics de qualitat, el reconeixement de la marca i el preu poden que no resultin suficient garantia de qualitat.\u00a0\u00a0<\/strong><\/span><\/p>\n<p><strong><a href=\"\/?page_id=204802\" target=\"_blank\" rel=\"noopener\">Des de Grup Alimentari Disteco ens enfoquem a subministrar, a l&#8217;\u00faltima milla i a tot comer\u00e7 de proximitat, els productes de la m\u00e9s alta qualitat al millor preu.<\/a><\/strong><\/p>\n<p>\u00a0<\/p>\n<h2><strong><span style=\"color: #000000;\">Acostem a la teva taula el millor pernil ib\u00e8ric del mercat<\/span><\/strong><\/h2>\n<p><span style=\"color: #000000;\">Per a ajudar a la millor compra familiar, elaborem una breu guia amb <strong>els aspectes clau que hem d&#8217;observar al moment de triar un bon pernil ib\u00e8ric.<\/strong><\/span><\/p>\n<ul>\n<li>La proced\u00e8ncia: el principal element distintiu del pernil ib\u00e8ric \u00e9s que \u00e9s un producte procedent de c\u00e8rcols de ra\u00e7a ib\u00e8rica, patrimoni exclusiu espanyol.<\/li>\n<li>Alimentaci\u00f3: un altre aspecte fonamental est\u00e0 en l&#8217;alimentaci\u00f3 dels animals i es distingeixen entre els encebaments amb pinso, totalment criats en granja, identificats com a Ib\u00e8ric d&#8217;Esquer; i els porcs que han fet \u201cla Montanera\u201d transcorrent l&#8217;\u00faltima fase d&#8217;engreixament en les deveses, indicats com a Ib\u00e8rics de Gla.<\/li>\n<li>Denominaci\u00f3 d&#8217;origen: existeixen 4 denominacions d&#8217;origen que garanteixen la qualitat del producte ib\u00e8ric; Jabugo, Guijuelo, Els Pedroches i Devesa d&#8217;Extremadura.<\/li>\n<li>Temps de curaci\u00f3: juntament amb l&#8217;anterior, el temps de curaci\u00f3 influeix en el color, les aromes i el sabor dels productes ib\u00e8rics.<\/li>\n<\/ul>\n<blockquote>\n<h3>Els millors pernils 100% ib\u00e8rics s\u00f3n un producte selecte, elegant i sofisticat, elaborat artesanalment i a partir d&#8217;una extensa tradici\u00f3, sota els m\u00e9s alts est\u00e0ndards i respectuosos amb el medi ambient.<\/h3>\n<\/blockquote>\n<h4><strong><a href=\"\/?page_id=204833\" target=\"_blank\" rel=\"noopener\">Les marques que confien en Grup Alimentari Disteco<\/a> compten amb gran reconeixement en el mercat i basen la seva filosofia de qualitat en la cura meticulosa de cada detall.<\/strong><\/h4>","protected":false},"excerpt":{"rendered":"<p>Sabeu identificar quines s\u00f3n les qualitats m\u00e9s notables en un pernil de qualitat? Descobreix aqu\u00ed les claus per a recon\u00e8ixer un bon pernil ib\u00e8ric.<\/p>\n","protected":false},"author":1,"featured_media":205681,"comment_status":"open","ping_status":"open","sticky":false,"template":"","format":"image","meta":{"_et_pb_use_builder":"off","_et_pb_old_content":"","_et_gb_content_width":"","footnotes":""},"categories":[43],"tags":[239,243,202,199],"class_list":["post-213383","post","type-post","status-publish","format-image","has-post-thumbnail","hentry","category-ultimes-noticies","tag-aliments-de-qualitat","tag-gad-alimentacio-saludable","tag-millor-qualitat","tag-pernil-iberic","post_format-post-format-image"],"yoast_head":"<!-- This site is optimized with the Yoast SEO plugin v26.9 - https:\/\/yoast.com\/product\/yoast-seo-wordpress\/ -->\n<title>Recon\u00e8ixer un bon pernil ib\u00e8ric - GRUP ALIMENTARI DISTECO<\/title>\n<meta name=\"description\" content=\"Sabeu identificar quines s\u00f3n les qualitats m\u00e9s notables en un pernil de qualitat? Descobreix aqu\u00ed les claus per a recon\u00e8ixer un bon pernil ib\u00e8ric.\" \/>\n<meta name=\"robots\" content=\"index, follow, max-snippet:-1, max-image-preview:large, max-video-preview:-1\" \/>\n<link rel=\"canonical\" href=\"https:\/\/disteco.com\/ca\/reconeixer-un-bon-pernil-iberic\/\" \/>\n<meta property=\"og:locale\" content=\"ca_ES\" \/>\n<meta property=\"og:type\" content=\"article\" \/>\n<meta property=\"og:title\" content=\"Recon\u00e8ixer un bon pernil ib\u00e8ric - GRUP ALIMENTARI DISTECO\" \/>\n<meta property=\"og:description\" content=\"Sabeu identificar quines s\u00f3n les qualitats m\u00e9s notables en un pernil de qualitat? Descobreix aqu\u00ed les claus per a recon\u00e8ixer un bon pernil ib\u00e8ric.\" \/>\n<meta property=\"og:url\" content=\"https:\/\/disteco.com\/ca\/reconeixer-un-bon-pernil-iberic\/\" \/>\n<meta property=\"og:site_name\" content=\"GRUP ALIMENTARI DISTECO\" \/>\n<meta property=\"article:publisher\" content=\"https:\/\/www.facebook.com\/grupalimentaridisteco\/\" \/>\n<meta property=\"article:published_time\" content=\"2021-01-31T19:03:00+00:00\" \/>\n<meta property=\"article:modified_time\" content=\"2021-03-29T09:49:41+00:00\" \/>\n<meta property=\"og:image\" content=\"https:\/\/disteco.com\/wp-content\/uploads\/2017\/08\/carvajal-marquez.jpg\" \/>\n\t<meta property=\"og:image:width\" content=\"1920\" \/>\n\t<meta property=\"og:image:height\" content=\"1080\" \/>\n\t<meta property=\"og:image:type\" content=\"image\/jpeg\" \/>\n<meta name=\"author\" content=\"GAD\" \/>\n<meta name=\"twitter:card\" content=\"summary_large_image\" \/>\n<meta name=\"twitter:creator\" content=\"@DistecoGrup\" \/>\n<meta name=\"twitter:site\" content=\"@DistecoGrup\" \/>\n<meta name=\"twitter:label1\" content=\"Escrit per\" \/>\n\t<meta name=\"twitter:data1\" content=\"GAD\" \/>\n\t<meta name=\"twitter:label2\" content=\"Temps estimat de lectura\" \/>\n\t<meta name=\"twitter:data2\" content=\"2 minut\" \/>\n<script type=\"application\/ld+json\" class=\"yoast-schema-graph\">{\"@context\":\"https:\/\/schema.org\",\"@graph\":[{\"@type\":\"Article\",\"@id\":\"https:\/\/disteco.com\/ca\/reconeixer-un-bon-pernil-iberic\/#article\",\"isPartOf\":{\"@id\":\"https:\/\/disteco.com\/ca\/reconeixer-un-bon-pernil-iberic\/\"},\"author\":{\"name\":\"GAD\",\"@id\":\"https:\/\/disteco.com\/ca\/#\/schema\/person\/4ea51f932b94228a72ce3c6332cfd3c0\"},\"headline\":\"Recon\u00e8ixer un bon pernil ib\u00e8ric\",\"datePublished\":\"2021-01-31T19:03:00+00:00\",\"dateModified\":\"2021-03-29T09:49:41+00:00\",\"mainEntityOfPage\":{\"@id\":\"https:\/\/disteco.com\/ca\/reconeixer-un-bon-pernil-iberic\/\"},\"wordCount\":342,\"commentCount\":0,\"publisher\":{\"@id\":\"https:\/\/disteco.com\/ca\/#organization\"},\"image\":{\"@id\":\"https:\/\/disteco.com\/ca\/reconeixer-un-bon-pernil-iberic\/#primaryimage\"},\"thumbnailUrl\":\"https:\/\/disteco.com\/wp-content\/uploads\/2017\/08\/carvajal-marquez.jpg\",\"keywords\":[\"aliments de qualitat\",\"GAD alimentaci\u00f3 saludable\",\"millor qualitat\",\"pernil ib\u00e8ric\"],\"articleSection\":[\"\u00daltimes not\u00edcies\"],\"inLanguage\":\"ca\",\"potentialAction\":[{\"@type\":\"CommentAction\",\"name\":\"Comment\",\"target\":[\"https:\/\/disteco.com\/ca\/reconeixer-un-bon-pernil-iberic\/#respond\"]}]},{\"@type\":\"WebPage\",\"@id\":\"https:\/\/disteco.com\/ca\/reconeixer-un-bon-pernil-iberic\/\",\"url\":\"https:\/\/disteco.com\/ca\/reconeixer-un-bon-pernil-iberic\/\",\"name\":\"Recon\u00e8ixer un bon pernil ib\u00e8ric - GRUP ALIMENTARI DISTECO\",\"isPartOf\":{\"@id\":\"https:\/\/disteco.com\/ca\/#website\"},\"primaryImageOfPage\":{\"@id\":\"https:\/\/disteco.com\/ca\/reconeixer-un-bon-pernil-iberic\/#primaryimage\"},\"image\":{\"@id\":\"https:\/\/disteco.com\/ca\/reconeixer-un-bon-pernil-iberic\/#primaryimage\"},\"thumbnailUrl\":\"https:\/\/disteco.com\/wp-content\/uploads\/2017\/08\/carvajal-marquez.jpg\",\"datePublished\":\"2021-01-31T19:03:00+00:00\",\"dateModified\":\"2021-03-29T09:49:41+00:00\",\"description\":\"Sabeu identificar quines s\u00f3n les qualitats m\u00e9s notables en un pernil de qualitat? Descobreix aqu\u00ed les claus per a recon\u00e8ixer un bon pernil ib\u00e8ric.\",\"breadcrumb\":{\"@id\":\"https:\/\/disteco.com\/ca\/reconeixer-un-bon-pernil-iberic\/#breadcrumb\"},\"inLanguage\":\"ca\",\"potentialAction\":[{\"@type\":\"ReadAction\",\"target\":[\"https:\/\/disteco.com\/ca\/reconeixer-un-bon-pernil-iberic\/\"]}]},{\"@type\":\"ImageObject\",\"inLanguage\":\"ca\",\"@id\":\"https:\/\/disteco.com\/ca\/reconeixer-un-bon-pernil-iberic\/#primaryimage\",\"url\":\"https:\/\/disteco.com\/wp-content\/uploads\/2017\/08\/carvajal-marquez.jpg\",\"contentUrl\":\"https:\/\/disteco.com\/wp-content\/uploads\/2017\/08\/carvajal-marquez.jpg\",\"width\":1920,\"height\":1080},{\"@type\":\"BreadcrumbList\",\"@id\":\"https:\/\/disteco.com\/ca\/reconeixer-un-bon-pernil-iberic\/#breadcrumb\",\"itemListElement\":[{\"@type\":\"ListItem\",\"position\":1,\"name\":\"Portada\",\"item\":\"https:\/\/disteco.com\/ca\/\"},{\"@type\":\"ListItem\",\"position\":2,\"name\":\"Recon\u00e8ixer un bon pernil ib\u00e8ric\"}]},{\"@type\":\"WebSite\",\"@id\":\"https:\/\/disteco.com\/ca\/#website\",\"url\":\"https:\/\/disteco.com\/ca\/\",\"name\":\"GRUP ALIMENTARI DISTECO\",\"description\":\"Distribuci\u00f3 aliment\u00e0ria de productes d'alta qualitat\",\"publisher\":{\"@id\":\"https:\/\/disteco.com\/ca\/#organization\"},\"potentialAction\":[{\"@type\":\"SearchAction\",\"target\":{\"@type\":\"EntryPoint\",\"urlTemplate\":\"https:\/\/disteco.com\/ca\/?s={search_term_string}\"},\"query-input\":{\"@type\":\"PropertyValueSpecification\",\"valueRequired\":true,\"valueName\":\"search_term_string\"}}],\"inLanguage\":\"ca\"},{\"@type\":\"Organization\",\"@id\":\"https:\/\/disteco.com\/ca\/#organization\",\"name\":\"GRUP ALIMENTARI DISTECO\",\"url\":\"https:\/\/disteco.com\/ca\/\",\"logo\":{\"@type\":\"ImageObject\",\"inLanguage\":\"ca\",\"@id\":\"https:\/\/disteco.com\/ca\/#\/schema\/logo\/image\/\",\"url\":\"https:\/\/disteco.com\/wp-content\/uploads\/2017\/03\/logo-grup-alimentari-disteco.png\",\"contentUrl\":\"https:\/\/disteco.com\/wp-content\/uploads\/2017\/03\/logo-grup-alimentari-disteco.png\",\"width\":600,\"height\":61,\"caption\":\"GRUP ALIMENTARI DISTECO\"},\"image\":{\"@id\":\"https:\/\/disteco.com\/ca\/#\/schema\/logo\/image\/\"},\"sameAs\":[\"https:\/\/www.facebook.com\/grupalimentaridisteco\/\",\"https:\/\/x.com\/DistecoGrup\",\"https:\/\/www.instagram.com\/gadisteco\/\",\"https:\/\/www.linkedin.com\/company\/grup-alimentari-disteco\/\",\"https:\/\/www.youtube.com\/@grupalimentaridisteco572\"]},{\"@type\":\"Person\",\"@id\":\"https:\/\/disteco.com\/ca\/#\/schema\/person\/4ea51f932b94228a72ce3c6332cfd3c0\",\"name\":\"GAD\",\"image\":{\"@type\":\"ImageObject\",\"inLanguage\":\"ca\",\"@id\":\"https:\/\/disteco.com\/ca\/#\/schema\/person\/image\/\",\"url\":\"https:\/\/secure.gravatar.com\/avatar\/c03aafdc2e714d25acb2f145eda11ecc45ef17c5219efd6cfba9f6a37f404cfe?s=96&d=mm&r=g\",\"contentUrl\":\"https:\/\/secure.gravatar.com\/avatar\/c03aafdc2e714d25acb2f145eda11ecc45ef17c5219efd6cfba9f6a37f404cfe?s=96&d=mm&r=g\",\"caption\":\"GAD\"},\"url\":\"https:\/\/disteco.com\/ca\/author\/baraka\/\"}]}<\/script>\n<!-- \/ Yoast SEO plugin. -->","yoast_head_json":{"title":"Recon\u00e8ixer un bon pernil ib\u00e8ric - GRUP ALIMENTARI DISTECO","description":"Sabeu identificar quines s\u00f3n les qualitats m\u00e9s notables en un pernil de qualitat? Descobreix aqu\u00ed les claus per a recon\u00e8ixer un bon pernil ib\u00e8ric.","robots":{"index":"index","follow":"follow","max-snippet":"max-snippet:-1","max-image-preview":"max-image-preview:large","max-video-preview":"max-video-preview:-1"},"canonical":"https:\/\/disteco.com\/ca\/reconeixer-un-bon-pernil-iberic\/","og_locale":"ca_ES","og_type":"article","og_title":"Recon\u00e8ixer un bon pernil ib\u00e8ric - GRUP ALIMENTARI DISTECO","og_description":"Sabeu identificar quines s\u00f3n les qualitats m\u00e9s notables en un pernil de qualitat? Descobreix aqu\u00ed les claus per a recon\u00e8ixer un bon pernil ib\u00e8ric.","og_url":"https:\/\/disteco.com\/ca\/reconeixer-un-bon-pernil-iberic\/","og_site_name":"GRUP ALIMENTARI DISTECO","article_publisher":"https:\/\/www.facebook.com\/grupalimentaridisteco\/","article_published_time":"2021-01-31T19:03:00+00:00","article_modified_time":"2021-03-29T09:49:41+00:00","og_image":[{"width":1920,"height":1080,"url":"https:\/\/disteco.com\/wp-content\/uploads\/2017\/08\/carvajal-marquez.jpg","type":"image\/jpeg"}],"author":"GAD","twitter_card":"summary_large_image","twitter_creator":"@DistecoGrup","twitter_site":"@DistecoGrup","twitter_misc":{"Escrit per":"GAD","Temps estimat de lectura":"2 minut"},"schema":{"@context":"https:\/\/schema.org","@graph":[{"@type":"Article","@id":"https:\/\/disteco.com\/ca\/reconeixer-un-bon-pernil-iberic\/#article","isPartOf":{"@id":"https:\/\/disteco.com\/ca\/reconeixer-un-bon-pernil-iberic\/"},"author":{"name":"GAD","@id":"https:\/\/disteco.com\/ca\/#\/schema\/person\/4ea51f932b94228a72ce3c6332cfd3c0"},"headline":"Recon\u00e8ixer un bon pernil ib\u00e8ric","datePublished":"2021-01-31T19:03:00+00:00","dateModified":"2021-03-29T09:49:41+00:00","mainEntityOfPage":{"@id":"https:\/\/disteco.com\/ca\/reconeixer-un-bon-pernil-iberic\/"},"wordCount":342,"commentCount":0,"publisher":{"@id":"https:\/\/disteco.com\/ca\/#organization"},"image":{"@id":"https:\/\/disteco.com\/ca\/reconeixer-un-bon-pernil-iberic\/#primaryimage"},"thumbnailUrl":"https:\/\/disteco.com\/wp-content\/uploads\/2017\/08\/carvajal-marquez.jpg","keywords":["aliments de qualitat","GAD alimentaci\u00f3 saludable","millor qualitat","pernil ib\u00e8ric"],"articleSection":["\u00daltimes not\u00edcies"],"inLanguage":"ca","potentialAction":[{"@type":"CommentAction","name":"Comment","target":["https:\/\/disteco.com\/ca\/reconeixer-un-bon-pernil-iberic\/#respond"]}]},{"@type":"WebPage","@id":"https:\/\/disteco.com\/ca\/reconeixer-un-bon-pernil-iberic\/","url":"https:\/\/disteco.com\/ca\/reconeixer-un-bon-pernil-iberic\/","name":"Recon\u00e8ixer un bon pernil ib\u00e8ric - GRUP ALIMENTARI DISTECO","isPartOf":{"@id":"https:\/\/disteco.com\/ca\/#website"},"primaryImageOfPage":{"@id":"https:\/\/disteco.com\/ca\/reconeixer-un-bon-pernil-iberic\/#primaryimage"},"image":{"@id":"https:\/\/disteco.com\/ca\/reconeixer-un-bon-pernil-iberic\/#primaryimage"},"thumbnailUrl":"https:\/\/disteco.com\/wp-content\/uploads\/2017\/08\/carvajal-marquez.jpg","datePublished":"2021-01-31T19:03:00+00:00","dateModified":"2021-03-29T09:49:41+00:00","description":"Sabeu identificar quines s\u00f3n les qualitats m\u00e9s notables en un pernil de qualitat? Descobreix aqu\u00ed les claus per a recon\u00e8ixer un bon pernil ib\u00e8ric.","breadcrumb":{"@id":"https:\/\/disteco.com\/ca\/reconeixer-un-bon-pernil-iberic\/#breadcrumb"},"inLanguage":"ca","potentialAction":[{"@type":"ReadAction","target":["https:\/\/disteco.com\/ca\/reconeixer-un-bon-pernil-iberic\/"]}]},{"@type":"ImageObject","inLanguage":"ca","@id":"https:\/\/disteco.com\/ca\/reconeixer-un-bon-pernil-iberic\/#primaryimage","url":"https:\/\/disteco.com\/wp-content\/uploads\/2017\/08\/carvajal-marquez.jpg","contentUrl":"https:\/\/disteco.com\/wp-content\/uploads\/2017\/08\/carvajal-marquez.jpg","width":1920,"height":1080},{"@type":"BreadcrumbList","@id":"https:\/\/disteco.com\/ca\/reconeixer-un-bon-pernil-iberic\/#breadcrumb","itemListElement":[{"@type":"ListItem","position":1,"name":"Portada","item":"https:\/\/disteco.com\/ca\/"},{"@type":"ListItem","position":2,"name":"Recon\u00e8ixer un bon pernil ib\u00e8ric"}]},{"@type":"WebSite","@id":"https:\/\/disteco.com\/ca\/#website","url":"https:\/\/disteco.com\/ca\/","name":"GRUP ALIMENTARI DISTECO","description":"Distribuci\u00f3 aliment\u00e0ria de productes d'alta qualitat","publisher":{"@id":"https:\/\/disteco.com\/ca\/#organization"},"potentialAction":[{"@type":"SearchAction","target":{"@type":"EntryPoint","urlTemplate":"https:\/\/disteco.com\/ca\/?s={search_term_string}"},"query-input":{"@type":"PropertyValueSpecification","valueRequired":true,"valueName":"search_term_string"}}],"inLanguage":"ca"},{"@type":"Organization","@id":"https:\/\/disteco.com\/ca\/#organization","name":"GRUP ALIMENTARI DISTECO","url":"https:\/\/disteco.com\/ca\/","logo":{"@type":"ImageObject","inLanguage":"ca","@id":"https:\/\/disteco.com\/ca\/#\/schema\/logo\/image\/","url":"https:\/\/disteco.com\/wp-content\/uploads\/2017\/03\/logo-grup-alimentari-disteco.png","contentUrl":"https:\/\/disteco.com\/wp-content\/uploads\/2017\/03\/logo-grup-alimentari-disteco.png","width":600,"height":61,"caption":"GRUP ALIMENTARI DISTECO"},"image":{"@id":"https:\/\/disteco.com\/ca\/#\/schema\/logo\/image\/"},"sameAs":["https:\/\/www.facebook.com\/grupalimentaridisteco\/","https:\/\/x.com\/DistecoGrup","https:\/\/www.instagram.com\/gadisteco\/","https:\/\/www.linkedin.com\/company\/grup-alimentari-disteco\/","https:\/\/www.youtube.com\/@grupalimentaridisteco572"]},{"@type":"Person","@id":"https:\/\/disteco.com\/ca\/#\/schema\/person\/4ea51f932b94228a72ce3c6332cfd3c0","name":"GAD","image":{"@type":"ImageObject","inLanguage":"ca","@id":"https:\/\/disteco.com\/ca\/#\/schema\/person\/image\/","url":"https:\/\/secure.gravatar.com\/avatar\/c03aafdc2e714d25acb2f145eda11ecc45ef17c5219efd6cfba9f6a37f404cfe?s=96&d=mm&r=g","contentUrl":"https:\/\/secure.gravatar.com\/avatar\/c03aafdc2e714d25acb2f145eda11ecc45ef17c5219efd6cfba9f6a37f404cfe?s=96&d=mm&r=g","caption":"GAD"},"url":"https:\/\/disteco.com\/ca\/author\/baraka\/"}]}},"_links":{"self":[{"href":"https:\/\/disteco.com\/ca\/wp-json\/wp\/v2\/posts\/213383","targetHints":{"allow":["GET"]}}],"collection":[{"href":"https:\/\/disteco.com\/ca\/wp-json\/wp\/v2\/posts"}],"about":[{"href":"https:\/\/disteco.com\/ca\/wp-json\/wp\/v2\/types\/post"}],"author":[{"embeddable":true,"href":"https:\/\/disteco.com\/ca\/wp-json\/wp\/v2\/users\/1"}],"replies":[{"embeddable":true,"href":"https:\/\/disteco.com\/ca\/wp-json\/wp\/v2\/comments?post=213383"}],"version-history":[{"count":7,"href":"https:\/\/disteco.com\/ca\/wp-json\/wp\/v2\/posts\/213383\/revisions"}],"predecessor-version":[{"id":213391,"href":"https:\/\/disteco.com\/ca\/wp-json\/wp\/v2\/posts\/213383\/revisions\/213391"}],"wp:featuredmedia":[{"embeddable":true,"href":"https:\/\/disteco.com\/ca\/wp-json\/wp\/v2\/media\/205681"}],"wp:attachment":[{"href":"https:\/\/disteco.com\/ca\/wp-json\/wp\/v2\/media?parent=213383"}],"wp:term":[{"taxonomy":"category","embeddable":true,"href":"https:\/\/disteco.com\/ca\/wp-json\/wp\/v2\/categories?post=213383"},{"taxonomy":"post_tag","embeddable":true,"href":"https:\/\/disteco.com\/ca\/wp-json\/wp\/v2\/tags?post=213383"}],"curies":[{"name":"wp","href":"https:\/\/api.w.org\/{rel}","templated":true}]}}