{"id":213191,"date":"2020-12-20T17:59:00","date_gmt":"2020-12-20T17:59:00","guid":{"rendered":"https:\/\/disteco.com\/?p=213191"},"modified":"2020-12-21T08:17:29","modified_gmt":"2020-12-21T08:17:29","slug":"receptes-navidenas-amb-pernil","status":"publish","type":"post","link":"https:\/\/disteco.com\/ca\/receptes-navidenas-amb-pernil\/","title":{"rendered":"Receptes nadalenques amb pernil"},"content":{"rendered":"\n<figure class=\"wp-block-image size-large\"><img loading=\"lazy\" decoding=\"async\" width=\"1024\" height=\"683\" src=\"https:\/\/disteco.com\/wp-content\/uploads\/2018\/11\/comprar-al-por-mayor-jamon-iberico-1024x683.jpg\" alt=\"Comprar al por mayor jam\u00f3n ib\u00e9rico, c\u00f3mo y a qui\u00e9n\" class=\"wp-image-209519\" srcset=\"https:\/\/disteco.com\/wp-content\/uploads\/2018\/11\/comprar-al-por-mayor-jamon-iberico-1024x683.jpg 1024w, https:\/\/disteco.com\/wp-content\/uploads\/2018\/11\/comprar-al-por-mayor-jamon-iberico-300x200.jpg 300w, https:\/\/disteco.com\/wp-content\/uploads\/2018\/11\/comprar-al-por-mayor-jamon-iberico-768x512.jpg 768w, https:\/\/disteco.com\/wp-content\/uploads\/2018\/11\/comprar-al-por-mayor-jamon-iberico-1080x720.jpg 1080w, https:\/\/disteco.com\/wp-content\/uploads\/2018\/11\/comprar-al-por-mayor-jamon-iberico.jpg 1920w\" sizes=\"(max-width: 1024px) 100vw, 1024px\" \/><\/figure>\n\n\n<p><span style=\"color: #cc0000;\"><strong><em>Receptes nadalenques amb pernil<\/em><\/strong><\/span><\/p>\n<p>\u00a0<\/p>\n<h1><strong>Les m\u00e9s elaborades receptes nadalenques amb pernil\u00a0<\/strong><\/h1>\n<blockquote>\n<h4><span style=\"color: #000000;\">Existeixen pocs productes tan vers\u00e0tils i distintius de les celebracions nadalenques. Descobreix, des de preparacions r\u00e0pides i senzilles, fins a les m\u00e9s elaborades receptes amb pernil.<\/span><\/h4>\n<\/blockquote>\n<p><strong>El pernil \u00e9s un producte que es porta b\u00e9 amb gaireb\u00e9 tot tipus d&#8217;aliments i presentacions<\/strong>, no fa falta cuinar-ho, per\u00f2 s\u00ed que pots incorporar-ho en qualsevol preparaci\u00f3 enfornada, en la casserola o a la graella.<\/p>\n<p>Es tracta d&#8217;una del\u00edcia noble que, sense perdre les seves qualitats distintives, pot exaltar els sabors d&#8217;altres productes i fins a prescindir d&#8217;altres adre\u00e7os o esp\u00e8cies.<\/p>\n<p>Probablement ja tens una mica de pernil en el rebost, i no hi ha res com gaudir-ho di\u00e0riament simplement amb mel\u00f3 o en una bruqueta, per\u00f2 tamb\u00e9 pots pensar en una elaboraci\u00f3 una mica m\u00e9s sofisticada per a la taula de nadal.<\/p>\n<p>\u00a0<\/p>\n<h2>Les m\u00e9s elaborades receptes nadalenques amb pernil<\/h2>\n<p>Aqu\u00ed teniu les m\u00e9s senzilles alhora a elegants opcions per a incloure pernil en entrades i guarnicions:<\/p>\n<ul>\n<li><strong>Bombons de pernil.<\/strong> Una presentaci\u00f3 elegant i senzilla que pots emplenar amb qualsevol formatge d&#8217;untar i fins i tot a fines herbes o ceba tendra, la clau est\u00e0 en l&#8217;elaboraci\u00f3: utilitza un recipient per a enfornar magdalenes, un petit bol o un recipient per a gels, est\u00e9n la rodanxa de pernil o una meitat (dep\u00e8n la grand\u00e0ria del bomb\u00f3 que desitgeu) col\u00b7loca una bola del farciment i arrodoneix entre totes dues mans perqu\u00e8 quedi la forma del bomb\u00f3.<\/li>\n<li><strong>Peres amb pernil i formatge blau<\/strong>. Una mescla de sabors deliciosa amb una presentaci\u00f3 sofisticada: unta el formatge blau en unes rodanxes de pera i col\u00b7loca una rodanxa de pernil damunt, tot unit amb un escuradents o marmitons de copet\u00edn.<\/li>\n<li><strong>Amanida de mango, taronja i pernil ib\u00e8ric.<\/strong> Una guarnici\u00f3 que fins pot convertir-se en el plat estrella de la nit: canonges, 2 taronges, 2 mangos, tomaques cherry i pernil ib\u00e8ric en rodanxes, tallant les fruites en rodanxes i amanint la reparaci\u00f3 simplement amb una mica de vinagre, una cucharadita de mel i oli d&#8217;oliva verge extra.<\/li>\n<\/ul>\n<p>Enguany pots lluir-te en la cuina amb nom\u00e9s incorporar pernil en les teves receptes, ja que, a m\u00e9s del sabor, aporta una quota senzilla per\u00f2 elegant en tota presentaci\u00f3.<\/p>\n<blockquote>\n<h3>A Grup Alimentari Disteco comercializem <a href=\"\/?page_id=204833\" target=\"_blank\" rel=\"noopener\">pernils ib\u00e8rics i serrans de la m\u00e9s alta qualitat<\/a>, aix\u00ed com altres <a href=\"\/?page_id=204855\" target=\"_blank\" rel=\"noopener\">embutits de sabor excepcional<\/a> que s\u00f3n la del\u00edcia de cada fam\u00edlia en nadal.<\/h3>\n<\/blockquote>\n\n\n<p><\/p>\n","protected":false},"excerpt":{"rendered":"<p>Existeixen pocs productes tan vers\u00e0tils i distintius de les celebracions nadalenques. Descobreix, des de preparacions r\u00e0pides i senzilles, fins a les m\u00e9s elaborades receptes amb pernil.<\/p>\n","protected":false},"author":1,"featured_media":209520,"comment_status":"open","ping_status":"open","sticky":false,"template":"","format":"image","meta":{"_et_pb_use_builder":"off","_et_pb_old_content":"","_et_gb_content_width":"","footnotes":""},"categories":[11],"tags":[121,218,65,295],"class_list":["post-213191","post","type-post","status-publish","format-image","has-post-thumbnail","hentry","category-acciones-comerciales","tag-gad-ca-2","tag-pinchos-de-jamon-ca","tag-productes-de-proximitat","tag-receptes-nadalenques-amb-pernil","post_format-post-format-image"],"yoast_head":"<!-- This site is optimized with the Yoast SEO plugin v26.9 - https:\/\/yoast.com\/product\/yoast-seo-wordpress\/ -->\n<title>Receptes nadalenques amb pernil - GRUP ALIMENTARI DISTECO<\/title>\n<meta name=\"description\" content=\"Existeixen pocs productes tan vers\u00e0tils i distintius de les festes nadalenques. Descobreix, des de les r\u00e0pides fins a les m\u00e9s elaborades receptes amb pernil\" \/>\n<meta name=\"robots\" content=\"index, follow, max-snippet:-1, max-image-preview:large, max-video-preview:-1\" \/>\n<link rel=\"canonical\" href=\"https:\/\/disteco.com\/ca\/receptes-navidenas-amb-pernil\/\" \/>\n<meta property=\"og:locale\" content=\"ca_ES\" \/>\n<meta property=\"og:type\" content=\"article\" \/>\n<meta property=\"og:title\" content=\"Receptes nadalenques amb pernil - GRUP ALIMENTARI DISTECO\" \/>\n<meta property=\"og:description\" content=\"Existeixen pocs productes tan vers\u00e0tils i distintius de les festes nadalenques. Descobreix, des de les r\u00e0pides fins a les m\u00e9s elaborades receptes amb pernil\" \/>\n<meta property=\"og:url\" content=\"https:\/\/disteco.com\/ca\/receptes-navidenas-amb-pernil\/\" \/>\n<meta property=\"og:site_name\" content=\"GRUP ALIMENTARI DISTECO\" \/>\n<meta property=\"article:publisher\" content=\"https:\/\/www.facebook.com\/grupalimentaridisteco\/\" \/>\n<meta property=\"article:published_time\" content=\"2020-12-20T17:59:00+00:00\" \/>\n<meta property=\"article:modified_time\" content=\"2020-12-21T08:17:29+00:00\" \/>\n<meta property=\"og:image\" content=\"https:\/\/disteco.com\/wp-content\/uploads\/2018\/11\/comprar-al-por-mayor-jamon-iberico.jpg\" \/>\n\t<meta property=\"og:image:width\" content=\"1920\" \/>\n\t<meta property=\"og:image:height\" content=\"1280\" \/>\n\t<meta property=\"og:image:type\" content=\"image\/jpeg\" \/>\n<meta name=\"author\" content=\"GAD\" \/>\n<meta name=\"twitter:card\" content=\"summary_large_image\" \/>\n<meta name=\"twitter:creator\" content=\"@DistecoGrup\" \/>\n<meta name=\"twitter:site\" content=\"@DistecoGrup\" \/>\n<meta name=\"twitter:label1\" content=\"Escrit per\" \/>\n\t<meta name=\"twitter:data1\" content=\"GAD\" \/>\n\t<meta name=\"twitter:label2\" content=\"Temps estimat de lectura\" \/>\n\t<meta name=\"twitter:data2\" content=\"2 minut\" \/>\n<script type=\"application\/ld+json\" class=\"yoast-schema-graph\">{\"@context\":\"https:\/\/schema.org\",\"@graph\":[{\"@type\":\"Article\",\"@id\":\"https:\/\/disteco.com\/ca\/receptes-navidenas-amb-pernil\/#article\",\"isPartOf\":{\"@id\":\"https:\/\/disteco.com\/ca\/receptes-navidenas-amb-pernil\/\"},\"author\":{\"name\":\"GAD\",\"@id\":\"https:\/\/disteco.com\/ca\/#\/schema\/person\/4ea51f932b94228a72ce3c6332cfd3c0\"},\"headline\":\"Receptes nadalenques amb pernil\",\"datePublished\":\"2020-12-20T17:59:00+00:00\",\"dateModified\":\"2020-12-21T08:17:29+00:00\",\"mainEntityOfPage\":{\"@id\":\"https:\/\/disteco.com\/ca\/receptes-navidenas-amb-pernil\/\"},\"wordCount\":433,\"commentCount\":0,\"publisher\":{\"@id\":\"https:\/\/disteco.com\/ca\/#organization\"},\"image\":{\"@id\":\"https:\/\/disteco.com\/ca\/receptes-navidenas-amb-pernil\/#primaryimage\"},\"thumbnailUrl\":\"https:\/\/disteco.com\/wp-content\/uploads\/2018\/11\/comprar-al-por-mayor-jamon-iberico.jpg\",\"keywords\":[\"GAD\",\"pinchos de jam\u00f3n\",\"productes de proximitat\",\"receptes nadalenques amb pernil\"],\"articleSection\":[\"Acciones Comerciales\"],\"inLanguage\":\"ca\",\"potentialAction\":[{\"@type\":\"CommentAction\",\"name\":\"Comment\",\"target\":[\"https:\/\/disteco.com\/ca\/receptes-navidenas-amb-pernil\/#respond\"]}]},{\"@type\":\"WebPage\",\"@id\":\"https:\/\/disteco.com\/ca\/receptes-navidenas-amb-pernil\/\",\"url\":\"https:\/\/disteco.com\/ca\/receptes-navidenas-amb-pernil\/\",\"name\":\"Receptes nadalenques amb pernil - GRUP ALIMENTARI DISTECO\",\"isPartOf\":{\"@id\":\"https:\/\/disteco.com\/ca\/#website\"},\"primaryImageOfPage\":{\"@id\":\"https:\/\/disteco.com\/ca\/receptes-navidenas-amb-pernil\/#primaryimage\"},\"image\":{\"@id\":\"https:\/\/disteco.com\/ca\/receptes-navidenas-amb-pernil\/#primaryimage\"},\"thumbnailUrl\":\"https:\/\/disteco.com\/wp-content\/uploads\/2018\/11\/comprar-al-por-mayor-jamon-iberico.jpg\",\"datePublished\":\"2020-12-20T17:59:00+00:00\",\"dateModified\":\"2020-12-21T08:17:29+00:00\",\"description\":\"Existeixen pocs productes tan vers\u00e0tils i distintius de les festes nadalenques. Descobreix, des de les r\u00e0pides fins a les m\u00e9s elaborades receptes amb pernil\",\"breadcrumb\":{\"@id\":\"https:\/\/disteco.com\/ca\/receptes-navidenas-amb-pernil\/#breadcrumb\"},\"inLanguage\":\"ca\",\"potentialAction\":[{\"@type\":\"ReadAction\",\"target\":[\"https:\/\/disteco.com\/ca\/receptes-navidenas-amb-pernil\/\"]}]},{\"@type\":\"ImageObject\",\"inLanguage\":\"ca\",\"@id\":\"https:\/\/disteco.com\/ca\/receptes-navidenas-amb-pernil\/#primaryimage\",\"url\":\"https:\/\/disteco.com\/wp-content\/uploads\/2018\/11\/comprar-al-por-mayor-jamon-iberico.jpg\",\"contentUrl\":\"https:\/\/disteco.com\/wp-content\/uploads\/2018\/11\/comprar-al-por-mayor-jamon-iberico.jpg\",\"width\":1920,\"height\":1280,\"caption\":\"Comprar al por mayor jam\u00f3n ib\u00e9rico, c\u00f3mo y a qui\u00e9n\"},{\"@type\":\"BreadcrumbList\",\"@id\":\"https:\/\/disteco.com\/ca\/receptes-navidenas-amb-pernil\/#breadcrumb\",\"itemListElement\":[{\"@type\":\"ListItem\",\"position\":1,\"name\":\"Portada\",\"item\":\"https:\/\/disteco.com\/ca\/\"},{\"@type\":\"ListItem\",\"position\":2,\"name\":\"Receptes nadalenques amb pernil\"}]},{\"@type\":\"WebSite\",\"@id\":\"https:\/\/disteco.com\/ca\/#website\",\"url\":\"https:\/\/disteco.com\/ca\/\",\"name\":\"GRUP ALIMENTARI DISTECO\",\"description\":\"Distribuci\u00f3 aliment\u00e0ria de productes d'alta qualitat\",\"publisher\":{\"@id\":\"https:\/\/disteco.com\/ca\/#organization\"},\"potentialAction\":[{\"@type\":\"SearchAction\",\"target\":{\"@type\":\"EntryPoint\",\"urlTemplate\":\"https:\/\/disteco.com\/ca\/?s={search_term_string}\"},\"query-input\":{\"@type\":\"PropertyValueSpecification\",\"valueRequired\":true,\"valueName\":\"search_term_string\"}}],\"inLanguage\":\"ca\"},{\"@type\":\"Organization\",\"@id\":\"https:\/\/disteco.com\/ca\/#organization\",\"name\":\"GRUP ALIMENTARI DISTECO\",\"url\":\"https:\/\/disteco.com\/ca\/\",\"logo\":{\"@type\":\"ImageObject\",\"inLanguage\":\"ca\",\"@id\":\"https:\/\/disteco.com\/ca\/#\/schema\/logo\/image\/\",\"url\":\"https:\/\/disteco.com\/wp-content\/uploads\/2017\/03\/logo-grup-alimentari-disteco.png\",\"contentUrl\":\"https:\/\/disteco.com\/wp-content\/uploads\/2017\/03\/logo-grup-alimentari-disteco.png\",\"width\":600,\"height\":61,\"caption\":\"GRUP ALIMENTARI DISTECO\"},\"image\":{\"@id\":\"https:\/\/disteco.com\/ca\/#\/schema\/logo\/image\/\"},\"sameAs\":[\"https:\/\/www.facebook.com\/grupalimentaridisteco\/\",\"https:\/\/x.com\/DistecoGrup\",\"https:\/\/www.instagram.com\/gadisteco\/\",\"https:\/\/www.linkedin.com\/company\/grup-alimentari-disteco\/\",\"https:\/\/www.youtube.com\/@grupalimentaridisteco572\"]},{\"@type\":\"Person\",\"@id\":\"https:\/\/disteco.com\/ca\/#\/schema\/person\/4ea51f932b94228a72ce3c6332cfd3c0\",\"name\":\"GAD\",\"image\":{\"@type\":\"ImageObject\",\"inLanguage\":\"ca\",\"@id\":\"https:\/\/disteco.com\/ca\/#\/schema\/person\/image\/\",\"url\":\"https:\/\/secure.gravatar.com\/avatar\/c03aafdc2e714d25acb2f145eda11ecc45ef17c5219efd6cfba9f6a37f404cfe?s=96&d=mm&r=g\",\"contentUrl\":\"https:\/\/secure.gravatar.com\/avatar\/c03aafdc2e714d25acb2f145eda11ecc45ef17c5219efd6cfba9f6a37f404cfe?s=96&d=mm&r=g\",\"caption\":\"GAD\"},\"url\":\"https:\/\/disteco.com\/ca\/author\/baraka\/\"}]}<\/script>\n<!-- \/ Yoast SEO plugin. -->","yoast_head_json":{"title":"Receptes nadalenques amb pernil - GRUP ALIMENTARI DISTECO","description":"Existeixen pocs productes tan vers\u00e0tils i distintius de les festes nadalenques. Descobreix, des de les r\u00e0pides fins a les m\u00e9s elaborades receptes amb pernil","robots":{"index":"index","follow":"follow","max-snippet":"max-snippet:-1","max-image-preview":"max-image-preview:large","max-video-preview":"max-video-preview:-1"},"canonical":"https:\/\/disteco.com\/ca\/receptes-navidenas-amb-pernil\/","og_locale":"ca_ES","og_type":"article","og_title":"Receptes nadalenques amb pernil - GRUP ALIMENTARI DISTECO","og_description":"Existeixen pocs productes tan vers\u00e0tils i distintius de les festes nadalenques. Descobreix, des de les r\u00e0pides fins a les m\u00e9s elaborades receptes amb pernil","og_url":"https:\/\/disteco.com\/ca\/receptes-navidenas-amb-pernil\/","og_site_name":"GRUP ALIMENTARI DISTECO","article_publisher":"https:\/\/www.facebook.com\/grupalimentaridisteco\/","article_published_time":"2020-12-20T17:59:00+00:00","article_modified_time":"2020-12-21T08:17:29+00:00","og_image":[{"width":1920,"height":1280,"url":"https:\/\/disteco.com\/wp-content\/uploads\/2018\/11\/comprar-al-por-mayor-jamon-iberico.jpg","type":"image\/jpeg"}],"author":"GAD","twitter_card":"summary_large_image","twitter_creator":"@DistecoGrup","twitter_site":"@DistecoGrup","twitter_misc":{"Escrit per":"GAD","Temps estimat de lectura":"2 minut"},"schema":{"@context":"https:\/\/schema.org","@graph":[{"@type":"Article","@id":"https:\/\/disteco.com\/ca\/receptes-navidenas-amb-pernil\/#article","isPartOf":{"@id":"https:\/\/disteco.com\/ca\/receptes-navidenas-amb-pernil\/"},"author":{"name":"GAD","@id":"https:\/\/disteco.com\/ca\/#\/schema\/person\/4ea51f932b94228a72ce3c6332cfd3c0"},"headline":"Receptes nadalenques amb pernil","datePublished":"2020-12-20T17:59:00+00:00","dateModified":"2020-12-21T08:17:29+00:00","mainEntityOfPage":{"@id":"https:\/\/disteco.com\/ca\/receptes-navidenas-amb-pernil\/"},"wordCount":433,"commentCount":0,"publisher":{"@id":"https:\/\/disteco.com\/ca\/#organization"},"image":{"@id":"https:\/\/disteco.com\/ca\/receptes-navidenas-amb-pernil\/#primaryimage"},"thumbnailUrl":"https:\/\/disteco.com\/wp-content\/uploads\/2018\/11\/comprar-al-por-mayor-jamon-iberico.jpg","keywords":["GAD","pinchos de jam\u00f3n","productes de proximitat","receptes nadalenques amb pernil"],"articleSection":["Acciones Comerciales"],"inLanguage":"ca","potentialAction":[{"@type":"CommentAction","name":"Comment","target":["https:\/\/disteco.com\/ca\/receptes-navidenas-amb-pernil\/#respond"]}]},{"@type":"WebPage","@id":"https:\/\/disteco.com\/ca\/receptes-navidenas-amb-pernil\/","url":"https:\/\/disteco.com\/ca\/receptes-navidenas-amb-pernil\/","name":"Receptes nadalenques amb pernil - GRUP ALIMENTARI DISTECO","isPartOf":{"@id":"https:\/\/disteco.com\/ca\/#website"},"primaryImageOfPage":{"@id":"https:\/\/disteco.com\/ca\/receptes-navidenas-amb-pernil\/#primaryimage"},"image":{"@id":"https:\/\/disteco.com\/ca\/receptes-navidenas-amb-pernil\/#primaryimage"},"thumbnailUrl":"https:\/\/disteco.com\/wp-content\/uploads\/2018\/11\/comprar-al-por-mayor-jamon-iberico.jpg","datePublished":"2020-12-20T17:59:00+00:00","dateModified":"2020-12-21T08:17:29+00:00","description":"Existeixen pocs productes tan vers\u00e0tils i distintius de les festes nadalenques. Descobreix, des de les r\u00e0pides fins a les m\u00e9s elaborades receptes amb pernil","breadcrumb":{"@id":"https:\/\/disteco.com\/ca\/receptes-navidenas-amb-pernil\/#breadcrumb"},"inLanguage":"ca","potentialAction":[{"@type":"ReadAction","target":["https:\/\/disteco.com\/ca\/receptes-navidenas-amb-pernil\/"]}]},{"@type":"ImageObject","inLanguage":"ca","@id":"https:\/\/disteco.com\/ca\/receptes-navidenas-amb-pernil\/#primaryimage","url":"https:\/\/disteco.com\/wp-content\/uploads\/2018\/11\/comprar-al-por-mayor-jamon-iberico.jpg","contentUrl":"https:\/\/disteco.com\/wp-content\/uploads\/2018\/11\/comprar-al-por-mayor-jamon-iberico.jpg","width":1920,"height":1280,"caption":"Comprar al por mayor jam\u00f3n ib\u00e9rico, c\u00f3mo y a qui\u00e9n"},{"@type":"BreadcrumbList","@id":"https:\/\/disteco.com\/ca\/receptes-navidenas-amb-pernil\/#breadcrumb","itemListElement":[{"@type":"ListItem","position":1,"name":"Portada","item":"https:\/\/disteco.com\/ca\/"},{"@type":"ListItem","position":2,"name":"Receptes nadalenques amb pernil"}]},{"@type":"WebSite","@id":"https:\/\/disteco.com\/ca\/#website","url":"https:\/\/disteco.com\/ca\/","name":"GRUP ALIMENTARI DISTECO","description":"Distribuci\u00f3 aliment\u00e0ria de productes d'alta qualitat","publisher":{"@id":"https:\/\/disteco.com\/ca\/#organization"},"potentialAction":[{"@type":"SearchAction","target":{"@type":"EntryPoint","urlTemplate":"https:\/\/disteco.com\/ca\/?s={search_term_string}"},"query-input":{"@type":"PropertyValueSpecification","valueRequired":true,"valueName":"search_term_string"}}],"inLanguage":"ca"},{"@type":"Organization","@id":"https:\/\/disteco.com\/ca\/#organization","name":"GRUP ALIMENTARI DISTECO","url":"https:\/\/disteco.com\/ca\/","logo":{"@type":"ImageObject","inLanguage":"ca","@id":"https:\/\/disteco.com\/ca\/#\/schema\/logo\/image\/","url":"https:\/\/disteco.com\/wp-content\/uploads\/2017\/03\/logo-grup-alimentari-disteco.png","contentUrl":"https:\/\/disteco.com\/wp-content\/uploads\/2017\/03\/logo-grup-alimentari-disteco.png","width":600,"height":61,"caption":"GRUP ALIMENTARI DISTECO"},"image":{"@id":"https:\/\/disteco.com\/ca\/#\/schema\/logo\/image\/"},"sameAs":["https:\/\/www.facebook.com\/grupalimentaridisteco\/","https:\/\/x.com\/DistecoGrup","https:\/\/www.instagram.com\/gadisteco\/","https:\/\/www.linkedin.com\/company\/grup-alimentari-disteco\/","https:\/\/www.youtube.com\/@grupalimentaridisteco572"]},{"@type":"Person","@id":"https:\/\/disteco.com\/ca\/#\/schema\/person\/4ea51f932b94228a72ce3c6332cfd3c0","name":"GAD","image":{"@type":"ImageObject","inLanguage":"ca","@id":"https:\/\/disteco.com\/ca\/#\/schema\/person\/image\/","url":"https:\/\/secure.gravatar.com\/avatar\/c03aafdc2e714d25acb2f145eda11ecc45ef17c5219efd6cfba9f6a37f404cfe?s=96&d=mm&r=g","contentUrl":"https:\/\/secure.gravatar.com\/avatar\/c03aafdc2e714d25acb2f145eda11ecc45ef17c5219efd6cfba9f6a37f404cfe?s=96&d=mm&r=g","caption":"GAD"},"url":"https:\/\/disteco.com\/ca\/author\/baraka\/"}]}},"_links":{"self":[{"href":"https:\/\/disteco.com\/ca\/wp-json\/wp\/v2\/posts\/213191","targetHints":{"allow":["GET"]}}],"collection":[{"href":"https:\/\/disteco.com\/ca\/wp-json\/wp\/v2\/posts"}],"about":[{"href":"https:\/\/disteco.com\/ca\/wp-json\/wp\/v2\/types\/post"}],"author":[{"embeddable":true,"href":"https:\/\/disteco.com\/ca\/wp-json\/wp\/v2\/users\/1"}],"replies":[{"embeddable":true,"href":"https:\/\/disteco.com\/ca\/wp-json\/wp\/v2\/comments?post=213191"}],"version-history":[{"count":3,"href":"https:\/\/disteco.com\/ca\/wp-json\/wp\/v2\/posts\/213191\/revisions"}],"predecessor-version":[{"id":213197,"href":"https:\/\/disteco.com\/ca\/wp-json\/wp\/v2\/posts\/213191\/revisions\/213197"}],"wp:featuredmedia":[{"embeddable":true,"href":"https:\/\/disteco.com\/ca\/wp-json\/wp\/v2\/media\/209520"}],"wp:attachment":[{"href":"https:\/\/disteco.com\/ca\/wp-json\/wp\/v2\/media?parent=213191"}],"wp:term":[{"taxonomy":"category","embeddable":true,"href":"https:\/\/disteco.com\/ca\/wp-json\/wp\/v2\/categories?post=213191"},{"taxonomy":"post_tag","embeddable":true,"href":"https:\/\/disteco.com\/ca\/wp-json\/wp\/v2\/tags?post=213191"}],"curies":[{"name":"wp","href":"https:\/\/api.w.org\/{rel}","templated":true}]}}