{"id":212783,"date":"2020-09-28T09:31:35","date_gmt":"2020-09-28T09:31:35","guid":{"rendered":"https:\/\/disteco.com\/?p=212783"},"modified":"2022-06-03T09:39:22","modified_gmt":"2022-06-03T09:39:22","slug":"una-solida-cadena-de-distribucio-alimentaria","status":"publish","type":"post","link":"https:\/\/disteco.com\/ca\/una-solida-cadena-de-distribucio-alimentaria\/","title":{"rendered":"Una s\u00f2lida cadena de distribuci\u00f3 aliment\u00e0ria"},"content":{"rendered":"\n<figure class=\"wp-block-image\"><img loading=\"lazy\" decoding=\"async\" width=\"900\" height=\"599\" src=\"https:\/\/disteco.com\/wp-content\/uploads\/2021\/09\/una-solida-cadena-de-distribucion-alimentaria-1.jpg\" alt=\"S\u00f3lida cadena de distribuci\u00f3n alimentaria\" class=\"wp-image-212774\" srcset=\"https:\/\/disteco.com\/wp-content\/uploads\/2021\/09\/una-solida-cadena-de-distribucion-alimentaria-1.jpg 900w, https:\/\/disteco.com\/wp-content\/uploads\/2021\/09\/una-solida-cadena-de-distribucion-alimentaria-1-480x319.jpg 480w\" sizes=\"(min-width: 0px) and (max-width: 480px) 480px, (min-width: 481px) 900px, 100vw\" \/><\/figure>\n\n\n<h6><span style=\"color: #cc0000;\"><em>Una s\u00f2lida cadena de distribuci\u00f3 aliment\u00e0ria<\/em><\/span><\/h6>\n<h1>&nbsp;<\/h1>\n<h1><strong>Prove\u00efment garantit a partir d&#8217;una s\u00f2lida cadena de distribuci\u00f3 aliment\u00e0ria<\/strong><\/h1>\n<p>Els \u00faltims mesos han demostrat l&#8217;<a href=\"\/?p=212308\" target=\"_blank\" rel=\"noopener noreferrer\"><strong>import\u00e0ncia central d&#8217;un prove\u00efment garantit a partir d&#8217;una s\u00f2lida cadena de distribuci\u00f3 aliment\u00e0ria.<\/strong><\/a><\/p>\n<blockquote>\n<h4>L&#8217;actual conjuntura, i en particular durant el primer per\u00edode de confinament, ha deixat al descobert la fortalesa d&#8217;un sector que no triga a reinventar-se per a abordar qualsevol situaci\u00f3 per estranya que sigui.<\/h4>\n<\/blockquote>\n<p><strong>El comprom\u00eds dels professionals de la distribuci\u00f3 aliment\u00e0ria, sector essencial, ha perm\u00e8s oferir un servei estable<\/strong>&nbsp;i fer costat a productors tant com a consumidors, aix\u00ed com tamb\u00e9 a l&#8217;\u00e0mbit de l&#8217;elaboraci\u00f3 de productes alimentaris, per a aconseguir un equilibri i garantir el prove\u00efment.<\/p>\n<p>Les limitacions en l&#8217;\u00e0mbit de la log\u00edstica i el transport van estar a punt de posar en escac la cadena de prove\u00efment, no obstant aix\u00f2, el sector de l&#8217;alimentaci\u00f3 ha aconseguit instal\u00b7lar les tend\u00e8ncies a trav\u00e9s de transformacions que passen a ser estructurals.<\/p>\n<p><\/p>\n<h3>&nbsp;<\/h3>\n<h3>Aliments de proximitat, productes&nbsp;pre-elaborats&nbsp;i conserves<\/h3>\n<p>Les eleccions que semblaven no estar entre les principals prefer\u00e8ncies del consumidor, avui dia s\u00f3n&nbsp; presents en taula de totes les llars ajudant a mantenir una dieta equilibrada.<\/p>\n<p>La capil\u00b7laritat del sector alimentari ha garantit el prove\u00efment durant els moments de majors restriccions i confinament, i \u00e9s all\u00ed on <strong>els productes de proximitat han guanyat protagonisme.<\/strong><\/p>\n<p>El que era una tend\u00e8ncia durant els \u00faltims anys, va passar a ocupar el primer pla en l&#8217;elecci\u00f3 dels consumidors compromesos amb una alimentaci\u00f3 m\u00e9s segura i la posada en valor dels productes m\u00e9s pr\u00f2xims.<\/p>\n<p>Aquesta vegada, de la m\u00e0 dels aliments de proximitat, <strong><a href=\"\/ca?page_id=247313\" target=\"_blank\" rel=\"noopener noreferrer\">els productes pre-elaborats<\/a>&nbsp;llestos per consumir tamb\u00e9 van aconseguir els llocs m\u00e9s destacats en l&#8217;elecci\u00f3 dels consumidors.<\/strong><\/p>\n<p>Les fam\u00edlies van preferir proveir-se amb aliments llestos per a cuinar, i fins i tot llestos per a servir, a fi de travessar una nova situaci\u00f3, amb moltes vegades teletreball i els escolars a casa, de manera m\u00e9s c\u00f2moda i sense grans esfor\u00e7os en la cuina.<\/p>\n<p>El tercer reconeixement en l&#8217;escala de prefer\u00e8ncies durant la pand\u00e8mia, se l&#8217;emporta l&#8217;apartat de <a href=\"\/?page_id=204862\" target=\"_blank\" rel=\"noopener noreferrer\"><strong>les conserves<\/strong><\/a>, un model sempre vigent d&#8217;aprovisionament davant les circumst\u00e0ncies m\u00e9s urgents.<\/p>\n<blockquote>\n<h3>A <a href=\"https:\/\/disteco.com\/ca\/\" target=\"_blank\" rel=\"noopener noreferrer\">Grup Alimentari Disteco<\/a> continuem enfocant esfor\u00e7os a acompanyar al productor i al comer\u00e7 de proximitat, alhora que oferir als consumidors, els productes de la m\u00e9s alta qualitat alineats als seus nous h\u00e0bits de consum.<\/h3>\n<\/blockquote>\n\n\n<p><\/p>\n","protected":false},"excerpt":{"rendered":"<p>Els \u00faltims mesos han demostrat la import\u00e0ncia central d&#8217;un prove\u00efment garantit <\/p>\n","protected":false},"author":1,"featured_media":212774,"comment_status":"open","ping_status":"open","sticky":false,"template":"","format":"image","meta":{"_et_pb_use_builder":"off","_et_pb_old_content":"","_et_gb_content_width":"","footnotes":""},"categories":[9],"tags":[261,116,254,119,160,280,268,281],"class_list":["post-212783","post","type-post","status-publish","format-image","has-post-thumbnail","hentry","category-ultimas-noticias","tag-distribucio-gourmet","tag-distribucion-alimentaria","tag-distribucion-gourmet","tag-distribuidores-de-alimentacion-en-espana","tag-distribuidors-dalimentacio-a-espanya","tag-logistica-de-distribucio","tag-logistica-de-distribucion","tag-logistica-de-proximidad","post_format-post-format-image"],"yoast_head":"<!-- This site is optimized with the Yoast SEO plugin v26.9 - https:\/\/yoast.com\/product\/yoast-seo-wordpress\/ -->\n<title>Una s\u00f2lida cadena de distribuci\u00f3 aliment\u00e0ria - GADisteco<\/title>\n<meta name=\"description\" content=\"Els \u00faltims mesos han demostrat la import\u00e0ncia central d&#039;un prove\u00efment garantit a partir d&#039;una s\u00f2lida cadena de distribuci\u00f3 aliment\u00e0ria.\" \/>\n<meta name=\"robots\" content=\"index, follow, max-snippet:-1, max-image-preview:large, max-video-preview:-1\" \/>\n<link rel=\"canonical\" href=\"https:\/\/disteco.com\/ca\/una-solida-cadena-de-distribucio-alimentaria\/\" \/>\n<meta property=\"og:locale\" content=\"ca_ES\" \/>\n<meta property=\"og:type\" content=\"article\" \/>\n<meta property=\"og:title\" content=\"Una s\u00f2lida cadena de distribuci\u00f3 aliment\u00e0ria - GADisteco\" \/>\n<meta property=\"og:description\" content=\"Els \u00faltims mesos han demostrat la import\u00e0ncia central d&#039;un prove\u00efment garantit a partir d&#039;una s\u00f2lida cadena de distribuci\u00f3 aliment\u00e0ria.\" \/>\n<meta property=\"og:url\" content=\"https:\/\/disteco.com\/ca\/una-solida-cadena-de-distribucio-alimentaria\/\" \/>\n<meta property=\"og:site_name\" content=\"GRUP ALIMENTARI DISTECO\" \/>\n<meta property=\"article:publisher\" content=\"https:\/\/www.facebook.com\/grupalimentaridisteco\/\" \/>\n<meta property=\"article:published_time\" content=\"2020-09-28T09:31:35+00:00\" \/>\n<meta property=\"article:modified_time\" content=\"2022-06-03T09:39:22+00:00\" \/>\n<meta property=\"og:image\" content=\"https:\/\/disteco.com\/wp-content\/uploads\/2021\/09\/una-solida-cadena-de-distribucion-alimentaria-1.jpg\" \/>\n\t<meta property=\"og:image:width\" content=\"900\" \/>\n\t<meta property=\"og:image:height\" content=\"599\" \/>\n\t<meta property=\"og:image:type\" content=\"image\/jpeg\" \/>\n<meta name=\"author\" content=\"GAD\" \/>\n<meta name=\"twitter:card\" content=\"summary_large_image\" \/>\n<meta name=\"twitter:creator\" content=\"@DistecoGrup\" \/>\n<meta name=\"twitter:site\" content=\"@DistecoGrup\" \/>\n<meta name=\"twitter:label1\" content=\"Escrit per\" \/>\n\t<meta name=\"twitter:data1\" content=\"GAD\" \/>\n\t<meta name=\"twitter:label2\" content=\"Temps estimat de lectura\" \/>\n\t<meta name=\"twitter:data2\" content=\"2 minut\" \/>\n<script type=\"application\/ld+json\" class=\"yoast-schema-graph\">{\"@context\":\"https:\/\/schema.org\",\"@graph\":[{\"@type\":\"Article\",\"@id\":\"https:\/\/disteco.com\/ca\/una-solida-cadena-de-distribucio-alimentaria\/#article\",\"isPartOf\":{\"@id\":\"https:\/\/disteco.com\/ca\/una-solida-cadena-de-distribucio-alimentaria\/\"},\"author\":{\"name\":\"GAD\",\"@id\":\"https:\/\/disteco.com\/ca\/#\/schema\/person\/4ea51f932b94228a72ce3c6332cfd3c0\"},\"headline\":\"Una s\u00f2lida cadena de distribuci\u00f3 aliment\u00e0ria\",\"datePublished\":\"2020-09-28T09:31:35+00:00\",\"dateModified\":\"2022-06-03T09:39:22+00:00\",\"mainEntityOfPage\":{\"@id\":\"https:\/\/disteco.com\/ca\/una-solida-cadena-de-distribucio-alimentaria\/\"},\"wordCount\":455,\"commentCount\":0,\"publisher\":{\"@id\":\"https:\/\/disteco.com\/ca\/#organization\"},\"image\":{\"@id\":\"https:\/\/disteco.com\/ca\/una-solida-cadena-de-distribucio-alimentaria\/#primaryimage\"},\"thumbnailUrl\":\"https:\/\/disteco.com\/wp-content\/uploads\/2021\/09\/una-solida-cadena-de-distribucion-alimentaria-1.jpg\",\"keywords\":[\"distribuci\u00f3 gourmet\",\"distribuci\u00f3n alimentaria\",\"distribuci\u00f3n gourmet\",\"Distribuidores de alimentaci\u00f3n en Espa\u00f1a\",\"Distribu\u00efdors d'alimentaci\u00f3 a Espanya\",\"log\u00edstica de distribuci\u00f3\",\"log\u00edstica de distribuci\u00f3n\",\"log\u00edstica de proximidad\"],\"articleSection\":[\"\u00daltimas noticias\"],\"inLanguage\":\"ca\",\"potentialAction\":[{\"@type\":\"CommentAction\",\"name\":\"Comment\",\"target\":[\"https:\/\/disteco.com\/ca\/una-solida-cadena-de-distribucio-alimentaria\/#respond\"]}]},{\"@type\":\"WebPage\",\"@id\":\"https:\/\/disteco.com\/ca\/una-solida-cadena-de-distribucio-alimentaria\/\",\"url\":\"https:\/\/disteco.com\/ca\/una-solida-cadena-de-distribucio-alimentaria\/\",\"name\":\"Una s\u00f2lida cadena de distribuci\u00f3 aliment\u00e0ria - GADisteco\",\"isPartOf\":{\"@id\":\"https:\/\/disteco.com\/ca\/#website\"},\"primaryImageOfPage\":{\"@id\":\"https:\/\/disteco.com\/ca\/una-solida-cadena-de-distribucio-alimentaria\/#primaryimage\"},\"image\":{\"@id\":\"https:\/\/disteco.com\/ca\/una-solida-cadena-de-distribucio-alimentaria\/#primaryimage\"},\"thumbnailUrl\":\"https:\/\/disteco.com\/wp-content\/uploads\/2021\/09\/una-solida-cadena-de-distribucion-alimentaria-1.jpg\",\"datePublished\":\"2020-09-28T09:31:35+00:00\",\"dateModified\":\"2022-06-03T09:39:22+00:00\",\"description\":\"Els \u00faltims mesos han demostrat la import\u00e0ncia central d'un prove\u00efment garantit a partir d'una s\u00f2lida cadena de distribuci\u00f3 aliment\u00e0ria.\",\"breadcrumb\":{\"@id\":\"https:\/\/disteco.com\/ca\/una-solida-cadena-de-distribucio-alimentaria\/#breadcrumb\"},\"inLanguage\":\"ca\",\"potentialAction\":[{\"@type\":\"ReadAction\",\"target\":[\"https:\/\/disteco.com\/ca\/una-solida-cadena-de-distribucio-alimentaria\/\"]}]},{\"@type\":\"ImageObject\",\"inLanguage\":\"ca\",\"@id\":\"https:\/\/disteco.com\/ca\/una-solida-cadena-de-distribucio-alimentaria\/#primaryimage\",\"url\":\"https:\/\/disteco.com\/wp-content\/uploads\/2021\/09\/una-solida-cadena-de-distribucion-alimentaria-1.jpg\",\"contentUrl\":\"https:\/\/disteco.com\/wp-content\/uploads\/2021\/09\/una-solida-cadena-de-distribucion-alimentaria-1.jpg\",\"width\":900,\"height\":599,\"caption\":\"S\u00f3lida cadena de distribuci\u00f3n alimentaria\"},{\"@type\":\"BreadcrumbList\",\"@id\":\"https:\/\/disteco.com\/ca\/una-solida-cadena-de-distribucio-alimentaria\/#breadcrumb\",\"itemListElement\":[{\"@type\":\"ListItem\",\"position\":1,\"name\":\"Portada\",\"item\":\"https:\/\/disteco.com\/ca\/\"},{\"@type\":\"ListItem\",\"position\":2,\"name\":\"Una s\u00f2lida cadena de distribuci\u00f3 aliment\u00e0ria\"}]},{\"@type\":\"WebSite\",\"@id\":\"https:\/\/disteco.com\/ca\/#website\",\"url\":\"https:\/\/disteco.com\/ca\/\",\"name\":\"GRUP ALIMENTARI DISTECO\",\"description\":\"Distribuci\u00f3 aliment\u00e0ria de productes d'alta qualitat\",\"publisher\":{\"@id\":\"https:\/\/disteco.com\/ca\/#organization\"},\"potentialAction\":[{\"@type\":\"SearchAction\",\"target\":{\"@type\":\"EntryPoint\",\"urlTemplate\":\"https:\/\/disteco.com\/ca\/?s={search_term_string}\"},\"query-input\":{\"@type\":\"PropertyValueSpecification\",\"valueRequired\":true,\"valueName\":\"search_term_string\"}}],\"inLanguage\":\"ca\"},{\"@type\":\"Organization\",\"@id\":\"https:\/\/disteco.com\/ca\/#organization\",\"name\":\"GRUP ALIMENTARI DISTECO\",\"url\":\"https:\/\/disteco.com\/ca\/\",\"logo\":{\"@type\":\"ImageObject\",\"inLanguage\":\"ca\",\"@id\":\"https:\/\/disteco.com\/ca\/#\/schema\/logo\/image\/\",\"url\":\"https:\/\/disteco.com\/wp-content\/uploads\/2017\/03\/logo-grup-alimentari-disteco.png\",\"contentUrl\":\"https:\/\/disteco.com\/wp-content\/uploads\/2017\/03\/logo-grup-alimentari-disteco.png\",\"width\":600,\"height\":61,\"caption\":\"GRUP ALIMENTARI DISTECO\"},\"image\":{\"@id\":\"https:\/\/disteco.com\/ca\/#\/schema\/logo\/image\/\"},\"sameAs\":[\"https:\/\/www.facebook.com\/grupalimentaridisteco\/\",\"https:\/\/x.com\/DistecoGrup\",\"https:\/\/www.instagram.com\/gadisteco\/\",\"https:\/\/www.linkedin.com\/company\/grup-alimentari-disteco\/\",\"https:\/\/www.youtube.com\/@grupalimentaridisteco572\"]},{\"@type\":\"Person\",\"@id\":\"https:\/\/disteco.com\/ca\/#\/schema\/person\/4ea51f932b94228a72ce3c6332cfd3c0\",\"name\":\"GAD\",\"image\":{\"@type\":\"ImageObject\",\"inLanguage\":\"ca\",\"@id\":\"https:\/\/disteco.com\/ca\/#\/schema\/person\/image\/\",\"url\":\"https:\/\/secure.gravatar.com\/avatar\/c03aafdc2e714d25acb2f145eda11ecc45ef17c5219efd6cfba9f6a37f404cfe?s=96&d=mm&r=g\",\"contentUrl\":\"https:\/\/secure.gravatar.com\/avatar\/c03aafdc2e714d25acb2f145eda11ecc45ef17c5219efd6cfba9f6a37f404cfe?s=96&d=mm&r=g\",\"caption\":\"GAD\"},\"url\":\"https:\/\/disteco.com\/ca\/author\/baraka\/\"}]}<\/script>\n<!-- \/ Yoast SEO plugin. -->","yoast_head_json":{"title":"Una s\u00f2lida cadena de distribuci\u00f3 aliment\u00e0ria - GADisteco","description":"Els \u00faltims mesos han demostrat la import\u00e0ncia central d'un prove\u00efment garantit a partir d'una s\u00f2lida cadena de distribuci\u00f3 aliment\u00e0ria.","robots":{"index":"index","follow":"follow","max-snippet":"max-snippet:-1","max-image-preview":"max-image-preview:large","max-video-preview":"max-video-preview:-1"},"canonical":"https:\/\/disteco.com\/ca\/una-solida-cadena-de-distribucio-alimentaria\/","og_locale":"ca_ES","og_type":"article","og_title":"Una s\u00f2lida cadena de distribuci\u00f3 aliment\u00e0ria - GADisteco","og_description":"Els \u00faltims mesos han demostrat la import\u00e0ncia central d'un prove\u00efment garantit a partir d'una s\u00f2lida cadena de distribuci\u00f3 aliment\u00e0ria.","og_url":"https:\/\/disteco.com\/ca\/una-solida-cadena-de-distribucio-alimentaria\/","og_site_name":"GRUP ALIMENTARI DISTECO","article_publisher":"https:\/\/www.facebook.com\/grupalimentaridisteco\/","article_published_time":"2020-09-28T09:31:35+00:00","article_modified_time":"2022-06-03T09:39:22+00:00","og_image":[{"width":900,"height":599,"url":"https:\/\/disteco.com\/wp-content\/uploads\/2021\/09\/una-solida-cadena-de-distribucion-alimentaria-1.jpg","type":"image\/jpeg"}],"author":"GAD","twitter_card":"summary_large_image","twitter_creator":"@DistecoGrup","twitter_site":"@DistecoGrup","twitter_misc":{"Escrit per":"GAD","Temps estimat de lectura":"2 minut"},"schema":{"@context":"https:\/\/schema.org","@graph":[{"@type":"Article","@id":"https:\/\/disteco.com\/ca\/una-solida-cadena-de-distribucio-alimentaria\/#article","isPartOf":{"@id":"https:\/\/disteco.com\/ca\/una-solida-cadena-de-distribucio-alimentaria\/"},"author":{"name":"GAD","@id":"https:\/\/disteco.com\/ca\/#\/schema\/person\/4ea51f932b94228a72ce3c6332cfd3c0"},"headline":"Una s\u00f2lida cadena de distribuci\u00f3 aliment\u00e0ria","datePublished":"2020-09-28T09:31:35+00:00","dateModified":"2022-06-03T09:39:22+00:00","mainEntityOfPage":{"@id":"https:\/\/disteco.com\/ca\/una-solida-cadena-de-distribucio-alimentaria\/"},"wordCount":455,"commentCount":0,"publisher":{"@id":"https:\/\/disteco.com\/ca\/#organization"},"image":{"@id":"https:\/\/disteco.com\/ca\/una-solida-cadena-de-distribucio-alimentaria\/#primaryimage"},"thumbnailUrl":"https:\/\/disteco.com\/wp-content\/uploads\/2021\/09\/una-solida-cadena-de-distribucion-alimentaria-1.jpg","keywords":["distribuci\u00f3 gourmet","distribuci\u00f3n alimentaria","distribuci\u00f3n gourmet","Distribuidores de alimentaci\u00f3n en Espa\u00f1a","Distribu\u00efdors d'alimentaci\u00f3 a Espanya","log\u00edstica de distribuci\u00f3","log\u00edstica de distribuci\u00f3n","log\u00edstica de proximidad"],"articleSection":["\u00daltimas noticias"],"inLanguage":"ca","potentialAction":[{"@type":"CommentAction","name":"Comment","target":["https:\/\/disteco.com\/ca\/una-solida-cadena-de-distribucio-alimentaria\/#respond"]}]},{"@type":"WebPage","@id":"https:\/\/disteco.com\/ca\/una-solida-cadena-de-distribucio-alimentaria\/","url":"https:\/\/disteco.com\/ca\/una-solida-cadena-de-distribucio-alimentaria\/","name":"Una s\u00f2lida cadena de distribuci\u00f3 aliment\u00e0ria - GADisteco","isPartOf":{"@id":"https:\/\/disteco.com\/ca\/#website"},"primaryImageOfPage":{"@id":"https:\/\/disteco.com\/ca\/una-solida-cadena-de-distribucio-alimentaria\/#primaryimage"},"image":{"@id":"https:\/\/disteco.com\/ca\/una-solida-cadena-de-distribucio-alimentaria\/#primaryimage"},"thumbnailUrl":"https:\/\/disteco.com\/wp-content\/uploads\/2021\/09\/una-solida-cadena-de-distribucion-alimentaria-1.jpg","datePublished":"2020-09-28T09:31:35+00:00","dateModified":"2022-06-03T09:39:22+00:00","description":"Els \u00faltims mesos han demostrat la import\u00e0ncia central d'un prove\u00efment garantit a partir d'una s\u00f2lida cadena de distribuci\u00f3 aliment\u00e0ria.","breadcrumb":{"@id":"https:\/\/disteco.com\/ca\/una-solida-cadena-de-distribucio-alimentaria\/#breadcrumb"},"inLanguage":"ca","potentialAction":[{"@type":"ReadAction","target":["https:\/\/disteco.com\/ca\/una-solida-cadena-de-distribucio-alimentaria\/"]}]},{"@type":"ImageObject","inLanguage":"ca","@id":"https:\/\/disteco.com\/ca\/una-solida-cadena-de-distribucio-alimentaria\/#primaryimage","url":"https:\/\/disteco.com\/wp-content\/uploads\/2021\/09\/una-solida-cadena-de-distribucion-alimentaria-1.jpg","contentUrl":"https:\/\/disteco.com\/wp-content\/uploads\/2021\/09\/una-solida-cadena-de-distribucion-alimentaria-1.jpg","width":900,"height":599,"caption":"S\u00f3lida cadena de distribuci\u00f3n alimentaria"},{"@type":"BreadcrumbList","@id":"https:\/\/disteco.com\/ca\/una-solida-cadena-de-distribucio-alimentaria\/#breadcrumb","itemListElement":[{"@type":"ListItem","position":1,"name":"Portada","item":"https:\/\/disteco.com\/ca\/"},{"@type":"ListItem","position":2,"name":"Una s\u00f2lida cadena de distribuci\u00f3 aliment\u00e0ria"}]},{"@type":"WebSite","@id":"https:\/\/disteco.com\/ca\/#website","url":"https:\/\/disteco.com\/ca\/","name":"GRUP ALIMENTARI DISTECO","description":"Distribuci\u00f3 aliment\u00e0ria de productes d'alta qualitat","publisher":{"@id":"https:\/\/disteco.com\/ca\/#organization"},"potentialAction":[{"@type":"SearchAction","target":{"@type":"EntryPoint","urlTemplate":"https:\/\/disteco.com\/ca\/?s={search_term_string}"},"query-input":{"@type":"PropertyValueSpecification","valueRequired":true,"valueName":"search_term_string"}}],"inLanguage":"ca"},{"@type":"Organization","@id":"https:\/\/disteco.com\/ca\/#organization","name":"GRUP ALIMENTARI DISTECO","url":"https:\/\/disteco.com\/ca\/","logo":{"@type":"ImageObject","inLanguage":"ca","@id":"https:\/\/disteco.com\/ca\/#\/schema\/logo\/image\/","url":"https:\/\/disteco.com\/wp-content\/uploads\/2017\/03\/logo-grup-alimentari-disteco.png","contentUrl":"https:\/\/disteco.com\/wp-content\/uploads\/2017\/03\/logo-grup-alimentari-disteco.png","width":600,"height":61,"caption":"GRUP ALIMENTARI DISTECO"},"image":{"@id":"https:\/\/disteco.com\/ca\/#\/schema\/logo\/image\/"},"sameAs":["https:\/\/www.facebook.com\/grupalimentaridisteco\/","https:\/\/x.com\/DistecoGrup","https:\/\/www.instagram.com\/gadisteco\/","https:\/\/www.linkedin.com\/company\/grup-alimentari-disteco\/","https:\/\/www.youtube.com\/@grupalimentaridisteco572"]},{"@type":"Person","@id":"https:\/\/disteco.com\/ca\/#\/schema\/person\/4ea51f932b94228a72ce3c6332cfd3c0","name":"GAD","image":{"@type":"ImageObject","inLanguage":"ca","@id":"https:\/\/disteco.com\/ca\/#\/schema\/person\/image\/","url":"https:\/\/secure.gravatar.com\/avatar\/c03aafdc2e714d25acb2f145eda11ecc45ef17c5219efd6cfba9f6a37f404cfe?s=96&d=mm&r=g","contentUrl":"https:\/\/secure.gravatar.com\/avatar\/c03aafdc2e714d25acb2f145eda11ecc45ef17c5219efd6cfba9f6a37f404cfe?s=96&d=mm&r=g","caption":"GAD"},"url":"https:\/\/disteco.com\/ca\/author\/baraka\/"}]}},"_links":{"self":[{"href":"https:\/\/disteco.com\/ca\/wp-json\/wp\/v2\/posts\/212783","targetHints":{"allow":["GET"]}}],"collection":[{"href":"https:\/\/disteco.com\/ca\/wp-json\/wp\/v2\/posts"}],"about":[{"href":"https:\/\/disteco.com\/ca\/wp-json\/wp\/v2\/types\/post"}],"author":[{"embeddable":true,"href":"https:\/\/disteco.com\/ca\/wp-json\/wp\/v2\/users\/1"}],"replies":[{"embeddable":true,"href":"https:\/\/disteco.com\/ca\/wp-json\/wp\/v2\/comments?post=212783"}],"version-history":[{"count":18,"href":"https:\/\/disteco.com\/ca\/wp-json\/wp\/v2\/posts\/212783\/revisions"}],"predecessor-version":[{"id":247767,"href":"https:\/\/disteco.com\/ca\/wp-json\/wp\/v2\/posts\/212783\/revisions\/247767"}],"wp:featuredmedia":[{"embeddable":true,"href":"https:\/\/disteco.com\/ca\/wp-json\/wp\/v2\/media\/212774"}],"wp:attachment":[{"href":"https:\/\/disteco.com\/ca\/wp-json\/wp\/v2\/media?parent=212783"}],"wp:term":[{"taxonomy":"category","embeddable":true,"href":"https:\/\/disteco.com\/ca\/wp-json\/wp\/v2\/categories?post=212783"},{"taxonomy":"post_tag","embeddable":true,"href":"https:\/\/disteco.com\/ca\/wp-json\/wp\/v2\/tags?post=212783"}],"curies":[{"name":"wp","href":"https:\/\/api.w.org\/{rel}","templated":true}]}}