{"id":212645,"date":"2020-09-06T05:57:15","date_gmt":"2020-09-06T05:57:15","guid":{"rendered":"https:\/\/disteco.com\/?p=212645"},"modified":"2020-11-16T09:56:33","modified_gmt":"2020-11-16T09:56:33","slug":"sostenibilitat-en-el-sector-alimentari","status":"publish","type":"post","link":"https:\/\/disteco.com\/ca\/sostenibilitat-en-el-sector-alimentari\/","title":{"rendered":"Sostenibilitat en el sector alimentari"},"content":{"rendered":"\n<figure class=\"wp-block-image\"><img loading=\"lazy\" decoding=\"async\" width=\"1024\" height=\"683\" src=\"https:\/\/disteco.com\/wp-content\/uploads\/2020\/09\/sostenibilidad-en-el-sector-alimentario-1024x683.jpg\" alt=\"\" class=\"wp-image-212632\" srcset=\"https:\/\/disteco.com\/wp-content\/uploads\/2020\/09\/sostenibilidad-en-el-sector-alimentario-980x653.jpg 980w, https:\/\/disteco.com\/wp-content\/uploads\/2020\/09\/sostenibilidad-en-el-sector-alimentario-480x320.jpg 480w\" sizes=\"(min-width: 0px) and (max-width: 480px) 480px, (min-width: 481px) and (max-width: 980px) 980px, (min-width: 981px) 1024px, 100vw\" \/><\/figure>\n\n\n<h6><span style=\"color: #cc0000;\"><em>Sostenibilitat en el sector alimentari&nbsp;&nbsp;<\/em><\/span><\/h6>\n<h1>&nbsp;<\/h1>\n<h1><strong>La sostenibilitat en el sector alimentari<\/strong><\/h1>\n<p>Qualitat i preu han estat tradicionalment els criteris b\u00e0sics per a la decisi\u00f3 de compra, per\u00f2 tamb\u00e9 s\u00f3n cada vegada m\u00e9s els consumidors que exigeixen transpar\u00e8ncia i sostenibilitat en el sector alimentari.<\/p>\n<blockquote>\n<h3>El client es det\u00e9 cada vegada m\u00e9s a llegir l&#8217;etiquetatge del producte, no sols per la informaci\u00f3 nutricional, sin\u00f3 per con\u00e8ixer l&#8217;origen dels aliments.<\/h3>\n<\/blockquote>\n<p>Dades recents de la &#8220;<em><strong>Asociaci\u00f3n Espa\u00f1ola de Distribuidores, Autoservicios y Supermercados (ASEDAS)&#8221; <\/strong><\/em>indiquen que, en els \u00faltims temps, ha crescut la inquietud respecte a l&#8217;origen sostenible dels aliments entre els consumidors.<\/p>\n<p>Tamb\u00e9 preocupen q\u00fcestions com l&#8217;embalatge m\u00e9s respectu\u00f3s amb el medi ambient, el desaprofitament d&#8217;aliments i, sobretot, hi ha m\u00e9s inquietud respecte a la petjada del carboni, per la qual cosa segueix en un creixement sostingut la cerca del producte de proximitat o&nbsp;km0.<\/p>\n<p><\/p>\n<h2><strong>Una oportunitat ara, una necessitat per al futur&nbsp;<\/strong><\/h2>\n<p>L&#8217;\u00e0mbit d&#8217;actuaci\u00f3 de la sostenibilitat es refereix a un desenvolupament sostenible, \u00e9s a dir, satisfer les necessitats d&#8217;avui, sense comprometre les de les futures generacions.<\/p>\n<p>\u00c9s per aix\u00f2 que les dimensions parlen de sostenibilitat social, econ\u00f2mica i mediambiental, per\u00f2 \u00e9s perqu\u00e8 aquests s\u00f3n conceptes molt amplis que les empreses encara demoren a adoptar-los i transmetre&#8217;ls a consumidors cada vegada m\u00e9s conscients de la seva responsabilitat.<\/p>\n<p>Per a tota empresa en el sector alimentari, treballar ara en els tres aspectes de la sostenibilitat redunda en beneficis i s\u00f3n un impuls a l&#8217;avantguarda en la ind\u00fastria.<\/p>\n<blockquote>\n<h5>A<a href=\"https:\/\/disteco.com\/\" target=\"_blank\" rel=\"noopener noreferrer\"> Grup Alimentari Disteco<\/a> sabem que la sostenibilitat \u00e9s avui una responsabilitat i un valor important en la diferenciaci\u00f3 dels productes respecte a la compet\u00e8ncia, perqu\u00e8 contribueix a enfortir una connexi\u00f3 amb el consumidor.<\/h5>\n<h5>Per aix\u00f2, oferim <a href=\"\/?page_id=204781\" target=\"_blank\" rel=\"noopener noreferrer\">serveis que garanteixen la tra\u00e7abilitat<\/a> i productes de primera qualitat, tant de grans marques com de productors de proximitat i&nbsp;km0, amb els qui treballem mancomunadament per a afavorir la disponibilitat de productes locals, tradicionals i d&#8217;excel\u00b7l\u00e8ncia.<\/h5>\n<\/blockquote>","protected":false},"excerpt":{"rendered":"<p>Qualitat i preu han estat tradicionalment els criteris b\u00e0sics per a la decisi\u00f3 de compra,<\/p>\n","protected":false},"author":1,"featured_media":212633,"comment_status":"open","ping_status":"open","sticky":false,"template":"","format":"image","meta":{"_et_pb_use_builder":"off","_et_pb_old_content":"","_et_gb_content_width":"","footnotes":""},"categories":[43],"tags":[],"class_list":["post-212645","post","type-post","status-publish","format-image","has-post-thumbnail","hentry","category-ultimes-noticies","post_format-post-format-image"],"yoast_head":"<!-- This site is optimized with the Yoast SEO plugin v26.9 - https:\/\/yoast.com\/product\/yoast-seo-wordpress\/ -->\n<title>Sostenibilitat en el sector alimentari - GRUP ALIMENTARI DISTECO<\/title>\n<meta name=\"description\" content=\"Qualitat i preu han estat criteris b\u00e0sics en la decisi\u00f3 de compra, per\u00f2 cada vegada m\u00e9s, els consumidors exigeixen sostenibilitat en el sector alimentari.\" \/>\n<meta name=\"robots\" content=\"index, follow, max-snippet:-1, max-image-preview:large, max-video-preview:-1\" \/>\n<link rel=\"canonical\" href=\"https:\/\/disteco.com\/ca\/sostenibilitat-en-el-sector-alimentari\/\" \/>\n<meta property=\"og:locale\" content=\"ca_ES\" \/>\n<meta property=\"og:type\" content=\"article\" \/>\n<meta property=\"og:title\" content=\"Sostenibilitat en el sector alimentari - GRUP ALIMENTARI DISTECO\" \/>\n<meta property=\"og:description\" content=\"Qualitat i preu han estat criteris b\u00e0sics en la decisi\u00f3 de compra, per\u00f2 cada vegada m\u00e9s, els consumidors exigeixen sostenibilitat en el sector alimentari.\" \/>\n<meta property=\"og:url\" content=\"https:\/\/disteco.com\/ca\/sostenibilitat-en-el-sector-alimentari\/\" \/>\n<meta property=\"og:site_name\" content=\"GRUP ALIMENTARI DISTECO\" \/>\n<meta property=\"article:publisher\" content=\"https:\/\/www.facebook.com\/grupalimentaridisteco\/\" \/>\n<meta property=\"article:published_time\" content=\"2020-09-06T05:57:15+00:00\" \/>\n<meta property=\"article:modified_time\" content=\"2020-11-16T09:56:33+00:00\" \/>\n<meta property=\"og:image\" content=\"https:\/\/disteco.com\/wp-content\/uploads\/2020\/09\/sostenibilidad-en-el-sector-alimentario.jpg\" \/>\n\t<meta property=\"og:image:width\" content=\"5246\" \/>\n\t<meta property=\"og:image:height\" content=\"3498\" \/>\n\t<meta property=\"og:image:type\" content=\"image\/jpeg\" \/>\n<meta name=\"author\" content=\"GAD\" \/>\n<meta name=\"twitter:card\" content=\"summary_large_image\" \/>\n<meta name=\"twitter:creator\" content=\"@DistecoGrup\" \/>\n<meta name=\"twitter:site\" content=\"@DistecoGrup\" \/>\n<meta name=\"twitter:label1\" content=\"Escrit per\" \/>\n\t<meta name=\"twitter:data1\" content=\"GAD\" \/>\n\t<meta name=\"twitter:label2\" content=\"Temps estimat de lectura\" \/>\n\t<meta name=\"twitter:data2\" content=\"2 minut\" \/>\n<script type=\"application\/ld+json\" class=\"yoast-schema-graph\">{\"@context\":\"https:\/\/schema.org\",\"@graph\":[{\"@type\":\"Article\",\"@id\":\"https:\/\/disteco.com\/ca\/sostenibilitat-en-el-sector-alimentari\/#article\",\"isPartOf\":{\"@id\":\"https:\/\/disteco.com\/ca\/sostenibilitat-en-el-sector-alimentari\/\"},\"author\":{\"name\":\"GAD\",\"@id\":\"https:\/\/disteco.com\/ca\/#\/schema\/person\/4ea51f932b94228a72ce3c6332cfd3c0\"},\"headline\":\"Sostenibilitat en el sector alimentari\",\"datePublished\":\"2020-09-06T05:57:15+00:00\",\"dateModified\":\"2020-11-16T09:56:33+00:00\",\"mainEntityOfPage\":{\"@id\":\"https:\/\/disteco.com\/ca\/sostenibilitat-en-el-sector-alimentari\/\"},\"wordCount\":360,\"commentCount\":0,\"publisher\":{\"@id\":\"https:\/\/disteco.com\/ca\/#organization\"},\"image\":{\"@id\":\"https:\/\/disteco.com\/ca\/sostenibilitat-en-el-sector-alimentari\/#primaryimage\"},\"thumbnailUrl\":\"https:\/\/disteco.com\/wp-content\/uploads\/2020\/09\/sostenibilidad-en-el-sector-alimentario.jpg\",\"articleSection\":[\"\u00daltimes not\u00edcies\"],\"inLanguage\":\"ca\",\"potentialAction\":[{\"@type\":\"CommentAction\",\"name\":\"Comment\",\"target\":[\"https:\/\/disteco.com\/ca\/sostenibilitat-en-el-sector-alimentari\/#respond\"]}]},{\"@type\":\"WebPage\",\"@id\":\"https:\/\/disteco.com\/ca\/sostenibilitat-en-el-sector-alimentari\/\",\"url\":\"https:\/\/disteco.com\/ca\/sostenibilitat-en-el-sector-alimentari\/\",\"name\":\"Sostenibilitat en el sector alimentari - GRUP ALIMENTARI DISTECO\",\"isPartOf\":{\"@id\":\"https:\/\/disteco.com\/ca\/#website\"},\"primaryImageOfPage\":{\"@id\":\"https:\/\/disteco.com\/ca\/sostenibilitat-en-el-sector-alimentari\/#primaryimage\"},\"image\":{\"@id\":\"https:\/\/disteco.com\/ca\/sostenibilitat-en-el-sector-alimentari\/#primaryimage\"},\"thumbnailUrl\":\"https:\/\/disteco.com\/wp-content\/uploads\/2020\/09\/sostenibilidad-en-el-sector-alimentario.jpg\",\"datePublished\":\"2020-09-06T05:57:15+00:00\",\"dateModified\":\"2020-11-16T09:56:33+00:00\",\"description\":\"Qualitat i preu han estat criteris b\u00e0sics en la decisi\u00f3 de compra, per\u00f2 cada vegada m\u00e9s, els consumidors exigeixen sostenibilitat en el sector alimentari.\",\"breadcrumb\":{\"@id\":\"https:\/\/disteco.com\/ca\/sostenibilitat-en-el-sector-alimentari\/#breadcrumb\"},\"inLanguage\":\"ca\",\"potentialAction\":[{\"@type\":\"ReadAction\",\"target\":[\"https:\/\/disteco.com\/ca\/sostenibilitat-en-el-sector-alimentari\/\"]}]},{\"@type\":\"ImageObject\",\"inLanguage\":\"ca\",\"@id\":\"https:\/\/disteco.com\/ca\/sostenibilitat-en-el-sector-alimentari\/#primaryimage\",\"url\":\"https:\/\/disteco.com\/wp-content\/uploads\/2020\/09\/sostenibilidad-en-el-sector-alimentario.jpg\",\"contentUrl\":\"https:\/\/disteco.com\/wp-content\/uploads\/2020\/09\/sostenibilidad-en-el-sector-alimentario.jpg\",\"width\":5246,\"height\":3498,\"caption\":\"La sostenibilidad en el sector alimentario\"},{\"@type\":\"BreadcrumbList\",\"@id\":\"https:\/\/disteco.com\/ca\/sostenibilitat-en-el-sector-alimentari\/#breadcrumb\",\"itemListElement\":[{\"@type\":\"ListItem\",\"position\":1,\"name\":\"Portada\",\"item\":\"https:\/\/disteco.com\/ca\/\"},{\"@type\":\"ListItem\",\"position\":2,\"name\":\"Sostenibilitat en el sector alimentari\"}]},{\"@type\":\"WebSite\",\"@id\":\"https:\/\/disteco.com\/ca\/#website\",\"url\":\"https:\/\/disteco.com\/ca\/\",\"name\":\"GRUP ALIMENTARI DISTECO\",\"description\":\"Distribuci\u00f3 aliment\u00e0ria de productes d'alta qualitat\",\"publisher\":{\"@id\":\"https:\/\/disteco.com\/ca\/#organization\"},\"potentialAction\":[{\"@type\":\"SearchAction\",\"target\":{\"@type\":\"EntryPoint\",\"urlTemplate\":\"https:\/\/disteco.com\/ca\/?s={search_term_string}\"},\"query-input\":{\"@type\":\"PropertyValueSpecification\",\"valueRequired\":true,\"valueName\":\"search_term_string\"}}],\"inLanguage\":\"ca\"},{\"@type\":\"Organization\",\"@id\":\"https:\/\/disteco.com\/ca\/#organization\",\"name\":\"GRUP ALIMENTARI DISTECO\",\"url\":\"https:\/\/disteco.com\/ca\/\",\"logo\":{\"@type\":\"ImageObject\",\"inLanguage\":\"ca\",\"@id\":\"https:\/\/disteco.com\/ca\/#\/schema\/logo\/image\/\",\"url\":\"https:\/\/disteco.com\/wp-content\/uploads\/2017\/03\/logo-grup-alimentari-disteco.png\",\"contentUrl\":\"https:\/\/disteco.com\/wp-content\/uploads\/2017\/03\/logo-grup-alimentari-disteco.png\",\"width\":600,\"height\":61,\"caption\":\"GRUP ALIMENTARI DISTECO\"},\"image\":{\"@id\":\"https:\/\/disteco.com\/ca\/#\/schema\/logo\/image\/\"},\"sameAs\":[\"https:\/\/www.facebook.com\/grupalimentaridisteco\/\",\"https:\/\/x.com\/DistecoGrup\",\"https:\/\/www.instagram.com\/gadisteco\/\",\"https:\/\/www.linkedin.com\/company\/grup-alimentari-disteco\/\",\"https:\/\/www.youtube.com\/@grupalimentaridisteco572\"]},{\"@type\":\"Person\",\"@id\":\"https:\/\/disteco.com\/ca\/#\/schema\/person\/4ea51f932b94228a72ce3c6332cfd3c0\",\"name\":\"GAD\",\"image\":{\"@type\":\"ImageObject\",\"inLanguage\":\"ca\",\"@id\":\"https:\/\/disteco.com\/ca\/#\/schema\/person\/image\/\",\"url\":\"https:\/\/secure.gravatar.com\/avatar\/c03aafdc2e714d25acb2f145eda11ecc45ef17c5219efd6cfba9f6a37f404cfe?s=96&d=mm&r=g\",\"contentUrl\":\"https:\/\/secure.gravatar.com\/avatar\/c03aafdc2e714d25acb2f145eda11ecc45ef17c5219efd6cfba9f6a37f404cfe?s=96&d=mm&r=g\",\"caption\":\"GAD\"},\"url\":\"https:\/\/disteco.com\/ca\/author\/baraka\/\"}]}<\/script>\n<!-- \/ Yoast SEO plugin. -->","yoast_head_json":{"title":"Sostenibilitat en el sector alimentari - GRUP ALIMENTARI DISTECO","description":"Qualitat i preu han estat criteris b\u00e0sics en la decisi\u00f3 de compra, per\u00f2 cada vegada m\u00e9s, els consumidors exigeixen sostenibilitat en el sector alimentari.","robots":{"index":"index","follow":"follow","max-snippet":"max-snippet:-1","max-image-preview":"max-image-preview:large","max-video-preview":"max-video-preview:-1"},"canonical":"https:\/\/disteco.com\/ca\/sostenibilitat-en-el-sector-alimentari\/","og_locale":"ca_ES","og_type":"article","og_title":"Sostenibilitat en el sector alimentari - GRUP ALIMENTARI DISTECO","og_description":"Qualitat i preu han estat criteris b\u00e0sics en la decisi\u00f3 de compra, per\u00f2 cada vegada m\u00e9s, els consumidors exigeixen sostenibilitat en el sector alimentari.","og_url":"https:\/\/disteco.com\/ca\/sostenibilitat-en-el-sector-alimentari\/","og_site_name":"GRUP ALIMENTARI DISTECO","article_publisher":"https:\/\/www.facebook.com\/grupalimentaridisteco\/","article_published_time":"2020-09-06T05:57:15+00:00","article_modified_time":"2020-11-16T09:56:33+00:00","og_image":[{"width":5246,"height":3498,"url":"https:\/\/disteco.com\/wp-content\/uploads\/2020\/09\/sostenibilidad-en-el-sector-alimentario.jpg","type":"image\/jpeg"}],"author":"GAD","twitter_card":"summary_large_image","twitter_creator":"@DistecoGrup","twitter_site":"@DistecoGrup","twitter_misc":{"Escrit per":"GAD","Temps estimat de lectura":"2 minut"},"schema":{"@context":"https:\/\/schema.org","@graph":[{"@type":"Article","@id":"https:\/\/disteco.com\/ca\/sostenibilitat-en-el-sector-alimentari\/#article","isPartOf":{"@id":"https:\/\/disteco.com\/ca\/sostenibilitat-en-el-sector-alimentari\/"},"author":{"name":"GAD","@id":"https:\/\/disteco.com\/ca\/#\/schema\/person\/4ea51f932b94228a72ce3c6332cfd3c0"},"headline":"Sostenibilitat en el sector alimentari","datePublished":"2020-09-06T05:57:15+00:00","dateModified":"2020-11-16T09:56:33+00:00","mainEntityOfPage":{"@id":"https:\/\/disteco.com\/ca\/sostenibilitat-en-el-sector-alimentari\/"},"wordCount":360,"commentCount":0,"publisher":{"@id":"https:\/\/disteco.com\/ca\/#organization"},"image":{"@id":"https:\/\/disteco.com\/ca\/sostenibilitat-en-el-sector-alimentari\/#primaryimage"},"thumbnailUrl":"https:\/\/disteco.com\/wp-content\/uploads\/2020\/09\/sostenibilidad-en-el-sector-alimentario.jpg","articleSection":["\u00daltimes not\u00edcies"],"inLanguage":"ca","potentialAction":[{"@type":"CommentAction","name":"Comment","target":["https:\/\/disteco.com\/ca\/sostenibilitat-en-el-sector-alimentari\/#respond"]}]},{"@type":"WebPage","@id":"https:\/\/disteco.com\/ca\/sostenibilitat-en-el-sector-alimentari\/","url":"https:\/\/disteco.com\/ca\/sostenibilitat-en-el-sector-alimentari\/","name":"Sostenibilitat en el sector alimentari - GRUP ALIMENTARI DISTECO","isPartOf":{"@id":"https:\/\/disteco.com\/ca\/#website"},"primaryImageOfPage":{"@id":"https:\/\/disteco.com\/ca\/sostenibilitat-en-el-sector-alimentari\/#primaryimage"},"image":{"@id":"https:\/\/disteco.com\/ca\/sostenibilitat-en-el-sector-alimentari\/#primaryimage"},"thumbnailUrl":"https:\/\/disteco.com\/wp-content\/uploads\/2020\/09\/sostenibilidad-en-el-sector-alimentario.jpg","datePublished":"2020-09-06T05:57:15+00:00","dateModified":"2020-11-16T09:56:33+00:00","description":"Qualitat i preu han estat criteris b\u00e0sics en la decisi\u00f3 de compra, per\u00f2 cada vegada m\u00e9s, els consumidors exigeixen sostenibilitat en el sector alimentari.","breadcrumb":{"@id":"https:\/\/disteco.com\/ca\/sostenibilitat-en-el-sector-alimentari\/#breadcrumb"},"inLanguage":"ca","potentialAction":[{"@type":"ReadAction","target":["https:\/\/disteco.com\/ca\/sostenibilitat-en-el-sector-alimentari\/"]}]},{"@type":"ImageObject","inLanguage":"ca","@id":"https:\/\/disteco.com\/ca\/sostenibilitat-en-el-sector-alimentari\/#primaryimage","url":"https:\/\/disteco.com\/wp-content\/uploads\/2020\/09\/sostenibilidad-en-el-sector-alimentario.jpg","contentUrl":"https:\/\/disteco.com\/wp-content\/uploads\/2020\/09\/sostenibilidad-en-el-sector-alimentario.jpg","width":5246,"height":3498,"caption":"La sostenibilidad en el sector alimentario"},{"@type":"BreadcrumbList","@id":"https:\/\/disteco.com\/ca\/sostenibilitat-en-el-sector-alimentari\/#breadcrumb","itemListElement":[{"@type":"ListItem","position":1,"name":"Portada","item":"https:\/\/disteco.com\/ca\/"},{"@type":"ListItem","position":2,"name":"Sostenibilitat en el sector alimentari"}]},{"@type":"WebSite","@id":"https:\/\/disteco.com\/ca\/#website","url":"https:\/\/disteco.com\/ca\/","name":"GRUP ALIMENTARI DISTECO","description":"Distribuci\u00f3 aliment\u00e0ria de productes d'alta qualitat","publisher":{"@id":"https:\/\/disteco.com\/ca\/#organization"},"potentialAction":[{"@type":"SearchAction","target":{"@type":"EntryPoint","urlTemplate":"https:\/\/disteco.com\/ca\/?s={search_term_string}"},"query-input":{"@type":"PropertyValueSpecification","valueRequired":true,"valueName":"search_term_string"}}],"inLanguage":"ca"},{"@type":"Organization","@id":"https:\/\/disteco.com\/ca\/#organization","name":"GRUP ALIMENTARI DISTECO","url":"https:\/\/disteco.com\/ca\/","logo":{"@type":"ImageObject","inLanguage":"ca","@id":"https:\/\/disteco.com\/ca\/#\/schema\/logo\/image\/","url":"https:\/\/disteco.com\/wp-content\/uploads\/2017\/03\/logo-grup-alimentari-disteco.png","contentUrl":"https:\/\/disteco.com\/wp-content\/uploads\/2017\/03\/logo-grup-alimentari-disteco.png","width":600,"height":61,"caption":"GRUP ALIMENTARI DISTECO"},"image":{"@id":"https:\/\/disteco.com\/ca\/#\/schema\/logo\/image\/"},"sameAs":["https:\/\/www.facebook.com\/grupalimentaridisteco\/","https:\/\/x.com\/DistecoGrup","https:\/\/www.instagram.com\/gadisteco\/","https:\/\/www.linkedin.com\/company\/grup-alimentari-disteco\/","https:\/\/www.youtube.com\/@grupalimentaridisteco572"]},{"@type":"Person","@id":"https:\/\/disteco.com\/ca\/#\/schema\/person\/4ea51f932b94228a72ce3c6332cfd3c0","name":"GAD","image":{"@type":"ImageObject","inLanguage":"ca","@id":"https:\/\/disteco.com\/ca\/#\/schema\/person\/image\/","url":"https:\/\/secure.gravatar.com\/avatar\/c03aafdc2e714d25acb2f145eda11ecc45ef17c5219efd6cfba9f6a37f404cfe?s=96&d=mm&r=g","contentUrl":"https:\/\/secure.gravatar.com\/avatar\/c03aafdc2e714d25acb2f145eda11ecc45ef17c5219efd6cfba9f6a37f404cfe?s=96&d=mm&r=g","caption":"GAD"},"url":"https:\/\/disteco.com\/ca\/author\/baraka\/"}]}},"_links":{"self":[{"href":"https:\/\/disteco.com\/ca\/wp-json\/wp\/v2\/posts\/212645","targetHints":{"allow":["GET"]}}],"collection":[{"href":"https:\/\/disteco.com\/ca\/wp-json\/wp\/v2\/posts"}],"about":[{"href":"https:\/\/disteco.com\/ca\/wp-json\/wp\/v2\/types\/post"}],"author":[{"embeddable":true,"href":"https:\/\/disteco.com\/ca\/wp-json\/wp\/v2\/users\/1"}],"replies":[{"embeddable":true,"href":"https:\/\/disteco.com\/ca\/wp-json\/wp\/v2\/comments?post=212645"}],"version-history":[{"count":16,"href":"https:\/\/disteco.com\/ca\/wp-json\/wp\/v2\/posts\/212645\/revisions"}],"predecessor-version":[{"id":212991,"href":"https:\/\/disteco.com\/ca\/wp-json\/wp\/v2\/posts\/212645\/revisions\/212991"}],"wp:featuredmedia":[{"embeddable":true,"href":"https:\/\/disteco.com\/ca\/wp-json\/wp\/v2\/media\/212633"}],"wp:attachment":[{"href":"https:\/\/disteco.com\/ca\/wp-json\/wp\/v2\/media?parent=212645"}],"wp:term":[{"taxonomy":"category","embeddable":true,"href":"https:\/\/disteco.com\/ca\/wp-json\/wp\/v2\/categories?post=212645"},{"taxonomy":"post_tag","embeddable":true,"href":"https:\/\/disteco.com\/ca\/wp-json\/wp\/v2\/tags?post=212645"}],"curies":[{"name":"wp","href":"https:\/\/api.w.org\/{rel}","templated":true}]}}