{"id":212535,"date":"2020-08-15T09:27:38","date_gmt":"2020-08-15T09:27:38","guid":{"rendered":"https:\/\/disteco.com\/?p=212535"},"modified":"2020-08-17T09:29:56","modified_gmt":"2020-08-17T09:29:56","slug":"la-importancia-de-la-cadena-de-fred","status":"publish","type":"post","link":"https:\/\/disteco.com\/ca\/la-importancia-de-la-cadena-de-fred\/","title":{"rendered":"La import\u00e0ncia de la cadena de fred"},"content":{"rendered":"\n<figure class=\"wp-block-image\"><img loading=\"lazy\" decoding=\"async\" width=\"960\" height=\"640\" src=\"https:\/\/disteco.com\/wp-content\/uploads\/2021\/08\/la-importancia-de-la-cadena-de-frio.jpg\" alt=\"\" class=\"wp-image-212519\" srcset=\"https:\/\/disteco.com\/wp-content\/uploads\/2021\/08\/la-importancia-de-la-cadena-de-frio.jpg 960w, https:\/\/disteco.com\/wp-content\/uploads\/2021\/08\/la-importancia-de-la-cadena-de-frio-480x320.jpg 480w\" sizes=\"(min-width: 0px) and (max-width: 480px) 480px, (min-width: 481px) 960px, 100vw\" \/><\/figure>\n\n\n<h6><span style=\"color: #cc0000;\"><em>La import\u00e0ncia de la cadena de fred\u00a0<\/em><\/span><\/h6>\n<h1>\u00a0<\/h1>\n<h1><strong>La import\u00e0ncia de la cadena de fred en el sector alimentari<\/strong><\/h1>\n<blockquote>\n<h4>Encara quan es tracta d&#8217;una q\u00fcesti\u00f3 estrictament regulada i verificada, mai est\u00e0 de m\u00e9s recordar la import\u00e0ncia de la cadena de fred en l&#8217;\u00e0mbit de l&#8217;alimentaci\u00f3.<\/h4>\n<\/blockquote>\n<p>Tot producte alimentari que necessiti una temperatura determinada per a conservar-se ha de mantenir-se a aquesta mateixa temperatura durant tot el trajecte, des del proc\u00e9s d&#8217;elaboraci\u00f3 a la taula del consumidor.<\/p>\n<p><strong>La cadena de fred abasta el manteniment i control continu de la temperatura dels productes en tot el proc\u00e9s de transport, emmagatzematge i distribuci\u00f3 dels aliments.<\/strong><\/p>\n<p>Descurar aquest aspecte, en qualsevol moment de la cadena de subministrament, posa de deb\u00f2 risc a la poblaci\u00f3, perqu\u00e8 els teixits vius dels aliments es degraden i comen\u00e7a un proc\u00e9s en el qual els microorganismes afecten seriosament la qualitat del producte.<\/p>\n<p>\u00a0<\/p>\n<h2><strong>Aspectes cr\u00edtics en productes freds i congelats<\/strong><\/h2>\n<p>En els productes congelats i ultracongelats, aix\u00ed com en alguns altres productes de fred i temperatures controlades, si la cadena de fred s&#8217;ha trencat en algun moment seria possible identificar-lo en:<\/p>\n<ul>\n<li><strong>L&#8217;env\u00e0s:<\/strong> si es troba deteriorat, trencat, inflat o amb altres desperfectes, aix\u00ed com en la pres\u00e8ncia de gebre \u2013tractant-se de productes congelats- perqu\u00e8 aquesta nom\u00e9s apareix quan el producte ha estat descongelat i s&#8217;ha tornat a congelar.<\/li>\n<li><strong>En la textura de l&#8217;aliment:<\/strong> els productes frescos tenen una consist\u00e8ncia que els identifica, igual que en el cas dels congelats; si el producte es troba massa tou o airejat \u00e9s perqu\u00e8 s&#8217;ha descongelat en algun moment.<\/li>\n<li><strong>En el color: s<\/strong>i el producte t\u00e9 un color diferent a l&#8217;interior, o quan l&#8217;exterior est\u00e0 ressec i opac.<\/li>\n<\/ul>\n<p>Per descomptat, aquests punts poden aplicar a uns productes per\u00f2 no a tots, i \u00e9s per aix\u00f2 que les empreses dedicades a la log\u00edstica i transport d&#8217;aliments a temperatures controlades tenen cada dia m\u00e9s tecnologies que contribueixen a garantir la tra\u00e7abilitat.<\/p>\n<blockquote>\n<h3>A <a href=\"https:\/\/disteco.com\/ca\/\" target=\"_blank\" rel=\"noopener noreferrer\">Grup Alimentari Disteco<\/a> comptem amb una \u00e0mplia <a href=\"\/?page_id=204781\" target=\"_blank\" rel=\"noopener noreferrer\">flota de vehicles<\/a> aptes per al transport de productes a temperatura controlada, al mateix temps que assegurem el seu correcte emmagatzematge i les millors tecnologies per a assegurar la tra\u00e7abilitat en la seva distribuci\u00f3.<\/h3>\n<\/blockquote>","protected":false},"excerpt":{"rendered":"<p>Encara quan es tracta d&#8217;una q\u00fcesti\u00f3 estrictament regulada i verificada, mai est\u00e0 de m\u00e9s recordar la import\u00e0ncia<\/p>\n","protected":false},"author":1,"featured_media":212520,"comment_status":"open","ping_status":"open","sticky":false,"template":"","format":"image","meta":{"_et_pb_use_builder":"off","_et_pb_old_content":"","_et_gb_content_width":"","footnotes":""},"categories":[9,43],"tags":[272,273,278,279,21,72,121,118,280,268],"class_list":["post-212535","post","type-post","status-publish","format-image","has-post-thumbnail","hentry","category-ultimas-noticias","category-ultimes-noticies","tag-cadena-alimentaria","tag-cadena-alimentaria-ca","tag-cadena-de-frio","tag-cadena-de-frio-ca","tag-disteco","tag-disteco-ca-2","tag-gad-ca-2","tag-gad","tag-logistica-de-distribucio","tag-logistica-de-distribucion","post_format-post-format-image"],"yoast_head":"<!-- This site is optimized with the Yoast SEO plugin v26.9 - https:\/\/yoast.com\/product\/yoast-seo-wordpress\/ -->\n<title>La import\u00e0ncia de la cadena de fred - GRUP ALIMENTARI DISTECO<\/title>\n<meta name=\"description\" content=\"Encara quan es tracta d&#039;una q\u00fcesti\u00f3 regulada i verificada, mai est\u00e0 de m\u00e9s recordar la import\u00e0ncia de la cadena de fred en l&#039;\u00e0mbit de l&#039;alimentaci\u00f3.\" \/>\n<meta name=\"robots\" content=\"index, follow, max-snippet:-1, max-image-preview:large, max-video-preview:-1\" \/>\n<link rel=\"canonical\" href=\"https:\/\/disteco.com\/ca\/la-importancia-de-la-cadena-de-fred\/\" \/>\n<meta property=\"og:locale\" content=\"ca_ES\" \/>\n<meta property=\"og:type\" content=\"article\" \/>\n<meta property=\"og:title\" content=\"La import\u00e0ncia de la cadena de fred - GRUP ALIMENTARI DISTECO\" \/>\n<meta property=\"og:description\" content=\"Encara quan es tracta d&#039;una q\u00fcesti\u00f3 regulada i verificada, mai est\u00e0 de m\u00e9s recordar la import\u00e0ncia de la cadena de fred en l&#039;\u00e0mbit de l&#039;alimentaci\u00f3.\" \/>\n<meta property=\"og:url\" content=\"https:\/\/disteco.com\/ca\/la-importancia-de-la-cadena-de-fred\/\" \/>\n<meta property=\"og:site_name\" content=\"GRUP ALIMENTARI DISTECO\" \/>\n<meta property=\"article:publisher\" content=\"https:\/\/www.facebook.com\/grupalimentaridisteco\/\" \/>\n<meta property=\"article:published_time\" content=\"2020-08-15T09:27:38+00:00\" \/>\n<meta property=\"article:modified_time\" content=\"2020-08-17T09:29:56+00:00\" \/>\n<meta property=\"og:image\" content=\"https:\/\/disteco.com\/wp-content\/uploads\/2021\/08\/la-importancia-de-la-cadena-de-frio.jpg\" \/>\n\t<meta property=\"og:image:width\" content=\"960\" \/>\n\t<meta property=\"og:image:height\" content=\"640\" \/>\n\t<meta property=\"og:image:type\" content=\"image\/jpeg\" \/>\n<meta name=\"author\" content=\"GAD\" \/>\n<meta name=\"twitter:card\" content=\"summary_large_image\" \/>\n<meta name=\"twitter:creator\" content=\"@DistecoGrup\" \/>\n<meta name=\"twitter:site\" content=\"@DistecoGrup\" \/>\n<meta name=\"twitter:label1\" content=\"Escrit per\" \/>\n\t<meta name=\"twitter:data1\" content=\"GAD\" \/>\n\t<meta name=\"twitter:label2\" content=\"Temps estimat de lectura\" \/>\n\t<meta name=\"twitter:data2\" content=\"2 minut\" \/>\n<script type=\"application\/ld+json\" class=\"yoast-schema-graph\">{\"@context\":\"https:\/\/schema.org\",\"@graph\":[{\"@type\":\"Article\",\"@id\":\"https:\/\/disteco.com\/ca\/la-importancia-de-la-cadena-de-fred\/#article\",\"isPartOf\":{\"@id\":\"https:\/\/disteco.com\/ca\/la-importancia-de-la-cadena-de-fred\/\"},\"author\":{\"name\":\"GAD\",\"@id\":\"https:\/\/disteco.com\/ca\/#\/schema\/person\/4ea51f932b94228a72ce3c6332cfd3c0\"},\"headline\":\"La import\u00e0ncia de la cadena de fred\",\"datePublished\":\"2020-08-15T09:27:38+00:00\",\"dateModified\":\"2020-08-17T09:29:56+00:00\",\"mainEntityOfPage\":{\"@id\":\"https:\/\/disteco.com\/ca\/la-importancia-de-la-cadena-de-fred\/\"},\"wordCount\":394,\"commentCount\":0,\"publisher\":{\"@id\":\"https:\/\/disteco.com\/ca\/#organization\"},\"image\":{\"@id\":\"https:\/\/disteco.com\/ca\/la-importancia-de-la-cadena-de-fred\/#primaryimage\"},\"thumbnailUrl\":\"https:\/\/disteco.com\/wp-content\/uploads\/2021\/08\/la-importancia-de-la-cadena-de-frio.jpg\",\"keywords\":[\"cadena alimentaria\",\"cadena alimentaria\",\"cadena de fr\u00edo\",\"cadena de fr\u00edo\",\"Disteco\",\"Disteco\",\"GAD\",\"GAD\",\"log\u00edstica de distribuci\u00f3\",\"log\u00edstica de distribuci\u00f3n\"],\"articleSection\":[\"\u00daltimas noticias\",\"\u00daltimes not\u00edcies\"],\"inLanguage\":\"ca\",\"potentialAction\":[{\"@type\":\"CommentAction\",\"name\":\"Comment\",\"target\":[\"https:\/\/disteco.com\/ca\/la-importancia-de-la-cadena-de-fred\/#respond\"]}]},{\"@type\":\"WebPage\",\"@id\":\"https:\/\/disteco.com\/ca\/la-importancia-de-la-cadena-de-fred\/\",\"url\":\"https:\/\/disteco.com\/ca\/la-importancia-de-la-cadena-de-fred\/\",\"name\":\"La import\u00e0ncia de la cadena de fred - GRUP ALIMENTARI DISTECO\",\"isPartOf\":{\"@id\":\"https:\/\/disteco.com\/ca\/#website\"},\"primaryImageOfPage\":{\"@id\":\"https:\/\/disteco.com\/ca\/la-importancia-de-la-cadena-de-fred\/#primaryimage\"},\"image\":{\"@id\":\"https:\/\/disteco.com\/ca\/la-importancia-de-la-cadena-de-fred\/#primaryimage\"},\"thumbnailUrl\":\"https:\/\/disteco.com\/wp-content\/uploads\/2021\/08\/la-importancia-de-la-cadena-de-frio.jpg\",\"datePublished\":\"2020-08-15T09:27:38+00:00\",\"dateModified\":\"2020-08-17T09:29:56+00:00\",\"description\":\"Encara quan es tracta d'una q\u00fcesti\u00f3 regulada i verificada, mai est\u00e0 de m\u00e9s recordar la import\u00e0ncia de la cadena de fred en l'\u00e0mbit de l'alimentaci\u00f3.\",\"breadcrumb\":{\"@id\":\"https:\/\/disteco.com\/ca\/la-importancia-de-la-cadena-de-fred\/#breadcrumb\"},\"inLanguage\":\"ca\",\"potentialAction\":[{\"@type\":\"ReadAction\",\"target\":[\"https:\/\/disteco.com\/ca\/la-importancia-de-la-cadena-de-fred\/\"]}]},{\"@type\":\"ImageObject\",\"inLanguage\":\"ca\",\"@id\":\"https:\/\/disteco.com\/ca\/la-importancia-de-la-cadena-de-fred\/#primaryimage\",\"url\":\"https:\/\/disteco.com\/wp-content\/uploads\/2021\/08\/la-importancia-de-la-cadena-de-frio.jpg\",\"contentUrl\":\"https:\/\/disteco.com\/wp-content\/uploads\/2021\/08\/la-importancia-de-la-cadena-de-frio.jpg\",\"width\":960,\"height\":640,\"caption\":\"La importancia de la cadena de fr\u00edo en el secotr alimentario\"},{\"@type\":\"BreadcrumbList\",\"@id\":\"https:\/\/disteco.com\/ca\/la-importancia-de-la-cadena-de-fred\/#breadcrumb\",\"itemListElement\":[{\"@type\":\"ListItem\",\"position\":1,\"name\":\"Portada\",\"item\":\"https:\/\/disteco.com\/ca\/\"},{\"@type\":\"ListItem\",\"position\":2,\"name\":\"La import\u00e0ncia de la cadena de fred\"}]},{\"@type\":\"WebSite\",\"@id\":\"https:\/\/disteco.com\/ca\/#website\",\"url\":\"https:\/\/disteco.com\/ca\/\",\"name\":\"GRUP ALIMENTARI DISTECO\",\"description\":\"Distribuci\u00f3 aliment\u00e0ria de productes d'alta qualitat\",\"publisher\":{\"@id\":\"https:\/\/disteco.com\/ca\/#organization\"},\"potentialAction\":[{\"@type\":\"SearchAction\",\"target\":{\"@type\":\"EntryPoint\",\"urlTemplate\":\"https:\/\/disteco.com\/ca\/?s={search_term_string}\"},\"query-input\":{\"@type\":\"PropertyValueSpecification\",\"valueRequired\":true,\"valueName\":\"search_term_string\"}}],\"inLanguage\":\"ca\"},{\"@type\":\"Organization\",\"@id\":\"https:\/\/disteco.com\/ca\/#organization\",\"name\":\"GRUP ALIMENTARI DISTECO\",\"url\":\"https:\/\/disteco.com\/ca\/\",\"logo\":{\"@type\":\"ImageObject\",\"inLanguage\":\"ca\",\"@id\":\"https:\/\/disteco.com\/ca\/#\/schema\/logo\/image\/\",\"url\":\"https:\/\/disteco.com\/wp-content\/uploads\/2017\/03\/logo-grup-alimentari-disteco.png\",\"contentUrl\":\"https:\/\/disteco.com\/wp-content\/uploads\/2017\/03\/logo-grup-alimentari-disteco.png\",\"width\":600,\"height\":61,\"caption\":\"GRUP ALIMENTARI DISTECO\"},\"image\":{\"@id\":\"https:\/\/disteco.com\/ca\/#\/schema\/logo\/image\/\"},\"sameAs\":[\"https:\/\/www.facebook.com\/grupalimentaridisteco\/\",\"https:\/\/x.com\/DistecoGrup\",\"https:\/\/www.instagram.com\/gadisteco\/\",\"https:\/\/www.linkedin.com\/company\/grup-alimentari-disteco\/\",\"https:\/\/www.youtube.com\/@grupalimentaridisteco572\"]},{\"@type\":\"Person\",\"@id\":\"https:\/\/disteco.com\/ca\/#\/schema\/person\/4ea51f932b94228a72ce3c6332cfd3c0\",\"name\":\"GAD\",\"image\":{\"@type\":\"ImageObject\",\"inLanguage\":\"ca\",\"@id\":\"https:\/\/disteco.com\/ca\/#\/schema\/person\/image\/\",\"url\":\"https:\/\/secure.gravatar.com\/avatar\/c03aafdc2e714d25acb2f145eda11ecc45ef17c5219efd6cfba9f6a37f404cfe?s=96&d=mm&r=g\",\"contentUrl\":\"https:\/\/secure.gravatar.com\/avatar\/c03aafdc2e714d25acb2f145eda11ecc45ef17c5219efd6cfba9f6a37f404cfe?s=96&d=mm&r=g\",\"caption\":\"GAD\"},\"url\":\"https:\/\/disteco.com\/ca\/author\/baraka\/\"}]}<\/script>\n<!-- \/ Yoast SEO plugin. -->","yoast_head_json":{"title":"La import\u00e0ncia de la cadena de fred - GRUP ALIMENTARI DISTECO","description":"Encara quan es tracta d'una q\u00fcesti\u00f3 regulada i verificada, mai est\u00e0 de m\u00e9s recordar la import\u00e0ncia de la cadena de fred en l'\u00e0mbit de l'alimentaci\u00f3.","robots":{"index":"index","follow":"follow","max-snippet":"max-snippet:-1","max-image-preview":"max-image-preview:large","max-video-preview":"max-video-preview:-1"},"canonical":"https:\/\/disteco.com\/ca\/la-importancia-de-la-cadena-de-fred\/","og_locale":"ca_ES","og_type":"article","og_title":"La import\u00e0ncia de la cadena de fred - GRUP ALIMENTARI DISTECO","og_description":"Encara quan es tracta d'una q\u00fcesti\u00f3 regulada i verificada, mai est\u00e0 de m\u00e9s recordar la import\u00e0ncia de la cadena de fred en l'\u00e0mbit de l'alimentaci\u00f3.","og_url":"https:\/\/disteco.com\/ca\/la-importancia-de-la-cadena-de-fred\/","og_site_name":"GRUP ALIMENTARI DISTECO","article_publisher":"https:\/\/www.facebook.com\/grupalimentaridisteco\/","article_published_time":"2020-08-15T09:27:38+00:00","article_modified_time":"2020-08-17T09:29:56+00:00","og_image":[{"width":960,"height":640,"url":"https:\/\/disteco.com\/wp-content\/uploads\/2021\/08\/la-importancia-de-la-cadena-de-frio.jpg","type":"image\/jpeg"}],"author":"GAD","twitter_card":"summary_large_image","twitter_creator":"@DistecoGrup","twitter_site":"@DistecoGrup","twitter_misc":{"Escrit per":"GAD","Temps estimat de lectura":"2 minut"},"schema":{"@context":"https:\/\/schema.org","@graph":[{"@type":"Article","@id":"https:\/\/disteco.com\/ca\/la-importancia-de-la-cadena-de-fred\/#article","isPartOf":{"@id":"https:\/\/disteco.com\/ca\/la-importancia-de-la-cadena-de-fred\/"},"author":{"name":"GAD","@id":"https:\/\/disteco.com\/ca\/#\/schema\/person\/4ea51f932b94228a72ce3c6332cfd3c0"},"headline":"La import\u00e0ncia de la cadena de fred","datePublished":"2020-08-15T09:27:38+00:00","dateModified":"2020-08-17T09:29:56+00:00","mainEntityOfPage":{"@id":"https:\/\/disteco.com\/ca\/la-importancia-de-la-cadena-de-fred\/"},"wordCount":394,"commentCount":0,"publisher":{"@id":"https:\/\/disteco.com\/ca\/#organization"},"image":{"@id":"https:\/\/disteco.com\/ca\/la-importancia-de-la-cadena-de-fred\/#primaryimage"},"thumbnailUrl":"https:\/\/disteco.com\/wp-content\/uploads\/2021\/08\/la-importancia-de-la-cadena-de-frio.jpg","keywords":["cadena alimentaria","cadena alimentaria","cadena de fr\u00edo","cadena de fr\u00edo","Disteco","Disteco","GAD","GAD","log\u00edstica de distribuci\u00f3","log\u00edstica de distribuci\u00f3n"],"articleSection":["\u00daltimas noticias","\u00daltimes not\u00edcies"],"inLanguage":"ca","potentialAction":[{"@type":"CommentAction","name":"Comment","target":["https:\/\/disteco.com\/ca\/la-importancia-de-la-cadena-de-fred\/#respond"]}]},{"@type":"WebPage","@id":"https:\/\/disteco.com\/ca\/la-importancia-de-la-cadena-de-fred\/","url":"https:\/\/disteco.com\/ca\/la-importancia-de-la-cadena-de-fred\/","name":"La import\u00e0ncia de la cadena de fred - GRUP ALIMENTARI DISTECO","isPartOf":{"@id":"https:\/\/disteco.com\/ca\/#website"},"primaryImageOfPage":{"@id":"https:\/\/disteco.com\/ca\/la-importancia-de-la-cadena-de-fred\/#primaryimage"},"image":{"@id":"https:\/\/disteco.com\/ca\/la-importancia-de-la-cadena-de-fred\/#primaryimage"},"thumbnailUrl":"https:\/\/disteco.com\/wp-content\/uploads\/2021\/08\/la-importancia-de-la-cadena-de-frio.jpg","datePublished":"2020-08-15T09:27:38+00:00","dateModified":"2020-08-17T09:29:56+00:00","description":"Encara quan es tracta d'una q\u00fcesti\u00f3 regulada i verificada, mai est\u00e0 de m\u00e9s recordar la import\u00e0ncia de la cadena de fred en l'\u00e0mbit de l'alimentaci\u00f3.","breadcrumb":{"@id":"https:\/\/disteco.com\/ca\/la-importancia-de-la-cadena-de-fred\/#breadcrumb"},"inLanguage":"ca","potentialAction":[{"@type":"ReadAction","target":["https:\/\/disteco.com\/ca\/la-importancia-de-la-cadena-de-fred\/"]}]},{"@type":"ImageObject","inLanguage":"ca","@id":"https:\/\/disteco.com\/ca\/la-importancia-de-la-cadena-de-fred\/#primaryimage","url":"https:\/\/disteco.com\/wp-content\/uploads\/2021\/08\/la-importancia-de-la-cadena-de-frio.jpg","contentUrl":"https:\/\/disteco.com\/wp-content\/uploads\/2021\/08\/la-importancia-de-la-cadena-de-frio.jpg","width":960,"height":640,"caption":"La importancia de la cadena de fr\u00edo en el secotr alimentario"},{"@type":"BreadcrumbList","@id":"https:\/\/disteco.com\/ca\/la-importancia-de-la-cadena-de-fred\/#breadcrumb","itemListElement":[{"@type":"ListItem","position":1,"name":"Portada","item":"https:\/\/disteco.com\/ca\/"},{"@type":"ListItem","position":2,"name":"La import\u00e0ncia de la cadena de fred"}]},{"@type":"WebSite","@id":"https:\/\/disteco.com\/ca\/#website","url":"https:\/\/disteco.com\/ca\/","name":"GRUP ALIMENTARI DISTECO","description":"Distribuci\u00f3 aliment\u00e0ria de productes d'alta qualitat","publisher":{"@id":"https:\/\/disteco.com\/ca\/#organization"},"potentialAction":[{"@type":"SearchAction","target":{"@type":"EntryPoint","urlTemplate":"https:\/\/disteco.com\/ca\/?s={search_term_string}"},"query-input":{"@type":"PropertyValueSpecification","valueRequired":true,"valueName":"search_term_string"}}],"inLanguage":"ca"},{"@type":"Organization","@id":"https:\/\/disteco.com\/ca\/#organization","name":"GRUP ALIMENTARI DISTECO","url":"https:\/\/disteco.com\/ca\/","logo":{"@type":"ImageObject","inLanguage":"ca","@id":"https:\/\/disteco.com\/ca\/#\/schema\/logo\/image\/","url":"https:\/\/disteco.com\/wp-content\/uploads\/2017\/03\/logo-grup-alimentari-disteco.png","contentUrl":"https:\/\/disteco.com\/wp-content\/uploads\/2017\/03\/logo-grup-alimentari-disteco.png","width":600,"height":61,"caption":"GRUP ALIMENTARI DISTECO"},"image":{"@id":"https:\/\/disteco.com\/ca\/#\/schema\/logo\/image\/"},"sameAs":["https:\/\/www.facebook.com\/grupalimentaridisteco\/","https:\/\/x.com\/DistecoGrup","https:\/\/www.instagram.com\/gadisteco\/","https:\/\/www.linkedin.com\/company\/grup-alimentari-disteco\/","https:\/\/www.youtube.com\/@grupalimentaridisteco572"]},{"@type":"Person","@id":"https:\/\/disteco.com\/ca\/#\/schema\/person\/4ea51f932b94228a72ce3c6332cfd3c0","name":"GAD","image":{"@type":"ImageObject","inLanguage":"ca","@id":"https:\/\/disteco.com\/ca\/#\/schema\/person\/image\/","url":"https:\/\/secure.gravatar.com\/avatar\/c03aafdc2e714d25acb2f145eda11ecc45ef17c5219efd6cfba9f6a37f404cfe?s=96&d=mm&r=g","contentUrl":"https:\/\/secure.gravatar.com\/avatar\/c03aafdc2e714d25acb2f145eda11ecc45ef17c5219efd6cfba9f6a37f404cfe?s=96&d=mm&r=g","caption":"GAD"},"url":"https:\/\/disteco.com\/ca\/author\/baraka\/"}]}},"_links":{"self":[{"href":"https:\/\/disteco.com\/ca\/wp-json\/wp\/v2\/posts\/212535","targetHints":{"allow":["GET"]}}],"collection":[{"href":"https:\/\/disteco.com\/ca\/wp-json\/wp\/v2\/posts"}],"about":[{"href":"https:\/\/disteco.com\/ca\/wp-json\/wp\/v2\/types\/post"}],"author":[{"embeddable":true,"href":"https:\/\/disteco.com\/ca\/wp-json\/wp\/v2\/users\/1"}],"replies":[{"embeddable":true,"href":"https:\/\/disteco.com\/ca\/wp-json\/wp\/v2\/comments?post=212535"}],"version-history":[{"count":3,"href":"https:\/\/disteco.com\/ca\/wp-json\/wp\/v2\/posts\/212535\/revisions"}],"predecessor-version":[{"id":212540,"href":"https:\/\/disteco.com\/ca\/wp-json\/wp\/v2\/posts\/212535\/revisions\/212540"}],"wp:featuredmedia":[{"embeddable":true,"href":"https:\/\/disteco.com\/ca\/wp-json\/wp\/v2\/media\/212520"}],"wp:attachment":[{"href":"https:\/\/disteco.com\/ca\/wp-json\/wp\/v2\/media?parent=212535"}],"wp:term":[{"taxonomy":"category","embeddable":true,"href":"https:\/\/disteco.com\/ca\/wp-json\/wp\/v2\/categories?post=212535"},{"taxonomy":"post_tag","embeddable":true,"href":"https:\/\/disteco.com\/ca\/wp-json\/wp\/v2\/tags?post=212535"}],"curies":[{"name":"wp","href":"https:\/\/api.w.org\/{rel}","templated":true}]}}