{"id":212308,"date":"2020-06-25T15:40:14","date_gmt":"2020-06-25T15:40:14","guid":{"rendered":"https:\/\/disteco.com\/aprovisionamiento-de-alimentos-mas-corto-y-flexible\/"},"modified":"2020-09-28T09:48:12","modified_gmt":"2020-09-28T09:48:12","slug":"aprovisionament-daliments-mes-curt-i-flexible","status":"publish","type":"post","link":"https:\/\/disteco.com\/ca\/aprovisionament-daliments-mes-curt-i-flexible\/","title":{"rendered":"Aprovisionament d&#8217;aliments m\u00e9s curt i flexible"},"content":{"rendered":"\n<figure class=\"wp-block-image\"><img loading=\"lazy\" decoding=\"async\" width=\"1024\" height=\"678\" src=\"https:\/\/disteco.com\/wp-content\/uploads\/2020\/06\/aprovisionamiento-de-alimentos-mas-corto-y-flexible-1024x678.jpg\" alt=\"\" class=\"wp-image-212283\" srcset=\"https:\/\/disteco.com\/wp-content\/uploads\/2020\/06\/aprovisionamiento-de-alimentos-mas-corto-y-flexible-980x649.jpg 980w, https:\/\/disteco.com\/wp-content\/uploads\/2020\/06\/aprovisionamiento-de-alimentos-mas-corto-y-flexible-480x318.jpg 480w\" sizes=\"(min-width: 0px) and (max-width: 480px) 480px, (min-width: 481px) and (max-width: 980px) 980px, (min-width: 981px) 1024px, 100vw\" \/><\/figure>\n\n\n<h6><span style=\"color: #cc0000;\"><em>Aprovisionament d&#8217;aliments m\u00e9s curt i flexible<\/em><\/span><\/h6>\n<h1>&nbsp;<\/h1>\n<h1><strong>Aprovisionament d&#8217;aliments m\u00e9s curt, integrat i flexible<\/strong><\/h1>\n<blockquote>\n<h3>Per al sector d&#8217;alimentaci\u00f3, en la nova normalitat despr\u00e9s de la pand\u00e8mia de COVID-19, \u00e9s important disposar d&#8217;un model d&#8217;aprovisionament d&#8217;aliments m\u00e9s curt, integrat i flexible.<\/h3>\n<\/blockquote>\n<p>El brot de coronavirus segueix posant en escac el flux de mercaderies i aix\u00f2 \u00e9s fet notar especialment en la distribuci\u00f3 d&#8217;aliments, on la clau \u00e9s garantir la seguretat en el subministrament de productes i a un ritme controlable.<\/p>\n<p><a href=\"\/?p=208206\" target=\"_blank\" rel=\"noopener noreferrer\">Les cadenes de subministrament en el sector de l&#8217;alimentaci\u00f3 es tornen m\u00e9s estrat\u00e8giques<\/a>, i els productors de proximitat juguen un paper clau per proveir de productes segurs i competitius als sectors que van arribant a la normalitat, com l&#8217;hostaleria i el turisme.<\/p>\n<h3>Productes de proximitat dins d&#8217;una oferta gastron\u00f2mica de confian\u00e7a<\/h3>\n<p>Les exig\u00e8ncies imposades a escala internacional i l&#8217;augment de preus que suposen els canvis en les cadenes de prove\u00efment globals, no s\u00f3n les \u00faniques variables en aquest canvi de tend\u00e8ncia.<\/p>\n<p><strong>El <a href=\"\/?page_id=204764\" target=\"_blank\" rel=\"noopener noreferrer\">comer\u00e7 de proximitat<\/a> es va tornar la pedra angular durant el confinament<\/strong> i \u00e9s una pe\u00e7a clau dins de la recuperaci\u00f3 econ\u00f2mica dels sectors associats a l&#8217;hostaleria i el turisme.<\/p>\n<p>Tamb\u00e9 s&#8217;est\u00e0 afavorit una <a href=\"\/?p=207578\" target=\"_blank\" rel=\"noopener noreferrer\"><strong>revaloraci\u00f3 de la sostenibilitat<\/strong><\/a>, s\u00f3n els mateixos consumidors els que atorguen un valor afegit als productes saludables, ecol\u00f2gics i socialment responsables.<\/p>\n<p>La forma de comprar i aprovisionar tamb\u00e9 ha canviat, i \u00e9s all\u00e0 on les <a href=\"\/?page_id=204781\" target=\"_blank\" rel=\"noopener noreferrer\"><strong>tecnologies i la log\u00edstica s&#8217;integren i permeten flexibilitzar l&#8217;aprovisionament<\/strong>&nbsp;<\/a>a escala de comer\u00e7os del sector de l&#8217;alimentaci\u00f3 i begudes, restaurants, hotels, &#8230; etc, entre d&#8217;altres.<\/p>\n<p>La compra en l\u00ednia contribuir\u00e0 a una millora en els processos administratius i facilitar el seguiment dels protocols sanitaris a l&#8217;hora de distribuir les mercaderies.<\/p>\n<p>La nova realitat de l&#8217;hostaleria ha d&#8217;ajustar-ara a nous criteris de compra que inclouen, no nom\u00e9s el preu, sin\u00f3 la proximitat i estacionalitat que resulta tamb\u00e9 en un cercle virtu\u00f3s d&#8217;aprovisionament curt, integrat i flexible.<\/p>\n<blockquote>\n<h2>A <a href=\"\/?page_id=204802\" target=\"_blank\" rel=\"noopener noreferrer\"><strong>Grup Alimentari Disteco estem decidits a seguir promovent els productes d&#8217;alta qualitat <\/strong><\/a>i de proximitat i impulsar un abastament sostenible per contribuir a la recuperaci\u00f3 dels sectors estretament vinculats a la gastronomia.<\/h2>\n<\/blockquote>","protected":false},"excerpt":{"rendered":"<p>Per al sector d&#8217;alimentaci\u00f3, en la nova normalitat despr\u00e9s de la pand\u00e8mia de COVID-19, \u00e9s important disposar d&#8217;un model d&#8217;aprovisionament<\/p>\n","protected":false},"author":1,"featured_media":212284,"comment_status":"open","ping_status":"open","sticky":false,"template":"","format":"image","meta":{"_et_pb_use_builder":"off","_et_pb_old_content":"","_et_gb_content_width":"","footnotes":""},"categories":[43],"tags":[235,715,117,254,280],"class_list":["post-212308","post","type-post","status-publish","format-image","has-post-thumbnail","hentry","category-ultimes-noticies","tag-alimentos-de-calidad","tag-aprovisionament-daliments","tag-distribucio-alimentaria","tag-distribucion-gourmet","tag-logistica-de-distribucio","post_format-post-format-image"],"yoast_head":"<!-- This site is optimized with the Yoast SEO plugin v26.9 - https:\/\/yoast.com\/product\/yoast-seo-wordpress\/ -->\n<title>Aprovisionament d&#039;aliments m\u00e9s curt i flexible - GADisteco<\/title>\n<meta name=\"description\" content=\"Per al sector d&#039;alimentaci\u00f3, en la nova normalitat \u00e9s important disposar d&#039;un model d&#039;aprovisionament d&#039;aliments m\u00e9s curt, integrat i flexible.\" \/>\n<meta name=\"robots\" content=\"index, follow, max-snippet:-1, max-image-preview:large, max-video-preview:-1\" \/>\n<link rel=\"canonical\" href=\"https:\/\/disteco.com\/ca\/aprovisionament-daliments-mes-curt-i-flexible\/\" \/>\n<meta property=\"og:locale\" content=\"ca_ES\" \/>\n<meta property=\"og:type\" content=\"article\" \/>\n<meta property=\"og:title\" content=\"Aprovisionament d&#039;aliments m\u00e9s curt i flexible - GADisteco\" \/>\n<meta property=\"og:description\" content=\"Per al sector d&#039;alimentaci\u00f3, en la nova normalitat \u00e9s important disposar d&#039;un model d&#039;aprovisionament d&#039;aliments m\u00e9s curt, integrat i flexible.\" \/>\n<meta property=\"og:url\" content=\"https:\/\/disteco.com\/ca\/aprovisionament-daliments-mes-curt-i-flexible\/\" \/>\n<meta property=\"og:site_name\" content=\"GRUP ALIMENTARI DISTECO\" \/>\n<meta property=\"article:publisher\" content=\"https:\/\/www.facebook.com\/grupalimentaridisteco\/\" \/>\n<meta property=\"article:published_time\" content=\"2020-06-25T15:40:14+00:00\" \/>\n<meta property=\"article:modified_time\" content=\"2020-09-28T09:48:12+00:00\" \/>\n<meta property=\"og:image\" content=\"https:\/\/disteco.com\/wp-content\/uploads\/2020\/06\/aprovisionamiento-de-alimentos-mas-corto-y-flexible.jpg\" \/>\n\t<meta property=\"og:image:width\" content=\"1920\" \/>\n\t<meta property=\"og:image:height\" content=\"1271\" \/>\n\t<meta property=\"og:image:type\" content=\"image\/jpeg\" \/>\n<meta name=\"author\" content=\"GAD\" \/>\n<meta name=\"twitter:card\" content=\"summary_large_image\" \/>\n<meta name=\"twitter:creator\" content=\"@DistecoGrup\" \/>\n<meta name=\"twitter:site\" content=\"@DistecoGrup\" \/>\n<meta name=\"twitter:label1\" content=\"Escrit per\" \/>\n\t<meta name=\"twitter:data1\" content=\"GAD\" \/>\n\t<meta name=\"twitter:label2\" content=\"Temps estimat de lectura\" \/>\n\t<meta name=\"twitter:data2\" content=\"2 minut\" \/>\n<script type=\"application\/ld+json\" class=\"yoast-schema-graph\">{\"@context\":\"https:\/\/schema.org\",\"@graph\":[{\"@type\":\"Article\",\"@id\":\"https:\/\/disteco.com\/ca\/aprovisionament-daliments-mes-curt-i-flexible\/#article\",\"isPartOf\":{\"@id\":\"https:\/\/disteco.com\/ca\/aprovisionament-daliments-mes-curt-i-flexible\/\"},\"author\":{\"name\":\"GAD\",\"@id\":\"https:\/\/disteco.com\/ca\/#\/schema\/person\/4ea51f932b94228a72ce3c6332cfd3c0\"},\"headline\":\"Aprovisionament d&#8217;aliments m\u00e9s curt i flexible\",\"datePublished\":\"2020-06-25T15:40:14+00:00\",\"dateModified\":\"2020-09-28T09:48:12+00:00\",\"mainEntityOfPage\":{\"@id\":\"https:\/\/disteco.com\/ca\/aprovisionament-daliments-mes-curt-i-flexible\/\"},\"wordCount\":400,\"commentCount\":0,\"publisher\":{\"@id\":\"https:\/\/disteco.com\/ca\/#organization\"},\"image\":{\"@id\":\"https:\/\/disteco.com\/ca\/aprovisionament-daliments-mes-curt-i-flexible\/#primaryimage\"},\"thumbnailUrl\":\"https:\/\/disteco.com\/wp-content\/uploads\/2020\/06\/aprovisionamiento-de-alimentos-mas-corto-y-flexible.jpg\",\"keywords\":[\"alimentos de calidad\",\"aprovisionament d&#039;aliments\",\"distribuci\u00f3 alimentaria\",\"distribuci\u00f3n gourmet\",\"log\u00edstica de distribuci\u00f3\"],\"articleSection\":[\"\u00daltimes not\u00edcies\"],\"inLanguage\":\"ca\",\"potentialAction\":[{\"@type\":\"CommentAction\",\"name\":\"Comment\",\"target\":[\"https:\/\/disteco.com\/ca\/aprovisionament-daliments-mes-curt-i-flexible\/#respond\"]}]},{\"@type\":\"WebPage\",\"@id\":\"https:\/\/disteco.com\/ca\/aprovisionament-daliments-mes-curt-i-flexible\/\",\"url\":\"https:\/\/disteco.com\/ca\/aprovisionament-daliments-mes-curt-i-flexible\/\",\"name\":\"Aprovisionament d'aliments m\u00e9s curt i flexible - GADisteco\",\"isPartOf\":{\"@id\":\"https:\/\/disteco.com\/ca\/#website\"},\"primaryImageOfPage\":{\"@id\":\"https:\/\/disteco.com\/ca\/aprovisionament-daliments-mes-curt-i-flexible\/#primaryimage\"},\"image\":{\"@id\":\"https:\/\/disteco.com\/ca\/aprovisionament-daliments-mes-curt-i-flexible\/#primaryimage\"},\"thumbnailUrl\":\"https:\/\/disteco.com\/wp-content\/uploads\/2020\/06\/aprovisionamiento-de-alimentos-mas-corto-y-flexible.jpg\",\"datePublished\":\"2020-06-25T15:40:14+00:00\",\"dateModified\":\"2020-09-28T09:48:12+00:00\",\"description\":\"Per al sector d'alimentaci\u00f3, en la nova normalitat \u00e9s important disposar d'un model d'aprovisionament d'aliments m\u00e9s curt, integrat i flexible.\",\"breadcrumb\":{\"@id\":\"https:\/\/disteco.com\/ca\/aprovisionament-daliments-mes-curt-i-flexible\/#breadcrumb\"},\"inLanguage\":\"ca\",\"potentialAction\":[{\"@type\":\"ReadAction\",\"target\":[\"https:\/\/disteco.com\/ca\/aprovisionament-daliments-mes-curt-i-flexible\/\"]}]},{\"@type\":\"ImageObject\",\"inLanguage\":\"ca\",\"@id\":\"https:\/\/disteco.com\/ca\/aprovisionament-daliments-mes-curt-i-flexible\/#primaryimage\",\"url\":\"https:\/\/disteco.com\/wp-content\/uploads\/2020\/06\/aprovisionamiento-de-alimentos-mas-corto-y-flexible.jpg\",\"contentUrl\":\"https:\/\/disteco.com\/wp-content\/uploads\/2020\/06\/aprovisionamiento-de-alimentos-mas-corto-y-flexible.jpg\",\"width\":1920,\"height\":1271,\"caption\":\"Aprovisionamiento de alimentos m\u00e1s corto, integrado y flexible\"},{\"@type\":\"BreadcrumbList\",\"@id\":\"https:\/\/disteco.com\/ca\/aprovisionament-daliments-mes-curt-i-flexible\/#breadcrumb\",\"itemListElement\":[{\"@type\":\"ListItem\",\"position\":1,\"name\":\"Portada\",\"item\":\"https:\/\/disteco.com\/ca\/\"},{\"@type\":\"ListItem\",\"position\":2,\"name\":\"Aprovisionament d&#8217;aliments m\u00e9s curt i flexible\"}]},{\"@type\":\"WebSite\",\"@id\":\"https:\/\/disteco.com\/ca\/#website\",\"url\":\"https:\/\/disteco.com\/ca\/\",\"name\":\"GRUP ALIMENTARI DISTECO\",\"description\":\"Distribuci\u00f3 aliment\u00e0ria de productes d'alta qualitat\",\"publisher\":{\"@id\":\"https:\/\/disteco.com\/ca\/#organization\"},\"potentialAction\":[{\"@type\":\"SearchAction\",\"target\":{\"@type\":\"EntryPoint\",\"urlTemplate\":\"https:\/\/disteco.com\/ca\/?s={search_term_string}\"},\"query-input\":{\"@type\":\"PropertyValueSpecification\",\"valueRequired\":true,\"valueName\":\"search_term_string\"}}],\"inLanguage\":\"ca\"},{\"@type\":\"Organization\",\"@id\":\"https:\/\/disteco.com\/ca\/#organization\",\"name\":\"GRUP ALIMENTARI DISTECO\",\"url\":\"https:\/\/disteco.com\/ca\/\",\"logo\":{\"@type\":\"ImageObject\",\"inLanguage\":\"ca\",\"@id\":\"https:\/\/disteco.com\/ca\/#\/schema\/logo\/image\/\",\"url\":\"https:\/\/disteco.com\/wp-content\/uploads\/2017\/03\/logo-grup-alimentari-disteco.png\",\"contentUrl\":\"https:\/\/disteco.com\/wp-content\/uploads\/2017\/03\/logo-grup-alimentari-disteco.png\",\"width\":600,\"height\":61,\"caption\":\"GRUP ALIMENTARI DISTECO\"},\"image\":{\"@id\":\"https:\/\/disteco.com\/ca\/#\/schema\/logo\/image\/\"},\"sameAs\":[\"https:\/\/www.facebook.com\/grupalimentaridisteco\/\",\"https:\/\/x.com\/DistecoGrup\",\"https:\/\/www.instagram.com\/gadisteco\/\",\"https:\/\/www.linkedin.com\/company\/grup-alimentari-disteco\/\",\"https:\/\/www.youtube.com\/@grupalimentaridisteco572\"]},{\"@type\":\"Person\",\"@id\":\"https:\/\/disteco.com\/ca\/#\/schema\/person\/4ea51f932b94228a72ce3c6332cfd3c0\",\"name\":\"GAD\",\"image\":{\"@type\":\"ImageObject\",\"inLanguage\":\"ca\",\"@id\":\"https:\/\/disteco.com\/ca\/#\/schema\/person\/image\/\",\"url\":\"https:\/\/secure.gravatar.com\/avatar\/c03aafdc2e714d25acb2f145eda11ecc45ef17c5219efd6cfba9f6a37f404cfe?s=96&d=mm&r=g\",\"contentUrl\":\"https:\/\/secure.gravatar.com\/avatar\/c03aafdc2e714d25acb2f145eda11ecc45ef17c5219efd6cfba9f6a37f404cfe?s=96&d=mm&r=g\",\"caption\":\"GAD\"},\"url\":\"https:\/\/disteco.com\/ca\/author\/baraka\/\"}]}<\/script>\n<!-- \/ Yoast SEO plugin. -->","yoast_head_json":{"title":"Aprovisionament d'aliments m\u00e9s curt i flexible - GADisteco","description":"Per al sector d'alimentaci\u00f3, en la nova normalitat \u00e9s important disposar d'un model d'aprovisionament d'aliments m\u00e9s curt, integrat i flexible.","robots":{"index":"index","follow":"follow","max-snippet":"max-snippet:-1","max-image-preview":"max-image-preview:large","max-video-preview":"max-video-preview:-1"},"canonical":"https:\/\/disteco.com\/ca\/aprovisionament-daliments-mes-curt-i-flexible\/","og_locale":"ca_ES","og_type":"article","og_title":"Aprovisionament d'aliments m\u00e9s curt i flexible - GADisteco","og_description":"Per al sector d'alimentaci\u00f3, en la nova normalitat \u00e9s important disposar d'un model d'aprovisionament d'aliments m\u00e9s curt, integrat i flexible.","og_url":"https:\/\/disteco.com\/ca\/aprovisionament-daliments-mes-curt-i-flexible\/","og_site_name":"GRUP ALIMENTARI DISTECO","article_publisher":"https:\/\/www.facebook.com\/grupalimentaridisteco\/","article_published_time":"2020-06-25T15:40:14+00:00","article_modified_time":"2020-09-28T09:48:12+00:00","og_image":[{"width":1920,"height":1271,"url":"https:\/\/disteco.com\/wp-content\/uploads\/2020\/06\/aprovisionamiento-de-alimentos-mas-corto-y-flexible.jpg","type":"image\/jpeg"}],"author":"GAD","twitter_card":"summary_large_image","twitter_creator":"@DistecoGrup","twitter_site":"@DistecoGrup","twitter_misc":{"Escrit per":"GAD","Temps estimat de lectura":"2 minut"},"schema":{"@context":"https:\/\/schema.org","@graph":[{"@type":"Article","@id":"https:\/\/disteco.com\/ca\/aprovisionament-daliments-mes-curt-i-flexible\/#article","isPartOf":{"@id":"https:\/\/disteco.com\/ca\/aprovisionament-daliments-mes-curt-i-flexible\/"},"author":{"name":"GAD","@id":"https:\/\/disteco.com\/ca\/#\/schema\/person\/4ea51f932b94228a72ce3c6332cfd3c0"},"headline":"Aprovisionament d&#8217;aliments m\u00e9s curt i flexible","datePublished":"2020-06-25T15:40:14+00:00","dateModified":"2020-09-28T09:48:12+00:00","mainEntityOfPage":{"@id":"https:\/\/disteco.com\/ca\/aprovisionament-daliments-mes-curt-i-flexible\/"},"wordCount":400,"commentCount":0,"publisher":{"@id":"https:\/\/disteco.com\/ca\/#organization"},"image":{"@id":"https:\/\/disteco.com\/ca\/aprovisionament-daliments-mes-curt-i-flexible\/#primaryimage"},"thumbnailUrl":"https:\/\/disteco.com\/wp-content\/uploads\/2020\/06\/aprovisionamiento-de-alimentos-mas-corto-y-flexible.jpg","keywords":["alimentos de calidad","aprovisionament d&#039;aliments","distribuci\u00f3 alimentaria","distribuci\u00f3n gourmet","log\u00edstica de distribuci\u00f3"],"articleSection":["\u00daltimes not\u00edcies"],"inLanguage":"ca","potentialAction":[{"@type":"CommentAction","name":"Comment","target":["https:\/\/disteco.com\/ca\/aprovisionament-daliments-mes-curt-i-flexible\/#respond"]}]},{"@type":"WebPage","@id":"https:\/\/disteco.com\/ca\/aprovisionament-daliments-mes-curt-i-flexible\/","url":"https:\/\/disteco.com\/ca\/aprovisionament-daliments-mes-curt-i-flexible\/","name":"Aprovisionament d'aliments m\u00e9s curt i flexible - GADisteco","isPartOf":{"@id":"https:\/\/disteco.com\/ca\/#website"},"primaryImageOfPage":{"@id":"https:\/\/disteco.com\/ca\/aprovisionament-daliments-mes-curt-i-flexible\/#primaryimage"},"image":{"@id":"https:\/\/disteco.com\/ca\/aprovisionament-daliments-mes-curt-i-flexible\/#primaryimage"},"thumbnailUrl":"https:\/\/disteco.com\/wp-content\/uploads\/2020\/06\/aprovisionamiento-de-alimentos-mas-corto-y-flexible.jpg","datePublished":"2020-06-25T15:40:14+00:00","dateModified":"2020-09-28T09:48:12+00:00","description":"Per al sector d'alimentaci\u00f3, en la nova normalitat \u00e9s important disposar d'un model d'aprovisionament d'aliments m\u00e9s curt, integrat i flexible.","breadcrumb":{"@id":"https:\/\/disteco.com\/ca\/aprovisionament-daliments-mes-curt-i-flexible\/#breadcrumb"},"inLanguage":"ca","potentialAction":[{"@type":"ReadAction","target":["https:\/\/disteco.com\/ca\/aprovisionament-daliments-mes-curt-i-flexible\/"]}]},{"@type":"ImageObject","inLanguage":"ca","@id":"https:\/\/disteco.com\/ca\/aprovisionament-daliments-mes-curt-i-flexible\/#primaryimage","url":"https:\/\/disteco.com\/wp-content\/uploads\/2020\/06\/aprovisionamiento-de-alimentos-mas-corto-y-flexible.jpg","contentUrl":"https:\/\/disteco.com\/wp-content\/uploads\/2020\/06\/aprovisionamiento-de-alimentos-mas-corto-y-flexible.jpg","width":1920,"height":1271,"caption":"Aprovisionamiento de alimentos m\u00e1s corto, integrado y flexible"},{"@type":"BreadcrumbList","@id":"https:\/\/disteco.com\/ca\/aprovisionament-daliments-mes-curt-i-flexible\/#breadcrumb","itemListElement":[{"@type":"ListItem","position":1,"name":"Portada","item":"https:\/\/disteco.com\/ca\/"},{"@type":"ListItem","position":2,"name":"Aprovisionament d&#8217;aliments m\u00e9s curt i flexible"}]},{"@type":"WebSite","@id":"https:\/\/disteco.com\/ca\/#website","url":"https:\/\/disteco.com\/ca\/","name":"GRUP ALIMENTARI DISTECO","description":"Distribuci\u00f3 aliment\u00e0ria de productes d'alta qualitat","publisher":{"@id":"https:\/\/disteco.com\/ca\/#organization"},"potentialAction":[{"@type":"SearchAction","target":{"@type":"EntryPoint","urlTemplate":"https:\/\/disteco.com\/ca\/?s={search_term_string}"},"query-input":{"@type":"PropertyValueSpecification","valueRequired":true,"valueName":"search_term_string"}}],"inLanguage":"ca"},{"@type":"Organization","@id":"https:\/\/disteco.com\/ca\/#organization","name":"GRUP ALIMENTARI DISTECO","url":"https:\/\/disteco.com\/ca\/","logo":{"@type":"ImageObject","inLanguage":"ca","@id":"https:\/\/disteco.com\/ca\/#\/schema\/logo\/image\/","url":"https:\/\/disteco.com\/wp-content\/uploads\/2017\/03\/logo-grup-alimentari-disteco.png","contentUrl":"https:\/\/disteco.com\/wp-content\/uploads\/2017\/03\/logo-grup-alimentari-disteco.png","width":600,"height":61,"caption":"GRUP ALIMENTARI DISTECO"},"image":{"@id":"https:\/\/disteco.com\/ca\/#\/schema\/logo\/image\/"},"sameAs":["https:\/\/www.facebook.com\/grupalimentaridisteco\/","https:\/\/x.com\/DistecoGrup","https:\/\/www.instagram.com\/gadisteco\/","https:\/\/www.linkedin.com\/company\/grup-alimentari-disteco\/","https:\/\/www.youtube.com\/@grupalimentaridisteco572"]},{"@type":"Person","@id":"https:\/\/disteco.com\/ca\/#\/schema\/person\/4ea51f932b94228a72ce3c6332cfd3c0","name":"GAD","image":{"@type":"ImageObject","inLanguage":"ca","@id":"https:\/\/disteco.com\/ca\/#\/schema\/person\/image\/","url":"https:\/\/secure.gravatar.com\/avatar\/c03aafdc2e714d25acb2f145eda11ecc45ef17c5219efd6cfba9f6a37f404cfe?s=96&d=mm&r=g","contentUrl":"https:\/\/secure.gravatar.com\/avatar\/c03aafdc2e714d25acb2f145eda11ecc45ef17c5219efd6cfba9f6a37f404cfe?s=96&d=mm&r=g","caption":"GAD"},"url":"https:\/\/disteco.com\/ca\/author\/baraka\/"}]}},"_links":{"self":[{"href":"https:\/\/disteco.com\/ca\/wp-json\/wp\/v2\/posts\/212308","targetHints":{"allow":["GET"]}}],"collection":[{"href":"https:\/\/disteco.com\/ca\/wp-json\/wp\/v2\/posts"}],"about":[{"href":"https:\/\/disteco.com\/ca\/wp-json\/wp\/v2\/types\/post"}],"author":[{"embeddable":true,"href":"https:\/\/disteco.com\/ca\/wp-json\/wp\/v2\/users\/1"}],"replies":[{"embeddable":true,"href":"https:\/\/disteco.com\/ca\/wp-json\/wp\/v2\/comments?post=212308"}],"version-history":[{"count":4,"href":"https:\/\/disteco.com\/ca\/wp-json\/wp\/v2\/posts\/212308\/revisions"}],"predecessor-version":[{"id":212793,"href":"https:\/\/disteco.com\/ca\/wp-json\/wp\/v2\/posts\/212308\/revisions\/212793"}],"wp:featuredmedia":[{"embeddable":true,"href":"https:\/\/disteco.com\/ca\/wp-json\/wp\/v2\/media\/212284"}],"wp:attachment":[{"href":"https:\/\/disteco.com\/ca\/wp-json\/wp\/v2\/media?parent=212308"}],"wp:term":[{"taxonomy":"category","embeddable":true,"href":"https:\/\/disteco.com\/ca\/wp-json\/wp\/v2\/categories?post=212308"},{"taxonomy":"post_tag","embeddable":true,"href":"https:\/\/disteco.com\/ca\/wp-json\/wp\/v2\/tags?post=212308"}],"curies":[{"name":"wp","href":"https:\/\/api.w.org\/{rel}","templated":true}]}}