{"id":212133,"date":"2026-04-21T10:55:00","date_gmt":"2026-04-21T10:55:00","guid":{"rendered":"https:\/\/disteco.com\/?p=212133"},"modified":"2026-04-30T14:47:04","modified_gmt":"2026-04-30T14:47:04","slug":"bons-habits-alimentaris-per-als-adolescents","status":"publish","type":"post","link":"https:\/\/disteco.com\/ca\/bons-habits-alimentaris-per-als-adolescents\/","title":{"rendered":"Bons h\u00e0bits alimentaris per als adolescents"},"content":{"rendered":"\n<figure class=\"wp-block-image\"><img loading=\"lazy\" decoding=\"async\" width=\"1024\" height=\"683\" src=\"https:\/\/disteco.com\/wp-content\/uploads\/2021\/05\/buenos-habitos-alimentarios-para-adolescentes-1024x683.jpg\" alt=\"Bons h&#xE0;bits alimentaris per als adolescents\" class=\"wp-image-212127\" srcset=\"https:\/\/disteco.com\/wp-content\/uploads\/2021\/05\/buenos-habitos-alimentarios-para-adolescentes-980x653.jpg 980w, https:\/\/disteco.com\/wp-content\/uploads\/2021\/05\/buenos-habitos-alimentarios-para-adolescentes-480x320.jpg 480w\" sizes=\"(min-width: 0px) and (max-width: 480px) 480px, (min-width: 481px) and (max-width: 980px) 980px, (min-width: 981px) 1024px, 100vw\" \/><\/figure>\n<h6><span style=\"color: #cc0000;\"><em><strong>Bons h\u00e0bits alimentaris per als adolescents<\/strong><\/em><\/span><\/h6>\n<h1> <\/h1>\n<h1 data-section-id=\"o89so0\" data-start=\"0\" data-end=\"74\">Bons h\u00e0bits alimentaris en adolescents: guia pr\u00e0ctica per a fam\u00edlies<\/h1>\n<p data-start=\"76\" data-end=\"409\">L&#8217;adolesc\u00e8ncia \u00e9s una etapa decisiva per consolidar rutines que influeixen directament a la salut present i futura. En un context on el consum de snacks, begudes ensucrades i menjars r\u00e0pids \u00e9s cada cop m\u00e9s habitual, resulta fonamental refor\u00e7ar des de l&#8217;entorn familiar uns h\u00e0bits alimentaris equilibrats i sostenibles. <\/p>\n<h2 data-section-id=\"1xptnl2\" data-start=\"411\" data-end=\"479\">La import\u00e0ncia d&#8217;una alimentaci\u00f3 equilibrada a l&#8217;adolesc\u00e8ncia<\/h2>\n<p data-start=\"481\" data-end=\"739\">Entre els 12 i els 20 anys, l&#8217;organisme experimenta un creixement accelerat, tant f\u00edsic com hormonalment. Aix\u00f2 implica una demanda energ\u00e8tica m\u00e9s gran, per\u00f2 sobretot una necessitat de nutrients de qualitat: <a href=\"https:\/\/disteco.com\/ca\/las-proteinas-en-una-alimentacion-saludable\/\" target=\"_blank\" rel=\"noopener\">prote\u00efnes<\/a>, vitamines i minerals essencials. <\/p>\n<p data-start=\"741\" data-end=\"1049\">Una alimentaci\u00f3 inadequada en aquesta etapa no nom\u00e9s afecta el rendiment f\u00edsic i acad\u00e8mic, sin\u00f3 que tamb\u00e9 pot afavorir l&#8217;aparici\u00f3 de trastorns com l&#8217;obesitat o les alteracions de la conducta aliment\u00e0ria, entre elles la <span class=\"hover:entity-accent entity-underline inline cursor-pointer align-baseline\"><span class=\"whitespace-normal\">Anor\u00e8xia nerviosa<\/span><\/span> i la <span class=\"hover:entity-accent entity-underline inline cursor-pointer align-baseline\"><span class=\"whitespace-normal\">Bul\u00edmia nerviosa<\/span><\/span>.<\/p>\n<h2 data-section-id=\"3j8iym\" data-start=\"1051\" data-end=\"1114\">Claus per millorar els h\u00e0bits alimentaris en adolescents<\/h2>\n<p data-start=\"1116\" data-end=\"1279\"><strong data-start=\"1116\" data-end=\"1149\">Establir horaris regulars<\/strong> Mantenir una rutina de menjars ajuda a evitar la pica-pica constant i afavoreix una relaci\u00f3 m\u00e9s equilibrada amb l&#8217;alimentaci\u00f3.<\/p>\n<p data-start=\"1281\" data-end=\"1521\"><strong data-start=\"1281\" data-end=\"1325\">Disposeu d&#8217;aliments saludables a casa<\/strong><br \/>\u00c9s fonamental comptar amb opcions nutritives i accessibles com a fruites, iogurts, fruits secs, batuts naturals o entrepans equilibrats. La disponibilitat condiciona directament el consum. <\/p>\n<p data-start=\"1523\" data-end=\"1724\"><strong data-start=\"1523\" data-end=\"1545\">Tenir cura de l&#8217;esmorzar<\/strong><br \/>L&#8217;esmorzar ha de ser complet i equilibrat, incloent-hi fruita, cereals integrals i lactis. A m\u00e9s, compartir aquest moment en fam\u00edlia contribueix a refor\u00e7ar h\u00e0bits positius. <\/p>\n<p data-start=\"1726\" data-end=\"1908\"><strong data-start=\"1726\" data-end=\"1758\">Fomentar l&#8217;activitat f\u00edsica<\/strong><br \/>L&#8217;exercici regular \u00e9s un complement imprescindible per a una vida saludable, afavorint tant el desenvolupament f\u00edsic com el benestar emocional.<\/p>\n<h2 data-section-id=\"1bghhfh\" data-start=\"1910\" data-end=\"1948\">Nutrients essencials en aquesta etapa<\/h2>\n<p data-start=\"1950\" data-end=\"2144\"><strong data-start=\"1950\" data-end=\"1960\">Ferro<\/strong><br \/>\u00c9s un mineral clau, especialment en adolescents. Es troba en carns vermelles, llegums i alguns embotits. La seva absorci\u00f3 millora si es combina amb aliments rics en vitamina C.  <\/p>\n<p data-start=\"2146\" data-end=\"2342\"><strong data-start=\"2146\" data-end=\"2156\">Calci<\/strong><br \/>Fonamental per al desenvolupament del sistema ossi. Durant l&#8217;adolesc\u00e8ncia, les necessitats de calci s\u00f3n significativament m\u00e9s altes. Les principals aportacions provenen dels lactis.  <\/p>\n<p data-start=\"2344\" data-end=\"2499\"><strong data-start=\"2344\" data-end=\"2352\">Zinc<\/strong><br \/>Important per al creixement, la regeneraci\u00f3 cel\u00b7lular i el sistema immunitari. \u00c9s present en llavors, fruits secs i cereals integrals. <\/p>\n<h2 data-section-id=\"6b0lv7\" data-start=\"2501\" data-end=\"2520\">H\u00e0bits a evitar<\/h2>\n<p data-start=\"2522\" data-end=\"2765\">Conv\u00e9 limitar el consum de productes ultraprocessats, brioixeria industrial, begudes ensucrades i menjar r\u00e0pid. Aquests aliments aporten un alt contingut cal\u00f2ric amb baix valor nutricional, cosa que pot afectar negativament el desenvolupament. <\/p>\n<h2 data-section-id=\"158yxqb\" data-start=\"2767\" data-end=\"2804\">El paper de la qualitat aliment\u00e0ria<\/h2>\n<p data-start=\"2806\" data-end=\"3012\">A <a href=\"https:\/\/disteco.com\/ca\/\" target=\"_blank\" rel=\"noopener\">Grup Alimentari <span class=\"hover:entity-accent entity-underline inline cursor-pointer align-baseline\"><span class=\"whitespace-normal\">Disteco<\/span><\/span><\/a> treballem per garantir que els comer\u00e7os disposin de productes alimentaris de m\u00e0xima qualitat, tot facilitant l&#8217;acc\u00e9s a opcions saludables per a tota la fam\u00edlia.<\/p>\n<p data-start=\"3014\" data-end=\"3279\" data-is-last-node=\"\" data-is-only-node=\"\">Fomentar bons h\u00e0bits alimentaris en adolescents no requereix canvis dr\u00e0stics, sin\u00f3 const\u00e0ncia, educaci\u00f3 i acc\u00e9s a aliments adequats. Invertir en una alimentaci\u00f3 equilibrada durant aquesta etapa \u00e9s clau per assegurar una millor qualitat de vida en el futur. <\/p>\n","protected":false},"excerpt":{"rendered":"<p>L&#8217;adolesc\u00e8ncia \u00e9s una etapa decisiva per consolidar rutines que influeixen directament a la salut present i futura.<\/p>\n","protected":false},"author":1,"featured_media":212128,"comment_status":"open","ping_status":"open","sticky":false,"template":"","format":"image","meta":{"_et_pb_use_builder":"off","_et_pb_old_content":"","_et_gb_content_width":"","footnotes":""},"categories":[43],"tags":[122,239,117],"class_list":["post-212133","post","type-post","status-publish","format-image","has-post-thumbnail","hentry","category-ultimes-noticies","tag-alimentacio-saludable","tag-aliments-de-qualitat","tag-distribucio-alimentaria","post_format-post-format-image"],"yoast_head":"<!-- This site is optimized with the Yoast SEO plugin v26.9 - https:\/\/yoast.com\/product\/yoast-seo-wordpress\/ -->\n<title>Bons h\u00e0bits alimentaris per als adolescents - GADisteco<\/title>\n<meta name=\"description\" content=\"H\u00e0bits alimentaris en adolescents: claus per a una nutrici\u00f3 equilibrada, millorar rutines i afavorir-ne el creixement i la salut di\u00e0ria.\" \/>\n<meta name=\"robots\" content=\"index, follow, max-snippet:-1, max-image-preview:large, max-video-preview:-1\" \/>\n<link rel=\"canonical\" href=\"https:\/\/disteco.com\/ca\/bons-habits-alimentaris-per-als-adolescents\/\" \/>\n<meta property=\"og:locale\" content=\"ca_ES\" \/>\n<meta property=\"og:type\" content=\"article\" \/>\n<meta property=\"og:title\" content=\"Bons h\u00e0bits alimentaris per als adolescents - GADisteco\" \/>\n<meta property=\"og:description\" content=\"H\u00e0bits alimentaris en adolescents: claus per a una nutrici\u00f3 equilibrada, millorar rutines i afavorir-ne el creixement i la salut di\u00e0ria.\" \/>\n<meta property=\"og:url\" content=\"https:\/\/disteco.com\/ca\/bons-habits-alimentaris-per-als-adolescents\/\" \/>\n<meta property=\"og:site_name\" content=\"GRUP ALIMENTARI DISTECO\" \/>\n<meta property=\"article:publisher\" content=\"https:\/\/www.facebook.com\/grupalimentaridisteco\/\" \/>\n<meta property=\"article:published_time\" content=\"2026-04-21T10:55:00+00:00\" \/>\n<meta property=\"article:modified_time\" content=\"2026-04-30T14:47:04+00:00\" \/>\n<meta property=\"og:image\" content=\"https:\/\/disteco.com\/wp-content\/uploads\/2021\/05\/buenos-habitos-alimentarios-para-adolescentes.jpg\" \/>\n\t<meta property=\"og:image:width\" content=\"1920\" \/>\n\t<meta property=\"og:image:height\" content=\"1280\" \/>\n\t<meta property=\"og:image:type\" content=\"image\/jpeg\" \/>\n<meta name=\"author\" content=\"GAD\" \/>\n<meta name=\"twitter:card\" content=\"summary_large_image\" \/>\n<meta name=\"twitter:creator\" content=\"@DistecoGrup\" \/>\n<meta name=\"twitter:site\" content=\"@DistecoGrup\" \/>\n<meta name=\"twitter:label1\" content=\"Escrit per\" \/>\n\t<meta name=\"twitter:data1\" content=\"GAD\" \/>\n\t<meta name=\"twitter:label2\" content=\"Temps estimat de lectura\" \/>\n\t<meta name=\"twitter:data2\" content=\"3 minut\" \/>\n<script type=\"application\/ld+json\" class=\"yoast-schema-graph\">{\"@context\":\"https:\/\/schema.org\",\"@graph\":[{\"@type\":\"Article\",\"@id\":\"https:\/\/disteco.com\/ca\/bons-habits-alimentaris-per-als-adolescents\/#article\",\"isPartOf\":{\"@id\":\"https:\/\/disteco.com\/ca\/bons-habits-alimentaris-per-als-adolescents\/\"},\"author\":{\"name\":\"GAD\",\"@id\":\"https:\/\/disteco.com\/ca\/#\/schema\/person\/4ea51f932b94228a72ce3c6332cfd3c0\"},\"headline\":\"Bons h\u00e0bits alimentaris per als adolescents\",\"datePublished\":\"2026-04-21T10:55:00+00:00\",\"dateModified\":\"2026-04-30T14:47:04+00:00\",\"mainEntityOfPage\":{\"@id\":\"https:\/\/disteco.com\/ca\/bons-habits-alimentaris-per-als-adolescents\/\"},\"wordCount\":511,\"commentCount\":0,\"publisher\":{\"@id\":\"https:\/\/disteco.com\/ca\/#organization\"},\"image\":{\"@id\":\"https:\/\/disteco.com\/ca\/bons-habits-alimentaris-per-als-adolescents\/#primaryimage\"},\"thumbnailUrl\":\"https:\/\/disteco.com\/wp-content\/uploads\/2021\/05\/buenos-habitos-alimentarios-para-adolescentes.jpg\",\"keywords\":[\"alimentaci\u00f3 saludable\",\"aliments de qualitat\",\"distribuci\u00f3 alimentaria\"],\"articleSection\":[\"\u00daltimes not\u00edcies\"],\"inLanguage\":\"ca\",\"potentialAction\":[{\"@type\":\"CommentAction\",\"name\":\"Comment\",\"target\":[\"https:\/\/disteco.com\/ca\/bons-habits-alimentaris-per-als-adolescents\/#respond\"]}]},{\"@type\":\"WebPage\",\"@id\":\"https:\/\/disteco.com\/ca\/bons-habits-alimentaris-per-als-adolescents\/\",\"url\":\"https:\/\/disteco.com\/ca\/bons-habits-alimentaris-per-als-adolescents\/\",\"name\":\"Bons h\u00e0bits alimentaris per als adolescents - GADisteco\",\"isPartOf\":{\"@id\":\"https:\/\/disteco.com\/ca\/#website\"},\"primaryImageOfPage\":{\"@id\":\"https:\/\/disteco.com\/ca\/bons-habits-alimentaris-per-als-adolescents\/#primaryimage\"},\"image\":{\"@id\":\"https:\/\/disteco.com\/ca\/bons-habits-alimentaris-per-als-adolescents\/#primaryimage\"},\"thumbnailUrl\":\"https:\/\/disteco.com\/wp-content\/uploads\/2021\/05\/buenos-habitos-alimentarios-para-adolescentes.jpg\",\"datePublished\":\"2026-04-21T10:55:00+00:00\",\"dateModified\":\"2026-04-30T14:47:04+00:00\",\"description\":\"H\u00e0bits alimentaris en adolescents: claus per a una nutrici\u00f3 equilibrada, millorar rutines i afavorir-ne el creixement i la salut di\u00e0ria.\",\"breadcrumb\":{\"@id\":\"https:\/\/disteco.com\/ca\/bons-habits-alimentaris-per-als-adolescents\/#breadcrumb\"},\"inLanguage\":\"ca\",\"potentialAction\":[{\"@type\":\"ReadAction\",\"target\":[\"https:\/\/disteco.com\/ca\/bons-habits-alimentaris-per-als-adolescents\/\"]}]},{\"@type\":\"ImageObject\",\"inLanguage\":\"ca\",\"@id\":\"https:\/\/disteco.com\/ca\/bons-habits-alimentaris-per-als-adolescents\/#primaryimage\",\"url\":\"https:\/\/disteco.com\/wp-content\/uploads\/2021\/05\/buenos-habitos-alimentarios-para-adolescentes.jpg\",\"contentUrl\":\"https:\/\/disteco.com\/wp-content\/uploads\/2021\/05\/buenos-habitos-alimentarios-para-adolescentes.jpg\",\"width\":1920,\"height\":1280,\"caption\":\"Buenos h\u00e1bitos alimentarios para adolescentes\"},{\"@type\":\"BreadcrumbList\",\"@id\":\"https:\/\/disteco.com\/ca\/bons-habits-alimentaris-per-als-adolescents\/#breadcrumb\",\"itemListElement\":[{\"@type\":\"ListItem\",\"position\":1,\"name\":\"Portada\",\"item\":\"https:\/\/disteco.com\/ca\/\"},{\"@type\":\"ListItem\",\"position\":2,\"name\":\"Bons h\u00e0bits alimentaris per als adolescents\"}]},{\"@type\":\"WebSite\",\"@id\":\"https:\/\/disteco.com\/ca\/#website\",\"url\":\"https:\/\/disteco.com\/ca\/\",\"name\":\"GRUP ALIMENTARI DISTECO\",\"description\":\"Distribuci\u00f3 aliment\u00e0ria de productes d'alta qualitat\",\"publisher\":{\"@id\":\"https:\/\/disteco.com\/ca\/#organization\"},\"potentialAction\":[{\"@type\":\"SearchAction\",\"target\":{\"@type\":\"EntryPoint\",\"urlTemplate\":\"https:\/\/disteco.com\/ca\/?s={search_term_string}\"},\"query-input\":{\"@type\":\"PropertyValueSpecification\",\"valueRequired\":true,\"valueName\":\"search_term_string\"}}],\"inLanguage\":\"ca\"},{\"@type\":\"Organization\",\"@id\":\"https:\/\/disteco.com\/ca\/#organization\",\"name\":\"GRUP ALIMENTARI DISTECO\",\"url\":\"https:\/\/disteco.com\/ca\/\",\"logo\":{\"@type\":\"ImageObject\",\"inLanguage\":\"ca\",\"@id\":\"https:\/\/disteco.com\/ca\/#\/schema\/logo\/image\/\",\"url\":\"https:\/\/disteco.com\/wp-content\/uploads\/2017\/03\/logo-grup-alimentari-disteco.png\",\"contentUrl\":\"https:\/\/disteco.com\/wp-content\/uploads\/2017\/03\/logo-grup-alimentari-disteco.png\",\"width\":600,\"height\":61,\"caption\":\"GRUP ALIMENTARI DISTECO\"},\"image\":{\"@id\":\"https:\/\/disteco.com\/ca\/#\/schema\/logo\/image\/\"},\"sameAs\":[\"https:\/\/www.facebook.com\/grupalimentaridisteco\/\",\"https:\/\/x.com\/DistecoGrup\",\"https:\/\/www.instagram.com\/gadisteco\/\",\"https:\/\/www.linkedin.com\/company\/grup-alimentari-disteco\/\",\"https:\/\/www.youtube.com\/@grupalimentaridisteco572\"]},{\"@type\":\"Person\",\"@id\":\"https:\/\/disteco.com\/ca\/#\/schema\/person\/4ea51f932b94228a72ce3c6332cfd3c0\",\"name\":\"GAD\",\"image\":{\"@type\":\"ImageObject\",\"inLanguage\":\"ca\",\"@id\":\"https:\/\/disteco.com\/ca\/#\/schema\/person\/image\/\",\"url\":\"https:\/\/secure.gravatar.com\/avatar\/c03aafdc2e714d25acb2f145eda11ecc45ef17c5219efd6cfba9f6a37f404cfe?s=96&d=mm&r=g\",\"contentUrl\":\"https:\/\/secure.gravatar.com\/avatar\/c03aafdc2e714d25acb2f145eda11ecc45ef17c5219efd6cfba9f6a37f404cfe?s=96&d=mm&r=g\",\"caption\":\"GAD\"},\"url\":\"https:\/\/disteco.com\/ca\/author\/baraka\/\"}]}<\/script>\n<!-- \/ Yoast SEO plugin. -->","yoast_head_json":{"title":"Bons h\u00e0bits alimentaris per als adolescents - GADisteco","description":"H\u00e0bits alimentaris en adolescents: claus per a una nutrici\u00f3 equilibrada, millorar rutines i afavorir-ne el creixement i la salut di\u00e0ria.","robots":{"index":"index","follow":"follow","max-snippet":"max-snippet:-1","max-image-preview":"max-image-preview:large","max-video-preview":"max-video-preview:-1"},"canonical":"https:\/\/disteco.com\/ca\/bons-habits-alimentaris-per-als-adolescents\/","og_locale":"ca_ES","og_type":"article","og_title":"Bons h\u00e0bits alimentaris per als adolescents - GADisteco","og_description":"H\u00e0bits alimentaris en adolescents: claus per a una nutrici\u00f3 equilibrada, millorar rutines i afavorir-ne el creixement i la salut di\u00e0ria.","og_url":"https:\/\/disteco.com\/ca\/bons-habits-alimentaris-per-als-adolescents\/","og_site_name":"GRUP ALIMENTARI DISTECO","article_publisher":"https:\/\/www.facebook.com\/grupalimentaridisteco\/","article_published_time":"2026-04-21T10:55:00+00:00","article_modified_time":"2026-04-30T14:47:04+00:00","og_image":[{"width":1920,"height":1280,"url":"https:\/\/disteco.com\/wp-content\/uploads\/2021\/05\/buenos-habitos-alimentarios-para-adolescentes.jpg","type":"image\/jpeg"}],"author":"GAD","twitter_card":"summary_large_image","twitter_creator":"@DistecoGrup","twitter_site":"@DistecoGrup","twitter_misc":{"Escrit per":"GAD","Temps estimat de lectura":"3 minut"},"schema":{"@context":"https:\/\/schema.org","@graph":[{"@type":"Article","@id":"https:\/\/disteco.com\/ca\/bons-habits-alimentaris-per-als-adolescents\/#article","isPartOf":{"@id":"https:\/\/disteco.com\/ca\/bons-habits-alimentaris-per-als-adolescents\/"},"author":{"name":"GAD","@id":"https:\/\/disteco.com\/ca\/#\/schema\/person\/4ea51f932b94228a72ce3c6332cfd3c0"},"headline":"Bons h\u00e0bits alimentaris per als adolescents","datePublished":"2026-04-21T10:55:00+00:00","dateModified":"2026-04-30T14:47:04+00:00","mainEntityOfPage":{"@id":"https:\/\/disteco.com\/ca\/bons-habits-alimentaris-per-als-adolescents\/"},"wordCount":511,"commentCount":0,"publisher":{"@id":"https:\/\/disteco.com\/ca\/#organization"},"image":{"@id":"https:\/\/disteco.com\/ca\/bons-habits-alimentaris-per-als-adolescents\/#primaryimage"},"thumbnailUrl":"https:\/\/disteco.com\/wp-content\/uploads\/2021\/05\/buenos-habitos-alimentarios-para-adolescentes.jpg","keywords":["alimentaci\u00f3 saludable","aliments de qualitat","distribuci\u00f3 alimentaria"],"articleSection":["\u00daltimes not\u00edcies"],"inLanguage":"ca","potentialAction":[{"@type":"CommentAction","name":"Comment","target":["https:\/\/disteco.com\/ca\/bons-habits-alimentaris-per-als-adolescents\/#respond"]}]},{"@type":"WebPage","@id":"https:\/\/disteco.com\/ca\/bons-habits-alimentaris-per-als-adolescents\/","url":"https:\/\/disteco.com\/ca\/bons-habits-alimentaris-per-als-adolescents\/","name":"Bons h\u00e0bits alimentaris per als adolescents - GADisteco","isPartOf":{"@id":"https:\/\/disteco.com\/ca\/#website"},"primaryImageOfPage":{"@id":"https:\/\/disteco.com\/ca\/bons-habits-alimentaris-per-als-adolescents\/#primaryimage"},"image":{"@id":"https:\/\/disteco.com\/ca\/bons-habits-alimentaris-per-als-adolescents\/#primaryimage"},"thumbnailUrl":"https:\/\/disteco.com\/wp-content\/uploads\/2021\/05\/buenos-habitos-alimentarios-para-adolescentes.jpg","datePublished":"2026-04-21T10:55:00+00:00","dateModified":"2026-04-30T14:47:04+00:00","description":"H\u00e0bits alimentaris en adolescents: claus per a una nutrici\u00f3 equilibrada, millorar rutines i afavorir-ne el creixement i la salut di\u00e0ria.","breadcrumb":{"@id":"https:\/\/disteco.com\/ca\/bons-habits-alimentaris-per-als-adolescents\/#breadcrumb"},"inLanguage":"ca","potentialAction":[{"@type":"ReadAction","target":["https:\/\/disteco.com\/ca\/bons-habits-alimentaris-per-als-adolescents\/"]}]},{"@type":"ImageObject","inLanguage":"ca","@id":"https:\/\/disteco.com\/ca\/bons-habits-alimentaris-per-als-adolescents\/#primaryimage","url":"https:\/\/disteco.com\/wp-content\/uploads\/2021\/05\/buenos-habitos-alimentarios-para-adolescentes.jpg","contentUrl":"https:\/\/disteco.com\/wp-content\/uploads\/2021\/05\/buenos-habitos-alimentarios-para-adolescentes.jpg","width":1920,"height":1280,"caption":"Buenos h\u00e1bitos alimentarios para adolescentes"},{"@type":"BreadcrumbList","@id":"https:\/\/disteco.com\/ca\/bons-habits-alimentaris-per-als-adolescents\/#breadcrumb","itemListElement":[{"@type":"ListItem","position":1,"name":"Portada","item":"https:\/\/disteco.com\/ca\/"},{"@type":"ListItem","position":2,"name":"Bons h\u00e0bits alimentaris per als adolescents"}]},{"@type":"WebSite","@id":"https:\/\/disteco.com\/ca\/#website","url":"https:\/\/disteco.com\/ca\/","name":"GRUP ALIMENTARI DISTECO","description":"Distribuci\u00f3 aliment\u00e0ria de productes d'alta qualitat","publisher":{"@id":"https:\/\/disteco.com\/ca\/#organization"},"potentialAction":[{"@type":"SearchAction","target":{"@type":"EntryPoint","urlTemplate":"https:\/\/disteco.com\/ca\/?s={search_term_string}"},"query-input":{"@type":"PropertyValueSpecification","valueRequired":true,"valueName":"search_term_string"}}],"inLanguage":"ca"},{"@type":"Organization","@id":"https:\/\/disteco.com\/ca\/#organization","name":"GRUP ALIMENTARI DISTECO","url":"https:\/\/disteco.com\/ca\/","logo":{"@type":"ImageObject","inLanguage":"ca","@id":"https:\/\/disteco.com\/ca\/#\/schema\/logo\/image\/","url":"https:\/\/disteco.com\/wp-content\/uploads\/2017\/03\/logo-grup-alimentari-disteco.png","contentUrl":"https:\/\/disteco.com\/wp-content\/uploads\/2017\/03\/logo-grup-alimentari-disteco.png","width":600,"height":61,"caption":"GRUP ALIMENTARI DISTECO"},"image":{"@id":"https:\/\/disteco.com\/ca\/#\/schema\/logo\/image\/"},"sameAs":["https:\/\/www.facebook.com\/grupalimentaridisteco\/","https:\/\/x.com\/DistecoGrup","https:\/\/www.instagram.com\/gadisteco\/","https:\/\/www.linkedin.com\/company\/grup-alimentari-disteco\/","https:\/\/www.youtube.com\/@grupalimentaridisteco572"]},{"@type":"Person","@id":"https:\/\/disteco.com\/ca\/#\/schema\/person\/4ea51f932b94228a72ce3c6332cfd3c0","name":"GAD","image":{"@type":"ImageObject","inLanguage":"ca","@id":"https:\/\/disteco.com\/ca\/#\/schema\/person\/image\/","url":"https:\/\/secure.gravatar.com\/avatar\/c03aafdc2e714d25acb2f145eda11ecc45ef17c5219efd6cfba9f6a37f404cfe?s=96&d=mm&r=g","contentUrl":"https:\/\/secure.gravatar.com\/avatar\/c03aafdc2e714d25acb2f145eda11ecc45ef17c5219efd6cfba9f6a37f404cfe?s=96&d=mm&r=g","caption":"GAD"},"url":"https:\/\/disteco.com\/ca\/author\/baraka\/"}]}},"_links":{"self":[{"href":"https:\/\/disteco.com\/ca\/wp-json\/wp\/v2\/posts\/212133","targetHints":{"allow":["GET"]}}],"collection":[{"href":"https:\/\/disteco.com\/ca\/wp-json\/wp\/v2\/posts"}],"about":[{"href":"https:\/\/disteco.com\/ca\/wp-json\/wp\/v2\/types\/post"}],"author":[{"embeddable":true,"href":"https:\/\/disteco.com\/ca\/wp-json\/wp\/v2\/users\/1"}],"replies":[{"embeddable":true,"href":"https:\/\/disteco.com\/ca\/wp-json\/wp\/v2\/comments?post=212133"}],"version-history":[{"count":6,"href":"https:\/\/disteco.com\/ca\/wp-json\/wp\/v2\/posts\/212133\/revisions"}],"predecessor-version":[{"id":258431,"href":"https:\/\/disteco.com\/ca\/wp-json\/wp\/v2\/posts\/212133\/revisions\/258431"}],"wp:featuredmedia":[{"embeddable":true,"href":"https:\/\/disteco.com\/ca\/wp-json\/wp\/v2\/media\/212128"}],"wp:attachment":[{"href":"https:\/\/disteco.com\/ca\/wp-json\/wp\/v2\/media?parent=212133"}],"wp:term":[{"taxonomy":"category","embeddable":true,"href":"https:\/\/disteco.com\/ca\/wp-json\/wp\/v2\/categories?post=212133"},{"taxonomy":"post_tag","embeddable":true,"href":"https:\/\/disteco.com\/ca\/wp-json\/wp\/v2\/tags?post=212133"}],"curies":[{"name":"wp","href":"https:\/\/api.w.org\/{rel}","templated":true}]}}