{"id":212117,"date":"2020-04-27T05:10:48","date_gmt":"2020-04-27T05:10:48","guid":{"rendered":"https:\/\/disteco.com\/?p=212117"},"modified":"2020-05-07T11:18:51","modified_gmt":"2020-05-07T11:18:51","slug":"dieta-durant-el-confinament","status":"publish","type":"post","link":"https:\/\/disteco.com\/ca\/dieta-durant-el-confinament\/","title":{"rendered":"Dieta durant el confinament"},"content":{"rendered":"\n<figure class=\"wp-block-image\"><img loading=\"lazy\" decoding=\"async\" width=\"1024\" height=\"708\" src=\"https:\/\/disteco.com\/wp-content\/uploads\/2020\/04\/dieta-durante-el-confinamiento-1024x708.jpg\" alt=\"\" class=\"wp-image-212102\" srcset=\"https:\/\/disteco.com\/wp-content\/uploads\/2020\/04\/dieta-durante-el-confinamiento-980x677.jpg 980w, https:\/\/disteco.com\/wp-content\/uploads\/2020\/04\/dieta-durante-el-confinamiento-480x332.jpg 480w\" sizes=\"(min-width: 0px) and (max-width: 480px) 480px, (min-width: 481px) and (max-width: 980px) 980px, (min-width: 981px) 1024px, 100vw\" \/><\/figure>\n\n\n<h6><span style=\"color: #cc0000;\"><em><strong>Dieta durant el confinament<\/strong><\/em><\/span><\/h6>\n<h1>\u00a0<\/h1>\n<p>\u00a0<\/p>\n<h1><strong>Una dieta sana durant el confinament\u00a0<\/strong><\/h1>\n<blockquote>\n<h2><strong>Revisar la nostra alimentaci\u00f3 en relaci\u00f3 amb l&#8217;activitat f\u00edsica \u00e9s una mica de hem de fer constantment, per\u00f2, la dieta durant el confinament es torna tot un desafiament.<\/strong><\/h2>\n<\/blockquote>\n<p><a href=\"\/?p=208664\" target=\"_blank\" rel=\"noopener noreferrer\"><strong>La quantitat de nutrients que ingerim di\u00e0riament estan en harmonia amb les nostres activitats di\u00e0ries<\/strong><\/a>, per la qual cosa sempre \u00e9s important considerar la qualitat dels aliments a l&#8217;hora de definir qu\u00e8 mengem.<\/p>\n<blockquote>\n<h4>Com en aquestes setmanes, del que s&#8217;ha anomenat comunament quarantena pel brot de COVID19, l&#8217;activitat corporal ha baixat bastant i, per tant, la ingesta d&#8217;aliments s&#8217;ha de revisar.<\/h4>\n<\/blockquote>\n<p>Aquells xocolates, greixos, farines i sucres que normalment pren\u00edem, ara han de restringir una mica m\u00e9s; per\u00f2 no es tracta nom\u00e9s d&#8217;evitar, sin\u00f3 tamb\u00e9 d&#8217;incorporar aliments acolorits i nutritius.<\/p>\n<p>\u00a0<\/p>\n<h3>Una alimentaci\u00f3 sana per la rutina en quarantena<\/h3>\n<p>Ja has escoltat que resulta de vital import\u00e0ncia, per evitar l&#8217;angoixa i l&#8217;estr\u00e8s de l&#8217;confinament, organitzar els teus horaris per generar una rutina di\u00e0ria i setmanal.<\/p>\n<p>De la mateixa manera que incorpores en aquesta rutina un exercici o s\u00e8ries de moviment per mantenir una dosi d&#8217;activitat f\u00edsica controlada, \u00e9s important que portar una rutina d&#8217;aliments incorporant di\u00e0riament:<\/p>\n<ul>\n<li><strong>Fibra:<\/strong> verificant que les ingestes d&#8217;aliments al llarg del dia continguin suficient, sobretot a partir de fruites i verdures crues o cuites.<\/li>\n<li><strong>Prote\u00efnes:<\/strong> verificant que consumeixes la quantitat ajustada a les teves necessitats di\u00e0ries, ja que s\u00f3n les que s&#8217;encarreguen d&#8217;alimentar les c\u00e8l\u00b7lules i reparar el cos. Les incorpores f\u00e0cilment i r\u00e0pidament a trav\u00e9s de carns, pollastre, porc, vedella, peix grassos, llet i formatges, per\u00f2 tamb\u00e9 amb els llegums i la fruita seca correctament associats amb els cereals.<\/li>\n<li><strong><span class=\"hiddenSpellError\">Macronutrientes<\/span>:<\/strong> els hidrats de carboni s\u00f3n la gasolina del nostre cos, s\u00f3n necessaris, aporten energia i per aix\u00f2 \u00e9s important incorporar durant les primeres hores del dia, ja sigui a trav\u00e9s d&#8217;unes llesques de pa per esmorzar, pastes o arr\u00f2s en el menjar<span class=\"hiddenGrammarError\">\u00a0.<\/span><\/li>\n<li><strong>Micronutrients:<\/strong> les vitamines i minerals estan en tots els aliments de manera natural tot i que en diferents proporcions. Els aliments que m\u00e9s es recomanen s\u00f3n les fruites i verdures crues, per\u00f2 se suggereixen especialment els peixos, ja que poden aportar vitamina D que \u00e9s molt necess\u00e0ria per a l&#8217;absorci\u00f3 de nutrients.<\/li>\n<li><strong>Greixos:<\/strong> els greixos s\u00f3n \u00fatils a l&#8217;organisme i s&#8217;incorporen a trav\u00e9s d&#8217;aliments o de la inclusi\u00f3 d&#8217;oli o mantega durant la seva preparaci\u00f3, recordant que <span class=\"hiddenGreenError\" style=\"padding-bottom: 2px; background-image: url('..\/..\/..\/..\/..\/images\/squiggle_green.png'); background-repeat: repeat-x; background-position: left bottom; cursor: default; color: #666666; font-family: 'Open Sans', Helvetica, Arial, sans-serif; font-size: 16px; font-style: normal; font-variant-ligatures: normal; font-variant-caps: normal; font-weight: 300; letter-spacing: normal; orphans: 2; text-align: start; text-indent: 0px; text-transform: none; white-space: normal; widows: 2; word-spacing: 0px; -webkit-text-stroke-width: 0px; text-decoration-style: initial; text-decoration-color: initial;\">es<\/span>\u00a0suggereix utilitzar un bon oli d&#8217;oliva verge extra.<\/li>\n<li><strong>L\u00edquid:<\/strong> assegura&#8217;t de beure suficient l\u00edquid i, si pateixes una baixada de potassi per exc\u00e9s de p\u00e8rdua de l\u00edquid, pots solucionar r\u00e0pidament menjant un pl\u00e0tan.<\/li>\n<\/ul>\n<blockquote>\n<h4><a href=\"https:\/\/disteco.com\/\" target=\"_blank\" rel=\"noopener noreferrer\"><strong>A Grup Alimentari Disteco<\/strong><\/a> continuarem garantint la distribuci\u00f3 dels millors productes perqu\u00e8 arribin a tots amb la m\u00e9s alta frescor i qualitat.<\/h4>\n<\/blockquote>","protected":false},"excerpt":{"rendered":"<p>Revisar la nostra alimentaci\u00f3 en relaci\u00f3 amb l&#8217;activitat f\u00edsica \u00e9s una mica de hem de fer constantment, per\u00f2, la dieta<\/p>\n","protected":false},"author":1,"featured_media":212100,"comment_status":"open","ping_status":"open","sticky":false,"template":"","format":"image","meta":{"_et_pb_use_builder":"off","_et_pb_old_content":"","_et_gb_content_width":"","footnotes":""},"categories":[43],"tags":[122,343,239,251,121,63],"class_list":["post-212117","post","type-post","status-publish","format-image","has-post-thumbnail","hentry","category-ultimes-noticies","tag-alimentacio-saludable","tag-aliments-de-qualitat-ca","tag-aliments-de-qualitat","tag-covid19-ca","tag-gad-ca-2","tag-gastronomia-ca-2","post_format-post-format-image"],"yoast_head":"<!-- This site is optimized with the Yoast SEO plugin v26.9 - https:\/\/yoast.com\/product\/yoast-seo-wordpress\/ -->\n<title>Dieta durant el confinament - GRUP ALIMENTARI DISTECO<\/title>\n<meta name=\"description\" content=\"La dieta durant el confinament. Revisar la nostra alimentaci\u00f3 en relaci\u00f3 amb l&#039;activitat f\u00edsica \u00e9s una mica de hem de fer, m\u00e9s duarante el confinament.\" \/>\n<meta name=\"robots\" content=\"index, follow, max-snippet:-1, max-image-preview:large, max-video-preview:-1\" \/>\n<link rel=\"canonical\" href=\"https:\/\/disteco.com\/ca\/dieta-durant-el-confinament\/\" \/>\n<meta property=\"og:locale\" content=\"ca_ES\" \/>\n<meta property=\"og:type\" content=\"article\" \/>\n<meta property=\"og:title\" content=\"Dieta durant el confinament - GRUP ALIMENTARI DISTECO\" \/>\n<meta property=\"og:description\" content=\"La dieta durant el confinament. Revisar la nostra alimentaci\u00f3 en relaci\u00f3 amb l&#039;activitat f\u00edsica \u00e9s una mica de hem de fer, m\u00e9s duarante el confinament.\" \/>\n<meta property=\"og:url\" content=\"https:\/\/disteco.com\/ca\/dieta-durant-el-confinament\/\" \/>\n<meta property=\"og:site_name\" content=\"GRUP ALIMENTARI DISTECO\" \/>\n<meta property=\"article:publisher\" content=\"https:\/\/www.facebook.com\/grupalimentaridisteco\/\" \/>\n<meta property=\"article:published_time\" content=\"2020-04-27T05:10:48+00:00\" \/>\n<meta property=\"article:modified_time\" content=\"2020-05-07T11:18:51+00:00\" \/>\n<meta property=\"og:image\" content=\"https:\/\/disteco.com\/wp-content\/uploads\/2021\/04\/dieta-durante-el-confinamiento.jpg\" \/>\n\t<meta property=\"og:image:width\" content=\"1920\" \/>\n\t<meta property=\"og:image:height\" content=\"1327\" \/>\n\t<meta property=\"og:image:type\" content=\"image\/jpeg\" \/>\n<meta name=\"author\" content=\"GAD\" \/>\n<meta name=\"twitter:card\" content=\"summary_large_image\" \/>\n<meta name=\"twitter:creator\" content=\"@DistecoGrup\" \/>\n<meta name=\"twitter:site\" content=\"@DistecoGrup\" \/>\n<meta name=\"twitter:label1\" content=\"Escrit per\" \/>\n\t<meta name=\"twitter:data1\" content=\"GAD\" \/>\n\t<meta name=\"twitter:label2\" content=\"Temps estimat de lectura\" \/>\n\t<meta name=\"twitter:data2\" content=\"2 minut\" \/>\n<script type=\"application\/ld+json\" class=\"yoast-schema-graph\">{\"@context\":\"https:\/\/schema.org\",\"@graph\":[{\"@type\":\"Article\",\"@id\":\"https:\/\/disteco.com\/ca\/dieta-durant-el-confinament\/#article\",\"isPartOf\":{\"@id\":\"https:\/\/disteco.com\/ca\/dieta-durant-el-confinament\/\"},\"author\":{\"name\":\"GAD\",\"@id\":\"https:\/\/disteco.com\/ca\/#\/schema\/person\/4ea51f932b94228a72ce3c6332cfd3c0\"},\"headline\":\"Dieta durant el confinament\",\"datePublished\":\"2020-04-27T05:10:48+00:00\",\"dateModified\":\"2020-05-07T11:18:51+00:00\",\"mainEntityOfPage\":{\"@id\":\"https:\/\/disteco.com\/ca\/dieta-durant-el-confinament\/\"},\"wordCount\":512,\"commentCount\":0,\"publisher\":{\"@id\":\"https:\/\/disteco.com\/ca\/#organization\"},\"image\":{\"@id\":\"https:\/\/disteco.com\/ca\/dieta-durant-el-confinament\/#primaryimage\"},\"thumbnailUrl\":\"https:\/\/disteco.com\/wp-content\/uploads\/2021\/04\/dieta-durante-el-confinamiento.jpg\",\"keywords\":[\"alimentaci\u00f3 saludable\",\"aliments de qualitat\",\"aliments de qualitat\",\"COVID19\",\"GAD\",\"gastronomia\"],\"articleSection\":[\"\u00daltimes not\u00edcies\"],\"inLanguage\":\"ca\",\"potentialAction\":[{\"@type\":\"CommentAction\",\"name\":\"Comment\",\"target\":[\"https:\/\/disteco.com\/ca\/dieta-durant-el-confinament\/#respond\"]}]},{\"@type\":\"WebPage\",\"@id\":\"https:\/\/disteco.com\/ca\/dieta-durant-el-confinament\/\",\"url\":\"https:\/\/disteco.com\/ca\/dieta-durant-el-confinament\/\",\"name\":\"Dieta durant el confinament - GRUP ALIMENTARI DISTECO\",\"isPartOf\":{\"@id\":\"https:\/\/disteco.com\/ca\/#website\"},\"primaryImageOfPage\":{\"@id\":\"https:\/\/disteco.com\/ca\/dieta-durant-el-confinament\/#primaryimage\"},\"image\":{\"@id\":\"https:\/\/disteco.com\/ca\/dieta-durant-el-confinament\/#primaryimage\"},\"thumbnailUrl\":\"https:\/\/disteco.com\/wp-content\/uploads\/2021\/04\/dieta-durante-el-confinamiento.jpg\",\"datePublished\":\"2020-04-27T05:10:48+00:00\",\"dateModified\":\"2020-05-07T11:18:51+00:00\",\"description\":\"La dieta durant el confinament. Revisar la nostra alimentaci\u00f3 en relaci\u00f3 amb l'activitat f\u00edsica \u00e9s una mica de hem de fer, m\u00e9s duarante el confinament.\",\"breadcrumb\":{\"@id\":\"https:\/\/disteco.com\/ca\/dieta-durant-el-confinament\/#breadcrumb\"},\"inLanguage\":\"ca\",\"potentialAction\":[{\"@type\":\"ReadAction\",\"target\":[\"https:\/\/disteco.com\/ca\/dieta-durant-el-confinament\/\"]}]},{\"@type\":\"ImageObject\",\"inLanguage\":\"ca\",\"@id\":\"https:\/\/disteco.com\/ca\/dieta-durant-el-confinament\/#primaryimage\",\"url\":\"https:\/\/disteco.com\/wp-content\/uploads\/2021\/04\/dieta-durante-el-confinamiento.jpg\",\"contentUrl\":\"https:\/\/disteco.com\/wp-content\/uploads\/2021\/04\/dieta-durante-el-confinamiento.jpg\",\"width\":1920,\"height\":1327,\"caption\":\"Dieta durante el confinamiento\"},{\"@type\":\"BreadcrumbList\",\"@id\":\"https:\/\/disteco.com\/ca\/dieta-durant-el-confinament\/#breadcrumb\",\"itemListElement\":[{\"@type\":\"ListItem\",\"position\":1,\"name\":\"Portada\",\"item\":\"https:\/\/disteco.com\/ca\/\"},{\"@type\":\"ListItem\",\"position\":2,\"name\":\"Dieta durant el confinament\"}]},{\"@type\":\"WebSite\",\"@id\":\"https:\/\/disteco.com\/ca\/#website\",\"url\":\"https:\/\/disteco.com\/ca\/\",\"name\":\"GRUP ALIMENTARI DISTECO\",\"description\":\"Distribuci\u00f3 aliment\u00e0ria de productes d'alta qualitat\",\"publisher\":{\"@id\":\"https:\/\/disteco.com\/ca\/#organization\"},\"potentialAction\":[{\"@type\":\"SearchAction\",\"target\":{\"@type\":\"EntryPoint\",\"urlTemplate\":\"https:\/\/disteco.com\/ca\/?s={search_term_string}\"},\"query-input\":{\"@type\":\"PropertyValueSpecification\",\"valueRequired\":true,\"valueName\":\"search_term_string\"}}],\"inLanguage\":\"ca\"},{\"@type\":\"Organization\",\"@id\":\"https:\/\/disteco.com\/ca\/#organization\",\"name\":\"GRUP ALIMENTARI DISTECO\",\"url\":\"https:\/\/disteco.com\/ca\/\",\"logo\":{\"@type\":\"ImageObject\",\"inLanguage\":\"ca\",\"@id\":\"https:\/\/disteco.com\/ca\/#\/schema\/logo\/image\/\",\"url\":\"https:\/\/disteco.com\/wp-content\/uploads\/2017\/03\/logo-grup-alimentari-disteco.png\",\"contentUrl\":\"https:\/\/disteco.com\/wp-content\/uploads\/2017\/03\/logo-grup-alimentari-disteco.png\",\"width\":600,\"height\":61,\"caption\":\"GRUP ALIMENTARI DISTECO\"},\"image\":{\"@id\":\"https:\/\/disteco.com\/ca\/#\/schema\/logo\/image\/\"},\"sameAs\":[\"https:\/\/www.facebook.com\/grupalimentaridisteco\/\",\"https:\/\/x.com\/DistecoGrup\",\"https:\/\/www.instagram.com\/gadisteco\/\",\"https:\/\/www.linkedin.com\/company\/grup-alimentari-disteco\/\",\"https:\/\/www.youtube.com\/@grupalimentaridisteco572\"]},{\"@type\":\"Person\",\"@id\":\"https:\/\/disteco.com\/ca\/#\/schema\/person\/4ea51f932b94228a72ce3c6332cfd3c0\",\"name\":\"GAD\",\"image\":{\"@type\":\"ImageObject\",\"inLanguage\":\"ca\",\"@id\":\"https:\/\/disteco.com\/ca\/#\/schema\/person\/image\/\",\"url\":\"https:\/\/secure.gravatar.com\/avatar\/c03aafdc2e714d25acb2f145eda11ecc45ef17c5219efd6cfba9f6a37f404cfe?s=96&d=mm&r=g\",\"contentUrl\":\"https:\/\/secure.gravatar.com\/avatar\/c03aafdc2e714d25acb2f145eda11ecc45ef17c5219efd6cfba9f6a37f404cfe?s=96&d=mm&r=g\",\"caption\":\"GAD\"},\"url\":\"https:\/\/disteco.com\/ca\/author\/baraka\/\"}]}<\/script>\n<!-- \/ Yoast SEO plugin. -->","yoast_head_json":{"title":"Dieta durant el confinament - GRUP ALIMENTARI DISTECO","description":"La dieta durant el confinament. Revisar la nostra alimentaci\u00f3 en relaci\u00f3 amb l'activitat f\u00edsica \u00e9s una mica de hem de fer, m\u00e9s duarante el confinament.","robots":{"index":"index","follow":"follow","max-snippet":"max-snippet:-1","max-image-preview":"max-image-preview:large","max-video-preview":"max-video-preview:-1"},"canonical":"https:\/\/disteco.com\/ca\/dieta-durant-el-confinament\/","og_locale":"ca_ES","og_type":"article","og_title":"Dieta durant el confinament - GRUP ALIMENTARI DISTECO","og_description":"La dieta durant el confinament. Revisar la nostra alimentaci\u00f3 en relaci\u00f3 amb l'activitat f\u00edsica \u00e9s una mica de hem de fer, m\u00e9s duarante el confinament.","og_url":"https:\/\/disteco.com\/ca\/dieta-durant-el-confinament\/","og_site_name":"GRUP ALIMENTARI DISTECO","article_publisher":"https:\/\/www.facebook.com\/grupalimentaridisteco\/","article_published_time":"2020-04-27T05:10:48+00:00","article_modified_time":"2020-05-07T11:18:51+00:00","og_image":[{"width":1920,"height":1327,"url":"https:\/\/disteco.com\/wp-content\/uploads\/2021\/04\/dieta-durante-el-confinamiento.jpg","type":"image\/jpeg"}],"author":"GAD","twitter_card":"summary_large_image","twitter_creator":"@DistecoGrup","twitter_site":"@DistecoGrup","twitter_misc":{"Escrit per":"GAD","Temps estimat de lectura":"2 minut"},"schema":{"@context":"https:\/\/schema.org","@graph":[{"@type":"Article","@id":"https:\/\/disteco.com\/ca\/dieta-durant-el-confinament\/#article","isPartOf":{"@id":"https:\/\/disteco.com\/ca\/dieta-durant-el-confinament\/"},"author":{"name":"GAD","@id":"https:\/\/disteco.com\/ca\/#\/schema\/person\/4ea51f932b94228a72ce3c6332cfd3c0"},"headline":"Dieta durant el confinament","datePublished":"2020-04-27T05:10:48+00:00","dateModified":"2020-05-07T11:18:51+00:00","mainEntityOfPage":{"@id":"https:\/\/disteco.com\/ca\/dieta-durant-el-confinament\/"},"wordCount":512,"commentCount":0,"publisher":{"@id":"https:\/\/disteco.com\/ca\/#organization"},"image":{"@id":"https:\/\/disteco.com\/ca\/dieta-durant-el-confinament\/#primaryimage"},"thumbnailUrl":"https:\/\/disteco.com\/wp-content\/uploads\/2021\/04\/dieta-durante-el-confinamiento.jpg","keywords":["alimentaci\u00f3 saludable","aliments de qualitat","aliments de qualitat","COVID19","GAD","gastronomia"],"articleSection":["\u00daltimes not\u00edcies"],"inLanguage":"ca","potentialAction":[{"@type":"CommentAction","name":"Comment","target":["https:\/\/disteco.com\/ca\/dieta-durant-el-confinament\/#respond"]}]},{"@type":"WebPage","@id":"https:\/\/disteco.com\/ca\/dieta-durant-el-confinament\/","url":"https:\/\/disteco.com\/ca\/dieta-durant-el-confinament\/","name":"Dieta durant el confinament - GRUP ALIMENTARI DISTECO","isPartOf":{"@id":"https:\/\/disteco.com\/ca\/#website"},"primaryImageOfPage":{"@id":"https:\/\/disteco.com\/ca\/dieta-durant-el-confinament\/#primaryimage"},"image":{"@id":"https:\/\/disteco.com\/ca\/dieta-durant-el-confinament\/#primaryimage"},"thumbnailUrl":"https:\/\/disteco.com\/wp-content\/uploads\/2021\/04\/dieta-durante-el-confinamiento.jpg","datePublished":"2020-04-27T05:10:48+00:00","dateModified":"2020-05-07T11:18:51+00:00","description":"La dieta durant el confinament. Revisar la nostra alimentaci\u00f3 en relaci\u00f3 amb l'activitat f\u00edsica \u00e9s una mica de hem de fer, m\u00e9s duarante el confinament.","breadcrumb":{"@id":"https:\/\/disteco.com\/ca\/dieta-durant-el-confinament\/#breadcrumb"},"inLanguage":"ca","potentialAction":[{"@type":"ReadAction","target":["https:\/\/disteco.com\/ca\/dieta-durant-el-confinament\/"]}]},{"@type":"ImageObject","inLanguage":"ca","@id":"https:\/\/disteco.com\/ca\/dieta-durant-el-confinament\/#primaryimage","url":"https:\/\/disteco.com\/wp-content\/uploads\/2021\/04\/dieta-durante-el-confinamiento.jpg","contentUrl":"https:\/\/disteco.com\/wp-content\/uploads\/2021\/04\/dieta-durante-el-confinamiento.jpg","width":1920,"height":1327,"caption":"Dieta durante el confinamiento"},{"@type":"BreadcrumbList","@id":"https:\/\/disteco.com\/ca\/dieta-durant-el-confinament\/#breadcrumb","itemListElement":[{"@type":"ListItem","position":1,"name":"Portada","item":"https:\/\/disteco.com\/ca\/"},{"@type":"ListItem","position":2,"name":"Dieta durant el confinament"}]},{"@type":"WebSite","@id":"https:\/\/disteco.com\/ca\/#website","url":"https:\/\/disteco.com\/ca\/","name":"GRUP ALIMENTARI DISTECO","description":"Distribuci\u00f3 aliment\u00e0ria de productes d'alta qualitat","publisher":{"@id":"https:\/\/disteco.com\/ca\/#organization"},"potentialAction":[{"@type":"SearchAction","target":{"@type":"EntryPoint","urlTemplate":"https:\/\/disteco.com\/ca\/?s={search_term_string}"},"query-input":{"@type":"PropertyValueSpecification","valueRequired":true,"valueName":"search_term_string"}}],"inLanguage":"ca"},{"@type":"Organization","@id":"https:\/\/disteco.com\/ca\/#organization","name":"GRUP ALIMENTARI DISTECO","url":"https:\/\/disteco.com\/ca\/","logo":{"@type":"ImageObject","inLanguage":"ca","@id":"https:\/\/disteco.com\/ca\/#\/schema\/logo\/image\/","url":"https:\/\/disteco.com\/wp-content\/uploads\/2017\/03\/logo-grup-alimentari-disteco.png","contentUrl":"https:\/\/disteco.com\/wp-content\/uploads\/2017\/03\/logo-grup-alimentari-disteco.png","width":600,"height":61,"caption":"GRUP ALIMENTARI DISTECO"},"image":{"@id":"https:\/\/disteco.com\/ca\/#\/schema\/logo\/image\/"},"sameAs":["https:\/\/www.facebook.com\/grupalimentaridisteco\/","https:\/\/x.com\/DistecoGrup","https:\/\/www.instagram.com\/gadisteco\/","https:\/\/www.linkedin.com\/company\/grup-alimentari-disteco\/","https:\/\/www.youtube.com\/@grupalimentaridisteco572"]},{"@type":"Person","@id":"https:\/\/disteco.com\/ca\/#\/schema\/person\/4ea51f932b94228a72ce3c6332cfd3c0","name":"GAD","image":{"@type":"ImageObject","inLanguage":"ca","@id":"https:\/\/disteco.com\/ca\/#\/schema\/person\/image\/","url":"https:\/\/secure.gravatar.com\/avatar\/c03aafdc2e714d25acb2f145eda11ecc45ef17c5219efd6cfba9f6a37f404cfe?s=96&d=mm&r=g","contentUrl":"https:\/\/secure.gravatar.com\/avatar\/c03aafdc2e714d25acb2f145eda11ecc45ef17c5219efd6cfba9f6a37f404cfe?s=96&d=mm&r=g","caption":"GAD"},"url":"https:\/\/disteco.com\/ca\/author\/baraka\/"}]}},"_links":{"self":[{"href":"https:\/\/disteco.com\/ca\/wp-json\/wp\/v2\/posts\/212117","targetHints":{"allow":["GET"]}}],"collection":[{"href":"https:\/\/disteco.com\/ca\/wp-json\/wp\/v2\/posts"}],"about":[{"href":"https:\/\/disteco.com\/ca\/wp-json\/wp\/v2\/types\/post"}],"author":[{"embeddable":true,"href":"https:\/\/disteco.com\/ca\/wp-json\/wp\/v2\/users\/1"}],"replies":[{"embeddable":true,"href":"https:\/\/disteco.com\/ca\/wp-json\/wp\/v2\/comments?post=212117"}],"version-history":[{"count":2,"href":"https:\/\/disteco.com\/ca\/wp-json\/wp\/v2\/posts\/212117\/revisions"}],"predecessor-version":[{"id":212124,"href":"https:\/\/disteco.com\/ca\/wp-json\/wp\/v2\/posts\/212117\/revisions\/212124"}],"wp:featuredmedia":[{"embeddable":true,"href":"https:\/\/disteco.com\/ca\/wp-json\/wp\/v2\/media\/212100"}],"wp:attachment":[{"href":"https:\/\/disteco.com\/ca\/wp-json\/wp\/v2\/media?parent=212117"}],"wp:term":[{"taxonomy":"category","embeddable":true,"href":"https:\/\/disteco.com\/ca\/wp-json\/wp\/v2\/categories?post=212117"},{"taxonomy":"post_tag","embeddable":true,"href":"https:\/\/disteco.com\/ca\/wp-json\/wp\/v2\/tags?post=212117"}],"curies":[{"name":"wp","href":"https:\/\/api.w.org\/{rel}","templated":true}]}}