{"id":212033,"date":"2026-03-23T12:16:01","date_gmt":"2026-03-23T12:16:01","guid":{"rendered":"https:\/\/disteco.com\/postres-de-semana-santa\/"},"modified":"2026-03-30T07:12:52","modified_gmt":"2026-03-30T07:12:52","slug":"postres-de-semana-santa","status":"publish","type":"post","link":"https:\/\/disteco.com\/ca\/postres-de-semana-santa\/","title":{"rendered":"Postres de Setmana Santa"},"content":{"rendered":"\n<figure class=\"wp-block-image\"><img loading=\"lazy\" decoding=\"async\" width=\"1024\" height=\"683\" src=\"https:\/\/disteco.com\/wp-content\/uploads\/2020\/04\/postres-de-semana-santa-1024x683.jpg\" alt=\"Postres de Setmana Santa\" class=\"wp-image-212021\" srcset=\"https:\/\/disteco.com\/wp-content\/uploads\/2020\/04\/postres-de-semana-santa-980x653.jpg 980w, https:\/\/disteco.com\/wp-content\/uploads\/2020\/04\/postres-de-semana-santa-480x320.jpg 480w\" sizes=\"(min-width: 0px) and (max-width: 480px) 480px, (min-width: 481px) and (max-width: 980px) 980px, (min-width: 981px) 1024px, 100vw\" \/><\/figure>\n<h6><span style=\"color: #cc0000;\"><em>Postres de Setmana Santa<\/em><\/span><\/h6>\n<h1> <\/h1>\n<h1><strong>Postres de Setmana Santa, tradici\u00f3, rotaci\u00f3 i oportunitat per al teu negoci<\/strong><\/h1>\n<p><span style=\"font-weight: 400;\">Les postres de Setmana Santa <\/span><b>formen part de la tradici\u00f3 gastron\u00f2mica<\/b><span style=\"font-weight: 400;\">, per aix\u00f2 representen una oportunitat clara per a negocis del canal HORECA i retail. <\/span> <\/p>\n<p><span style=\"font-weight: 400;\">Durant aquestes dates, la demanda de dol\u00e7os t\u00edpics creix,<\/span><b> impulsada pel consum estacional i el valor emocional<\/b><span style=\"font-weight: 400;\"> que tenen aquests productes.<\/span><\/p>\n<p><span style=\"font-weight: 400;\">Aprofitar aquest moment, a m\u00e9s d&#8217;incloure&#8217;ls a l&#8217;oferta, requereix pensar com <\/span><b>integrar-los de forma estrat\u00e8gica per maximitzar-ne la rotaci\u00f3 i la rendibilitat<\/b><span style=\"font-weight: 400;\">.<\/span><\/p>\n<h2> <\/h2>\n<h2><strong>L&#8217;estacionalitat com a palanca de venda<\/strong><\/h2>\n<p><span style=\"font-weight: 400;\">La Setmana Santa marca un d\u00b4aquells moments de l\u00b4any on el consum canvia de forma clara, sent un <\/span><b>punt d&#8217;inflexi\u00f3 a la demanda que dinamitza i redefineix l&#8217;oferta<\/b><span style=\"font-weight: 400;\">.<\/span><\/p>\n<p><span style=\"font-weight: 400;\">El client busca <\/span><b>sabors reconeixibles, receptes tradicionals i productes que connectin<\/b><span style=\"font-weight: 400;\"> amb l&#8217;experi\u00e8ncia cultural.<\/span><\/p>\n<p><span style=\"font-weight: 400;\">Les postres deixen de ser un complement i incorporar-les de forma visible a l&#8217;oferta no nom\u00e9s augmenta el tiquet mitj\u00e0, sin\u00f3 que <\/span><b>millora la percepci\u00f3 de l&#8217;establiment<\/b><span style=\"font-weight: 400;\">.<\/span><\/p>\n<h2> <\/h2>\n<h2><strong>Postres de Setmana Santa que no poden faltar<\/strong><\/h2>\n<p><span style=\"font-weight: 400;\">Dins la varietat de postres de Setmana Santa, hi ha elaboracions que mantenen el seu protagonisme any rere any.<\/span><\/p>\n<p><span style=\"font-weight: 400;\">La demanda consolidada respon a una reconfiguraci\u00f3 del consum que se centra en tradicionals com:<\/span><\/p>\n<ul>\n<li style=\"font-weight: 400;\" aria-level=\"1\"><b>Torrijas<\/b><span style=\"font-weight: 400;\">, en les seves versions m\u00e9s cl\u00e0ssiques o reinterpretades, des del bressol humil fins als sabors amb afegits m\u00e9s moderns. <\/span> <\/li>\n<li style=\"font-weight: 400;\" aria-level=\"1\"><b>Bunyols de quaresma<\/b><span style=\"font-weight: 400;\">, amb diferents farcits i acabats, diferenciat per la massa aromatitzada que remet a la llar. <\/span> <\/li>\n<li style=\"font-weight: 400;\" aria-level=\"1\"><b>Pestinyos i dol\u00e7os fregits tradicionals<\/b><span style=\"font-weight: 400;\">, un mos d&#8217;hist\u00f2ria aromatitzada i cruixent.<\/span><\/li>\n<li style=\"font-weight: 400;\" aria-level=\"1\"><b>Llet fregida<\/b><span style=\"font-weight: 400;\"> i altres elaboracions de cullera, postres populars fonamentals de la quaresma i la Setmana Santa.<\/span><\/li>\n<\/ul>\n<p><span style=\"font-weight: 400;\">Seleccionar aquells que millor encaixin amb el perfil del client i el tipus de negoci \u00e9s crucial per aconseguir l&#8217;assortiment que funciona millor. <\/span><\/p>\n<h3> <\/h3>\n<h3><strong>Adaptar l&#8217;oferta sense perdre identitat<\/strong><\/h3>\n<p><span style=\"font-weight: 400;\">Un dels reptes m\u00e9s habituals en aquest tipus de campanyes \u00e9s trobar l&#8217;<\/span><b>equilibri entre tradici\u00f3 i diferenciaci\u00f3<\/b><span style=\"font-weight: 400;\">. <\/span> <\/p>\n<p><span style=\"font-weight: 400;\">Mantenir l&#8217;ess\u00e8ncia de les postres de Setmana Santa \u00e9s important, per\u00f2 tamb\u00e9 ho \u00e9s <\/span><b>adaptar-los a noves formes de consum<\/b><span style=\"font-weight: 400;\">.<\/span><\/p>\n<ul>\n<li style=\"font-weight: 400;\" aria-level=\"1\"><b>Formats m\u00e9s pr\u00e0ctics<\/b><span style=\"font-weight: 400;\"> per a consum r\u00e0pid<\/span><\/li>\n<li style=\"font-weight: 400;\" aria-level=\"1\"><b>Opcions per emportar<\/b><span style=\"font-weight: 400;\"> o delivery<\/span><\/li>\n<li style=\"font-weight: 400;\" aria-level=\"1\"><b>Presentacions m\u00e9s actuals<\/b><span style=\"font-weight: 400;\"> sense alterar la recepta base<\/span><\/li>\n<\/ul>\n<p><span style=\"font-weight: 400;\">Les <\/span><strong><a href=\"https:\/\/disteco.com\/ca\/disteco-collectivitats\/\">petites adaptacions<\/a><\/strong><span style=\"font-weight: 400;\"> permeten <\/span><b>ampliar l&#8217;abast del producte<\/b><span style=\"font-weight: 400;\"> sense perdre el valor original.<\/span><\/p>\n<h3> <\/h3>\n<h3><strong>Convertir la tradici\u00f3 en una oportunitat de creixement<\/strong><\/h3>\n<p><span style=\"font-weight: 400;\">M\u00e9s enll\u00e0 del component cultural, <\/span><b>les postres de Setmana Santa s\u00f3n una eina comercial <\/b><span style=\"font-weight: 400;\">que, ben gestionada, pot generar impacte real al negoci.<\/span><\/p>\n<p><span style=\"font-weight: 400;\">Es tracta de refor\u00e7ar la proposta de valor, atreure nous clients i generar recurr\u00e8ncia.<\/span><\/p>\n<p><span style=\"font-weight: 400;\">Quan l&#8217;oferta \u00e9s alineada amb la demanda i el servei acompanya, el resultat natural \u00e9s una campanya estacional que funciona i <\/span><b>deixa marge per continuar creixent<\/b><span style=\"font-weight: 400;\">.<\/span><\/p>\n<h2> <\/h2>\n<h2><strong>La import\u00e0ncia del subministrament i la previsi\u00f3<\/strong><\/h2>\n<p><b>La planificaci\u00f3 \u00e9s tan important com la qualitat<\/b><span style=\"font-weight: 400;\">, ja que un trencament d&#8217;estoc en ple pic de demanda es pot traduir en vendes perdudes dif\u00edcils de recuperar.<\/span><\/p>\n<p><span style=\"font-weight: 400;\">Treballar amb<\/span><b> un distribu\u00efdor que garanteixi disponibilitat i continu\u00eftat<\/b><span style=\"font-weight: 400;\"> al subministrament \u00e9s clau per aprofitar tot el potencial de la campanya.<\/span><\/p>\n<p><span style=\"font-weight: 400;\">Una bona <\/span><strong><a href=\"https:\/\/disteco.com\/ca\/disteco-distribucion\/\">previsi\u00f3 a l&#8217;abastament<\/a><\/strong><span style=\"font-weight: 400;\"> permet ajustar volums, evitar minves i optimitzar la rendibilitat del producte.<\/span><\/p>\n<blockquote>\n<h4><strong>A Grup Alimentari Disteco treballem di\u00e0riament per continuar proveint els comer\u00e7os i supermercats dels productes essencials per preparar les millors postres per Setmana Santa.<\/strong><\/h4>\n<\/blockquote>\n","protected":false},"excerpt":{"rendered":"<p>Les postres de Setmana Santa formen part de la tradici\u00f3 gastron\u00f2mica, per aix\u00f2 representen una oportunitat clara per a negocis del canal HORECA i retail. <\/p>\n","protected":false},"author":1,"featured_media":212022,"comment_status":"open","ping_status":"open","sticky":false,"template":"","format":"image","meta":{"_et_pb_use_builder":"off","_et_pb_old_content":"","_et_gb_content_width":"","footnotes":""},"categories":[43],"tags":[239,72,117,160,237,238],"class_list":["post-212033","post","type-post","status-publish","format-image","has-post-thumbnail","hentry","category-ultimes-noticies","tag-aliments-de-qualitat","tag-disteco-ca-2","tag-distribucio-alimentaria","tag-distribuidors-dalimentacio-a-espanya","tag-postres-ca","tag-semana-santa-ca","post_format-post-format-image"],"yoast_head":"<!-- This site is optimized with the Yoast SEO plugin v26.9 - https:\/\/yoast.com\/product\/yoast-seo-wordpress\/ -->\n<title>Postres de Setmana Santa - GRUP ALIMENTARI DISTECO<\/title>\n<meta name=\"description\" content=\"Postres de Setmana Santa: com aprofitar la tradici\u00f3 per augmentar vendes i optimitzar la rendibilitat a HORECA i retail.\" \/>\n<meta name=\"robots\" content=\"index, follow, max-snippet:-1, max-image-preview:large, max-video-preview:-1\" \/>\n<link rel=\"canonical\" href=\"https:\/\/disteco.com\/ca\/postres-de-semana-santa\/\" \/>\n<meta property=\"og:locale\" content=\"ca_ES\" \/>\n<meta property=\"og:type\" content=\"article\" \/>\n<meta property=\"og:title\" content=\"Postres de Setmana Santa - GRUP ALIMENTARI DISTECO\" \/>\n<meta property=\"og:description\" content=\"Postres de Setmana Santa: com aprofitar la tradici\u00f3 per augmentar vendes i optimitzar la rendibilitat a HORECA i retail.\" \/>\n<meta property=\"og:url\" content=\"https:\/\/disteco.com\/ca\/postres-de-semana-santa\/\" \/>\n<meta property=\"og:site_name\" content=\"GRUP ALIMENTARI DISTECO\" \/>\n<meta property=\"article:publisher\" content=\"https:\/\/www.facebook.com\/grupalimentaridisteco\/\" \/>\n<meta property=\"article:published_time\" content=\"2026-03-23T12:16:01+00:00\" \/>\n<meta property=\"article:modified_time\" content=\"2026-03-30T07:12:52+00:00\" \/>\n<meta property=\"og:image\" content=\"https:\/\/disteco.com\/wp-content\/uploads\/2020\/04\/postres-de-semana-santa.jpg\" \/>\n\t<meta property=\"og:image:width\" content=\"1920\" \/>\n\t<meta property=\"og:image:height\" content=\"1280\" \/>\n\t<meta property=\"og:image:type\" content=\"image\/jpeg\" \/>\n<meta name=\"author\" content=\"GAD\" \/>\n<meta name=\"twitter:card\" content=\"summary_large_image\" \/>\n<meta name=\"twitter:creator\" content=\"@DistecoGrup\" \/>\n<meta name=\"twitter:site\" content=\"@DistecoGrup\" \/>\n<meta name=\"twitter:label1\" content=\"Escrit per\" \/>\n\t<meta name=\"twitter:data1\" content=\"GAD\" \/>\n\t<meta name=\"twitter:label2\" content=\"Temps estimat de lectura\" \/>\n\t<meta name=\"twitter:data2\" content=\"3 minut\" \/>\n<script type=\"application\/ld+json\" class=\"yoast-schema-graph\">{\"@context\":\"https:\/\/schema.org\",\"@graph\":[{\"@type\":\"Article\",\"@id\":\"https:\/\/disteco.com\/ca\/postres-de-semana-santa\/#article\",\"isPartOf\":{\"@id\":\"https:\/\/disteco.com\/ca\/postres-de-semana-santa\/\"},\"author\":{\"name\":\"GAD\",\"@id\":\"https:\/\/disteco.com\/ca\/#\/schema\/person\/4ea51f932b94228a72ce3c6332cfd3c0\"},\"headline\":\"Postres de Setmana Santa\",\"datePublished\":\"2026-03-23T12:16:01+00:00\",\"dateModified\":\"2026-03-30T07:12:52+00:00\",\"mainEntityOfPage\":{\"@id\":\"https:\/\/disteco.com\/ca\/postres-de-semana-santa\/\"},\"wordCount\":583,\"commentCount\":0,\"publisher\":{\"@id\":\"https:\/\/disteco.com\/ca\/#organization\"},\"image\":{\"@id\":\"https:\/\/disteco.com\/ca\/postres-de-semana-santa\/#primaryimage\"},\"thumbnailUrl\":\"https:\/\/disteco.com\/wp-content\/uploads\/2020\/04\/postres-de-semana-santa.jpg\",\"keywords\":[\"aliments de qualitat\",\"Disteco\",\"distribuci\u00f3 alimentaria\",\"Distribu\u00efdors d'alimentaci\u00f3 a Espanya\",\"postres\",\"Semana Santa\"],\"articleSection\":[\"\u00daltimes not\u00edcies\"],\"inLanguage\":\"ca\",\"potentialAction\":[{\"@type\":\"CommentAction\",\"name\":\"Comment\",\"target\":[\"https:\/\/disteco.com\/ca\/postres-de-semana-santa\/#respond\"]}]},{\"@type\":\"WebPage\",\"@id\":\"https:\/\/disteco.com\/ca\/postres-de-semana-santa\/\",\"url\":\"https:\/\/disteco.com\/ca\/postres-de-semana-santa\/\",\"name\":\"Postres de Setmana Santa - GRUP ALIMENTARI DISTECO\",\"isPartOf\":{\"@id\":\"https:\/\/disteco.com\/ca\/#website\"},\"primaryImageOfPage\":{\"@id\":\"https:\/\/disteco.com\/ca\/postres-de-semana-santa\/#primaryimage\"},\"image\":{\"@id\":\"https:\/\/disteco.com\/ca\/postres-de-semana-santa\/#primaryimage\"},\"thumbnailUrl\":\"https:\/\/disteco.com\/wp-content\/uploads\/2020\/04\/postres-de-semana-santa.jpg\",\"datePublished\":\"2026-03-23T12:16:01+00:00\",\"dateModified\":\"2026-03-30T07:12:52+00:00\",\"description\":\"Postres de Setmana Santa: com aprofitar la tradici\u00f3 per augmentar vendes i optimitzar la rendibilitat a HORECA i retail.\",\"breadcrumb\":{\"@id\":\"https:\/\/disteco.com\/ca\/postres-de-semana-santa\/#breadcrumb\"},\"inLanguage\":\"ca\",\"potentialAction\":[{\"@type\":\"ReadAction\",\"target\":[\"https:\/\/disteco.com\/ca\/postres-de-semana-santa\/\"]}]},{\"@type\":\"ImageObject\",\"inLanguage\":\"ca\",\"@id\":\"https:\/\/disteco.com\/ca\/postres-de-semana-santa\/#primaryimage\",\"url\":\"https:\/\/disteco.com\/wp-content\/uploads\/2020\/04\/postres-de-semana-santa.jpg\",\"contentUrl\":\"https:\/\/disteco.com\/wp-content\/uploads\/2020\/04\/postres-de-semana-santa.jpg\",\"width\":1920,\"height\":1280,\"caption\":\"Postres de Semana Santa\"},{\"@type\":\"BreadcrumbList\",\"@id\":\"https:\/\/disteco.com\/ca\/postres-de-semana-santa\/#breadcrumb\",\"itemListElement\":[{\"@type\":\"ListItem\",\"position\":1,\"name\":\"Portada\",\"item\":\"https:\/\/disteco.com\/ca\/\"},{\"@type\":\"ListItem\",\"position\":2,\"name\":\"Postres de Setmana Santa\"}]},{\"@type\":\"WebSite\",\"@id\":\"https:\/\/disteco.com\/ca\/#website\",\"url\":\"https:\/\/disteco.com\/ca\/\",\"name\":\"GRUP ALIMENTARI DISTECO\",\"description\":\"Distribuci\u00f3 aliment\u00e0ria de productes d'alta qualitat\",\"publisher\":{\"@id\":\"https:\/\/disteco.com\/ca\/#organization\"},\"potentialAction\":[{\"@type\":\"SearchAction\",\"target\":{\"@type\":\"EntryPoint\",\"urlTemplate\":\"https:\/\/disteco.com\/ca\/?s={search_term_string}\"},\"query-input\":{\"@type\":\"PropertyValueSpecification\",\"valueRequired\":true,\"valueName\":\"search_term_string\"}}],\"inLanguage\":\"ca\"},{\"@type\":\"Organization\",\"@id\":\"https:\/\/disteco.com\/ca\/#organization\",\"name\":\"GRUP ALIMENTARI DISTECO\",\"url\":\"https:\/\/disteco.com\/ca\/\",\"logo\":{\"@type\":\"ImageObject\",\"inLanguage\":\"ca\",\"@id\":\"https:\/\/disteco.com\/ca\/#\/schema\/logo\/image\/\",\"url\":\"https:\/\/disteco.com\/wp-content\/uploads\/2017\/03\/logo-grup-alimentari-disteco.png\",\"contentUrl\":\"https:\/\/disteco.com\/wp-content\/uploads\/2017\/03\/logo-grup-alimentari-disteco.png\",\"width\":600,\"height\":61,\"caption\":\"GRUP ALIMENTARI DISTECO\"},\"image\":{\"@id\":\"https:\/\/disteco.com\/ca\/#\/schema\/logo\/image\/\"},\"sameAs\":[\"https:\/\/www.facebook.com\/grupalimentaridisteco\/\",\"https:\/\/x.com\/DistecoGrup\",\"https:\/\/www.instagram.com\/gadisteco\/\",\"https:\/\/www.linkedin.com\/company\/grup-alimentari-disteco\/\",\"https:\/\/www.youtube.com\/@grupalimentaridisteco572\"]},{\"@type\":\"Person\",\"@id\":\"https:\/\/disteco.com\/ca\/#\/schema\/person\/4ea51f932b94228a72ce3c6332cfd3c0\",\"name\":\"GAD\",\"image\":{\"@type\":\"ImageObject\",\"inLanguage\":\"ca\",\"@id\":\"https:\/\/disteco.com\/ca\/#\/schema\/person\/image\/\",\"url\":\"https:\/\/secure.gravatar.com\/avatar\/c03aafdc2e714d25acb2f145eda11ecc45ef17c5219efd6cfba9f6a37f404cfe?s=96&d=mm&r=g\",\"contentUrl\":\"https:\/\/secure.gravatar.com\/avatar\/c03aafdc2e714d25acb2f145eda11ecc45ef17c5219efd6cfba9f6a37f404cfe?s=96&d=mm&r=g\",\"caption\":\"GAD\"},\"url\":\"https:\/\/disteco.com\/ca\/author\/baraka\/\"}]}<\/script>\n<!-- \/ Yoast SEO plugin. -->","yoast_head_json":{"title":"Postres de Setmana Santa - GRUP ALIMENTARI DISTECO","description":"Postres de Setmana Santa: com aprofitar la tradici\u00f3 per augmentar vendes i optimitzar la rendibilitat a HORECA i retail.","robots":{"index":"index","follow":"follow","max-snippet":"max-snippet:-1","max-image-preview":"max-image-preview:large","max-video-preview":"max-video-preview:-1"},"canonical":"https:\/\/disteco.com\/ca\/postres-de-semana-santa\/","og_locale":"ca_ES","og_type":"article","og_title":"Postres de Setmana Santa - GRUP ALIMENTARI DISTECO","og_description":"Postres de Setmana Santa: com aprofitar la tradici\u00f3 per augmentar vendes i optimitzar la rendibilitat a HORECA i retail.","og_url":"https:\/\/disteco.com\/ca\/postres-de-semana-santa\/","og_site_name":"GRUP ALIMENTARI DISTECO","article_publisher":"https:\/\/www.facebook.com\/grupalimentaridisteco\/","article_published_time":"2026-03-23T12:16:01+00:00","article_modified_time":"2026-03-30T07:12:52+00:00","og_image":[{"width":1920,"height":1280,"url":"https:\/\/disteco.com\/wp-content\/uploads\/2020\/04\/postres-de-semana-santa.jpg","type":"image\/jpeg"}],"author":"GAD","twitter_card":"summary_large_image","twitter_creator":"@DistecoGrup","twitter_site":"@DistecoGrup","twitter_misc":{"Escrit per":"GAD","Temps estimat de lectura":"3 minut"},"schema":{"@context":"https:\/\/schema.org","@graph":[{"@type":"Article","@id":"https:\/\/disteco.com\/ca\/postres-de-semana-santa\/#article","isPartOf":{"@id":"https:\/\/disteco.com\/ca\/postres-de-semana-santa\/"},"author":{"name":"GAD","@id":"https:\/\/disteco.com\/ca\/#\/schema\/person\/4ea51f932b94228a72ce3c6332cfd3c0"},"headline":"Postres de Setmana Santa","datePublished":"2026-03-23T12:16:01+00:00","dateModified":"2026-03-30T07:12:52+00:00","mainEntityOfPage":{"@id":"https:\/\/disteco.com\/ca\/postres-de-semana-santa\/"},"wordCount":583,"commentCount":0,"publisher":{"@id":"https:\/\/disteco.com\/ca\/#organization"},"image":{"@id":"https:\/\/disteco.com\/ca\/postres-de-semana-santa\/#primaryimage"},"thumbnailUrl":"https:\/\/disteco.com\/wp-content\/uploads\/2020\/04\/postres-de-semana-santa.jpg","keywords":["aliments de qualitat","Disteco","distribuci\u00f3 alimentaria","Distribu\u00efdors d'alimentaci\u00f3 a Espanya","postres","Semana Santa"],"articleSection":["\u00daltimes not\u00edcies"],"inLanguage":"ca","potentialAction":[{"@type":"CommentAction","name":"Comment","target":["https:\/\/disteco.com\/ca\/postres-de-semana-santa\/#respond"]}]},{"@type":"WebPage","@id":"https:\/\/disteco.com\/ca\/postres-de-semana-santa\/","url":"https:\/\/disteco.com\/ca\/postres-de-semana-santa\/","name":"Postres de Setmana Santa - GRUP ALIMENTARI DISTECO","isPartOf":{"@id":"https:\/\/disteco.com\/ca\/#website"},"primaryImageOfPage":{"@id":"https:\/\/disteco.com\/ca\/postres-de-semana-santa\/#primaryimage"},"image":{"@id":"https:\/\/disteco.com\/ca\/postres-de-semana-santa\/#primaryimage"},"thumbnailUrl":"https:\/\/disteco.com\/wp-content\/uploads\/2020\/04\/postres-de-semana-santa.jpg","datePublished":"2026-03-23T12:16:01+00:00","dateModified":"2026-03-30T07:12:52+00:00","description":"Postres de Setmana Santa: com aprofitar la tradici\u00f3 per augmentar vendes i optimitzar la rendibilitat a HORECA i retail.","breadcrumb":{"@id":"https:\/\/disteco.com\/ca\/postres-de-semana-santa\/#breadcrumb"},"inLanguage":"ca","potentialAction":[{"@type":"ReadAction","target":["https:\/\/disteco.com\/ca\/postres-de-semana-santa\/"]}]},{"@type":"ImageObject","inLanguage":"ca","@id":"https:\/\/disteco.com\/ca\/postres-de-semana-santa\/#primaryimage","url":"https:\/\/disteco.com\/wp-content\/uploads\/2020\/04\/postres-de-semana-santa.jpg","contentUrl":"https:\/\/disteco.com\/wp-content\/uploads\/2020\/04\/postres-de-semana-santa.jpg","width":1920,"height":1280,"caption":"Postres de Semana Santa"},{"@type":"BreadcrumbList","@id":"https:\/\/disteco.com\/ca\/postres-de-semana-santa\/#breadcrumb","itemListElement":[{"@type":"ListItem","position":1,"name":"Portada","item":"https:\/\/disteco.com\/ca\/"},{"@type":"ListItem","position":2,"name":"Postres de Setmana Santa"}]},{"@type":"WebSite","@id":"https:\/\/disteco.com\/ca\/#website","url":"https:\/\/disteco.com\/ca\/","name":"GRUP ALIMENTARI DISTECO","description":"Distribuci\u00f3 aliment\u00e0ria de productes d'alta qualitat","publisher":{"@id":"https:\/\/disteco.com\/ca\/#organization"},"potentialAction":[{"@type":"SearchAction","target":{"@type":"EntryPoint","urlTemplate":"https:\/\/disteco.com\/ca\/?s={search_term_string}"},"query-input":{"@type":"PropertyValueSpecification","valueRequired":true,"valueName":"search_term_string"}}],"inLanguage":"ca"},{"@type":"Organization","@id":"https:\/\/disteco.com\/ca\/#organization","name":"GRUP ALIMENTARI DISTECO","url":"https:\/\/disteco.com\/ca\/","logo":{"@type":"ImageObject","inLanguage":"ca","@id":"https:\/\/disteco.com\/ca\/#\/schema\/logo\/image\/","url":"https:\/\/disteco.com\/wp-content\/uploads\/2017\/03\/logo-grup-alimentari-disteco.png","contentUrl":"https:\/\/disteco.com\/wp-content\/uploads\/2017\/03\/logo-grup-alimentari-disteco.png","width":600,"height":61,"caption":"GRUP ALIMENTARI DISTECO"},"image":{"@id":"https:\/\/disteco.com\/ca\/#\/schema\/logo\/image\/"},"sameAs":["https:\/\/www.facebook.com\/grupalimentaridisteco\/","https:\/\/x.com\/DistecoGrup","https:\/\/www.instagram.com\/gadisteco\/","https:\/\/www.linkedin.com\/company\/grup-alimentari-disteco\/","https:\/\/www.youtube.com\/@grupalimentaridisteco572"]},{"@type":"Person","@id":"https:\/\/disteco.com\/ca\/#\/schema\/person\/4ea51f932b94228a72ce3c6332cfd3c0","name":"GAD","image":{"@type":"ImageObject","inLanguage":"ca","@id":"https:\/\/disteco.com\/ca\/#\/schema\/person\/image\/","url":"https:\/\/secure.gravatar.com\/avatar\/c03aafdc2e714d25acb2f145eda11ecc45ef17c5219efd6cfba9f6a37f404cfe?s=96&d=mm&r=g","contentUrl":"https:\/\/secure.gravatar.com\/avatar\/c03aafdc2e714d25acb2f145eda11ecc45ef17c5219efd6cfba9f6a37f404cfe?s=96&d=mm&r=g","caption":"GAD"},"url":"https:\/\/disteco.com\/ca\/author\/baraka\/"}]}},"_links":{"self":[{"href":"https:\/\/disteco.com\/ca\/wp-json\/wp\/v2\/posts\/212033","targetHints":{"allow":["GET"]}}],"collection":[{"href":"https:\/\/disteco.com\/ca\/wp-json\/wp\/v2\/posts"}],"about":[{"href":"https:\/\/disteco.com\/ca\/wp-json\/wp\/v2\/types\/post"}],"author":[{"embeddable":true,"href":"https:\/\/disteco.com\/ca\/wp-json\/wp\/v2\/users\/1"}],"replies":[{"embeddable":true,"href":"https:\/\/disteco.com\/ca\/wp-json\/wp\/v2\/comments?post=212033"}],"version-history":[{"count":6,"href":"https:\/\/disteco.com\/ca\/wp-json\/wp\/v2\/posts\/212033\/revisions"}],"predecessor-version":[{"id":258404,"href":"https:\/\/disteco.com\/ca\/wp-json\/wp\/v2\/posts\/212033\/revisions\/258404"}],"wp:featuredmedia":[{"embeddable":true,"href":"https:\/\/disteco.com\/ca\/wp-json\/wp\/v2\/media\/212022"}],"wp:attachment":[{"href":"https:\/\/disteco.com\/ca\/wp-json\/wp\/v2\/media?parent=212033"}],"wp:term":[{"taxonomy":"category","embeddable":true,"href":"https:\/\/disteco.com\/ca\/wp-json\/wp\/v2\/categories?post=212033"},{"taxonomy":"post_tag","embeddable":true,"href":"https:\/\/disteco.com\/ca\/wp-json\/wp\/v2\/tags?post=212033"}],"curies":[{"name":"wp","href":"https:\/\/api.w.org\/{rel}","templated":true}]}}