{"id":211880,"date":"2026-03-13T11:30:54","date_gmt":"2026-03-13T11:30:54","guid":{"rendered":"https:\/\/disteco.com\/las-proteinas-en-una-alimentacion-saludable\/"},"modified":"2026-03-30T07:14:13","modified_gmt":"2026-03-30T07:14:13","slug":"las-proteinas-en-una-alimentacion-saludable","status":"publish","type":"post","link":"https:\/\/disteco.com\/ca\/las-proteinas-en-una-alimentacion-saludable\/","title":{"rendered":"Les prote\u00efnes a una alimentaci\u00f3 saludable"},"content":{"rendered":"\n<figure class=\"wp-block-image\"><img loading=\"lazy\" decoding=\"async\" width=\"1024\" height=\"683\" src=\"https:\/\/disteco.com\/wp-content\/uploads\/2020\/03\/las-proteinas-en-una-alimentacion-saludable-1024x683.jpg\" alt=\"\" class=\"wp-image-211871\" srcset=\"https:\/\/disteco.com\/wp-content\/uploads\/2020\/03\/las-proteinas-en-una-alimentacion-saludable-980x653.jpg 980w, https:\/\/disteco.com\/wp-content\/uploads\/2020\/03\/las-proteinas-en-una-alimentacion-saludable-480x320.jpg 480w\" sizes=\"(min-width: 0px) and (max-width: 480px) 480px, (min-width: 481px) and (max-width: 980px) 980px, (min-width: 981px) 1024px, 100vw\" \/><\/figure>\n\n<h6 class=\"wp-block-heading\"><span style=\"color: #cc0000;\"><em>Les prote\u00efnes a una alimentaci\u00f3 saludable<\/em><\/span><\/h6>\n\n<p><\/p>\n\n<h1 class=\"wp-block-heading\"><strong>La import\u00e0ncia de les prote\u00efnes en una alimentaci\u00f3 saludable<\/strong><\/h1>\n\n<p>Per mantenir una a<strong>limentaci\u00f3 saludable i equilibrada<\/strong>, \u00e9s fonamental parar atenci\u00f3 als nutrients que consumim di\u00e0riament. Entre ells, les <strong>prote\u00efnes<\/strong> tenen un paper clau en el funcionament correcte de l&#8217;organisme, influint directament en la nostra salut, energia i benestar. <\/p>\n\n<p>Les prote\u00efnes s\u00f3n nutrients essencials que participen en m\u00faltiples funcions vitals, des de la <strong>formaci\u00f3 i reparaci\u00f3 dels m\u00fasculs<\/strong> fins al transport de nutrients i la regulaci\u00f3 de processos com ara la divisi\u00f3 cel\u00b7lular o el sistema immunol\u00f2gic.<\/p>\n\n<p><\/p>\n\n<h2 class=\"wp-block-heading\">Per qu\u00e8 s\u00f3n importants les prote\u00efnes a la dieta?<\/h2>\n\n<p>Les prote\u00efnes s\u00f3n indispensables per al manteniment de la massa muscular, la producci\u00f3 d&#8217;enzims i hormones i el funcionament correcte del metabolisme. Una dieta rica en prote\u00efnes contribueix a: <\/p>\n\n<ul class=\"wp-block-list\">\n<li>Mantenir i reparar teixits<\/li>\n\n\n\n<li>Afavorir el desenvolupament muscular<\/li>\n\n\n\n<li>Afavorir el desenvolupament muscular<\/li>\n\n\n\n<li>Aportar sensaci\u00f3 de sacietat<\/li>\n\n\n\n<li>Regular funciones metab\u00f3licas clave<\/li>\n<\/ul>\n\n<p>Per a un funcionament \u00f2ptim de l&#8217;organisme, es recomana una ingesta di\u00e0ria d&#8217;entre <strong>40 i 60 grams de prote\u00efnes<\/strong>, encara que aquesta quantitat pot augmentar en persones amb m\u00e9s activitat f\u00edsica, esportistes, dones embarassades o en per\u00edodes de recuperaci\u00f3.<\/p>\n\n<p><\/p>\n\n<h2 class=\"wp-block-heading\"><strong>Prote\u00efnes i amino\u00e0cids: en qu\u00e8 es diferencien?<\/strong><\/h2>\n\n<p>Les prote\u00efnes estan formades per estructures m\u00e9s petites anomenades <strong>amino\u00e0cids<\/strong>, que actuen com els seus components b\u00e0sics. Hi ha 20 amino\u00e0cids diferents, dels quals <strong>8 s\u00f3n essencials<\/strong>, cosa que significa que el cos no pot produir-los per si mateix i s&#8217;han d&#8217;obtenir a trav\u00e9s de l&#8217;alimentaci\u00f3. <\/p>\n\n<p>Els amino\u00e0cids essencials s\u00f3n necessaris perqu\u00e8 l&#8217;organisme pugui sintetitzar la resta d&#8217;amino\u00e0cids i mantenir-ne les funcions vitals en equilibri.<\/p>\n\n<p><\/p>\n\n<h2 class=\"wp-block-heading\"><strong>Tipus de prote\u00efnes: origen animal i vegetal<\/strong><\/h2>\n\n<p>Els amino\u00e0cids essencials estan tant en aliments d&#8217;origen animal com vegetal. No obstant aix\u00f2, hi ha difer\u00e8ncies importants entre tots dos: <\/p>\n\n<h3 class=\"wp-block-heading\"><strong>Prote\u00efnes d&#8217;origen animal<\/strong><\/h3>\n\n<p>Les prote\u00efnes presents en aliments com ara <strong>carn, peix, ous i lactis<\/strong> es consideren d&#8217;<strong>alt valor biol\u00f2gic<\/strong>, ja que contenen tots els amino\u00e0cids essencials en les proporcions adequades.<\/p>\n\n<h3 class=\"wp-block-heading\"><strong>Prote\u00efnes d&#8217;origen vegetal<\/strong><\/h3>\n\n<p>Es troben en aliments com <strong>llegums, cereals, fruits secs i llavors<\/strong>. Tot i que algunes s\u00f3n incompletes, la combinaci\u00f3 de diferents fonts vegetals permet obtenir prote\u00efnes d&#8217;alta qualitat nutricional. <\/p>\n\n<p><\/p>\n\n<p><\/p>\n\n<h2 class=\"wp-block-heading\"><strong>Com incloure prote\u00efnes en una dieta equilibrada<\/strong><\/h2>\n\n<p>Per seguir una <strong>dieta equilibrada<\/strong>, \u00e9s important combinar diferents fonts de prote\u00efnes amb altres grups d&#8217;aliments com ara fruites, verdures i greixos saludables. Algunes recomanacions clau s\u00f3n: <\/p>\n\n<ul class=\"wp-block-list\">\n<li>Incloure prote\u00efnes a cada \u00e0pat principal<\/li>\n\n\n\n<li>Combinar prote\u00efnes animals i vegetals<\/li>\n\n\n\n<li>Prioritzar aliments frescos i poc processats<\/li>\n\n\n\n<li>Adaptar la ingesta a les necessitats personals<\/li>\n<\/ul>\n\n<p>Una alimentaci\u00f3 variada i de qualitat garanteix l&#8217;aportaci\u00f3 de tots els nutrients necessaris per mantenir un estil de vida saludable.<\/p>\n\n<p><\/p>\n\n<h2 class=\"wp-block-heading\"><strong>La import\u00e0ncia de la qualitat en els aliments<\/strong><\/h2>\n\n<p>A m\u00e9s de la quantitat, la <strong>qualitat de les prote\u00efnes<\/strong> \u00e9s un factor determinant. Escollir productes frescos, segurs i d&#8217;origen controlat \u00e9s essencial per assegurar-ne una nutrici\u00f3 adequada. <\/p>\n\n<p>En aquest sentit, a <strong>Grup Alimentari Disteco<\/strong> som especialistes en la <strong>distribuci\u00f3 i elaboraci\u00f3 de productes alimentaris d&#8217;alta qualitat<\/strong>, garantint la m\u00e0xima frescor i seguretat a tota la cadena, des del productor fins al client final.<\/p>\n\n<p>El nostre comprom\u00eds \u00e9s oferir solucions que contribueixin a una alimentaci\u00f3 saludable, equilibrada i adaptada a les necessitats actuals del consumidor.<\/p>\n","protected":false},"excerpt":{"rendered":"<p>Per mantenir una alimentaci\u00f3 saludable i equilibrada, \u00e9s fonamental parar atenci\u00f3 als nutrients que consumim di\u00e0riament. <\/p>\n","protected":false},"author":1,"featured_media":211872,"comment_status":"open","ping_status":"open","sticky":false,"template":"","format":"image","meta":{"_et_pb_use_builder":"off","_et_pb_old_content":"","_et_gb_content_width":"","footnotes":""},"categories":[43],"tags":[122,99,95,105,121],"class_list":["post-211880","post","type-post","status-publish","format-image","has-post-thumbnail","hentry","category-ultimes-noticies","tag-alimentacio-saludable","tag-aliments-rics-en-proteines-ca","tag-carn-fresca","tag-dieta-saludable-ca","tag-gad-ca-2","post_format-post-format-image"],"yoast_head":"<!-- This site is optimized with the Yoast SEO plugin v26.9 - https:\/\/yoast.com\/product\/yoast-seo-wordpress\/ -->\n<title>Les prote\u00efnes a una alimentaci\u00f3 saludable - GADisteco<\/title>\n<meta name=\"description\" content=\"Per a una dieta equilibrada que ens mantingui sans i vitals, cal prestar una atenci\u00f3 especial a les prote\u00efnes en una alimentaci\u00f3 saludable.\" \/>\n<meta name=\"robots\" content=\"index, follow, max-snippet:-1, max-image-preview:large, max-video-preview:-1\" \/>\n<link rel=\"canonical\" href=\"https:\/\/disteco.com\/ca\/las-proteinas-en-una-alimentacion-saludable\/\" \/>\n<meta property=\"og:locale\" content=\"ca_ES\" \/>\n<meta property=\"og:type\" content=\"article\" \/>\n<meta property=\"og:title\" content=\"Les prote\u00efnes a una alimentaci\u00f3 saludable - GADisteco\" \/>\n<meta property=\"og:description\" content=\"Per a una dieta equilibrada que ens mantingui sans i vitals, cal prestar una atenci\u00f3 especial a les prote\u00efnes en una alimentaci\u00f3 saludable.\" \/>\n<meta property=\"og:url\" content=\"https:\/\/disteco.com\/ca\/las-proteinas-en-una-alimentacion-saludable\/\" \/>\n<meta property=\"og:site_name\" content=\"GRUP ALIMENTARI DISTECO\" \/>\n<meta property=\"article:publisher\" content=\"https:\/\/www.facebook.com\/grupalimentaridisteco\/\" \/>\n<meta property=\"article:published_time\" content=\"2026-03-13T11:30:54+00:00\" \/>\n<meta property=\"article:modified_time\" content=\"2026-03-30T07:14:13+00:00\" \/>\n<meta property=\"og:image\" content=\"https:\/\/disteco.com\/wp-content\/uploads\/2020\/03\/las-proteinas-en-una-alimentacion-saludable.jpg\" \/>\n\t<meta property=\"og:image:width\" content=\"1920\" \/>\n\t<meta property=\"og:image:height\" content=\"1280\" \/>\n\t<meta property=\"og:image:type\" content=\"image\/jpeg\" \/>\n<meta name=\"author\" content=\"GAD\" \/>\n<meta name=\"twitter:card\" content=\"summary_large_image\" \/>\n<meta name=\"twitter:creator\" content=\"@DistecoGrup\" \/>\n<meta name=\"twitter:site\" content=\"@DistecoGrup\" \/>\n<meta name=\"twitter:label1\" content=\"Escrit per\" \/>\n\t<meta name=\"twitter:data1\" content=\"GAD\" \/>\n\t<meta name=\"twitter:label2\" content=\"Temps estimat de lectura\" \/>\n\t<meta name=\"twitter:data2\" content=\"3 minut\" \/>\n<script type=\"application\/ld+json\" class=\"yoast-schema-graph\">{\"@context\":\"https:\/\/schema.org\",\"@graph\":[{\"@type\":\"Article\",\"@id\":\"https:\/\/disteco.com\/ca\/las-proteinas-en-una-alimentacion-saludable\/#article\",\"isPartOf\":{\"@id\":\"https:\/\/disteco.com\/ca\/las-proteinas-en-una-alimentacion-saludable\/\"},\"author\":{\"name\":\"GAD\",\"@id\":\"https:\/\/disteco.com\/ca\/#\/schema\/person\/4ea51f932b94228a72ce3c6332cfd3c0\"},\"headline\":\"Les prote\u00efnes a una alimentaci\u00f3 saludable\",\"datePublished\":\"2026-03-13T11:30:54+00:00\",\"dateModified\":\"2026-03-30T07:14:13+00:00\",\"mainEntityOfPage\":{\"@id\":\"https:\/\/disteco.com\/ca\/las-proteinas-en-una-alimentacion-saludable\/\"},\"wordCount\":598,\"commentCount\":0,\"publisher\":{\"@id\":\"https:\/\/disteco.com\/ca\/#organization\"},\"image\":{\"@id\":\"https:\/\/disteco.com\/ca\/las-proteinas-en-una-alimentacion-saludable\/#primaryimage\"},\"thumbnailUrl\":\"https:\/\/disteco.com\/wp-content\/uploads\/2020\/03\/las-proteinas-en-una-alimentacion-saludable.jpg\",\"keywords\":[\"alimentaci\u00f3 saludable\",\"aliments rics en prote\u00efnes\",\"carn fresca\",\"dieta saludable\",\"GAD\"],\"articleSection\":[\"\u00daltimes not\u00edcies\"],\"inLanguage\":\"ca\",\"potentialAction\":[{\"@type\":\"CommentAction\",\"name\":\"Comment\",\"target\":[\"https:\/\/disteco.com\/ca\/las-proteinas-en-una-alimentacion-saludable\/#respond\"]}]},{\"@type\":\"WebPage\",\"@id\":\"https:\/\/disteco.com\/ca\/las-proteinas-en-una-alimentacion-saludable\/\",\"url\":\"https:\/\/disteco.com\/ca\/las-proteinas-en-una-alimentacion-saludable\/\",\"name\":\"Les prote\u00efnes a una alimentaci\u00f3 saludable - GADisteco\",\"isPartOf\":{\"@id\":\"https:\/\/disteco.com\/ca\/#website\"},\"primaryImageOfPage\":{\"@id\":\"https:\/\/disteco.com\/ca\/las-proteinas-en-una-alimentacion-saludable\/#primaryimage\"},\"image\":{\"@id\":\"https:\/\/disteco.com\/ca\/las-proteinas-en-una-alimentacion-saludable\/#primaryimage\"},\"thumbnailUrl\":\"https:\/\/disteco.com\/wp-content\/uploads\/2020\/03\/las-proteinas-en-una-alimentacion-saludable.jpg\",\"datePublished\":\"2026-03-13T11:30:54+00:00\",\"dateModified\":\"2026-03-30T07:14:13+00:00\",\"description\":\"Per a una dieta equilibrada que ens mantingui sans i vitals, cal prestar una atenci\u00f3 especial a les prote\u00efnes en una alimentaci\u00f3 saludable.\",\"breadcrumb\":{\"@id\":\"https:\/\/disteco.com\/ca\/las-proteinas-en-una-alimentacion-saludable\/#breadcrumb\"},\"inLanguage\":\"ca\",\"potentialAction\":[{\"@type\":\"ReadAction\",\"target\":[\"https:\/\/disteco.com\/ca\/las-proteinas-en-una-alimentacion-saludable\/\"]}]},{\"@type\":\"ImageObject\",\"inLanguage\":\"ca\",\"@id\":\"https:\/\/disteco.com\/ca\/las-proteinas-en-una-alimentacion-saludable\/#primaryimage\",\"url\":\"https:\/\/disteco.com\/wp-content\/uploads\/2020\/03\/las-proteinas-en-una-alimentacion-saludable.jpg\",\"contentUrl\":\"https:\/\/disteco.com\/wp-content\/uploads\/2020\/03\/las-proteinas-en-una-alimentacion-saludable.jpg\",\"width\":1920,\"height\":1280,\"caption\":\"La importancia de las prote\u00ednas en una alimentaci\u00f3n saludable\"},{\"@type\":\"BreadcrumbList\",\"@id\":\"https:\/\/disteco.com\/ca\/las-proteinas-en-una-alimentacion-saludable\/#breadcrumb\",\"itemListElement\":[{\"@type\":\"ListItem\",\"position\":1,\"name\":\"Portada\",\"item\":\"https:\/\/disteco.com\/ca\/\"},{\"@type\":\"ListItem\",\"position\":2,\"name\":\"Les prote\u00efnes a una alimentaci\u00f3 saludable\"}]},{\"@type\":\"WebSite\",\"@id\":\"https:\/\/disteco.com\/ca\/#website\",\"url\":\"https:\/\/disteco.com\/ca\/\",\"name\":\"GRUP ALIMENTARI DISTECO\",\"description\":\"Distribuci\u00f3 aliment\u00e0ria de productes d'alta qualitat\",\"publisher\":{\"@id\":\"https:\/\/disteco.com\/ca\/#organization\"},\"potentialAction\":[{\"@type\":\"SearchAction\",\"target\":{\"@type\":\"EntryPoint\",\"urlTemplate\":\"https:\/\/disteco.com\/ca\/?s={search_term_string}\"},\"query-input\":{\"@type\":\"PropertyValueSpecification\",\"valueRequired\":true,\"valueName\":\"search_term_string\"}}],\"inLanguage\":\"ca\"},{\"@type\":\"Organization\",\"@id\":\"https:\/\/disteco.com\/ca\/#organization\",\"name\":\"GRUP ALIMENTARI DISTECO\",\"url\":\"https:\/\/disteco.com\/ca\/\",\"logo\":{\"@type\":\"ImageObject\",\"inLanguage\":\"ca\",\"@id\":\"https:\/\/disteco.com\/ca\/#\/schema\/logo\/image\/\",\"url\":\"https:\/\/disteco.com\/wp-content\/uploads\/2017\/03\/logo-grup-alimentari-disteco.png\",\"contentUrl\":\"https:\/\/disteco.com\/wp-content\/uploads\/2017\/03\/logo-grup-alimentari-disteco.png\",\"width\":600,\"height\":61,\"caption\":\"GRUP ALIMENTARI DISTECO\"},\"image\":{\"@id\":\"https:\/\/disteco.com\/ca\/#\/schema\/logo\/image\/\"},\"sameAs\":[\"https:\/\/www.facebook.com\/grupalimentaridisteco\/\",\"https:\/\/x.com\/DistecoGrup\",\"https:\/\/www.instagram.com\/gadisteco\/\",\"https:\/\/www.linkedin.com\/company\/grup-alimentari-disteco\/\",\"https:\/\/www.youtube.com\/@grupalimentaridisteco572\"]},{\"@type\":\"Person\",\"@id\":\"https:\/\/disteco.com\/ca\/#\/schema\/person\/4ea51f932b94228a72ce3c6332cfd3c0\",\"name\":\"GAD\",\"image\":{\"@type\":\"ImageObject\",\"inLanguage\":\"ca\",\"@id\":\"https:\/\/disteco.com\/ca\/#\/schema\/person\/image\/\",\"url\":\"https:\/\/secure.gravatar.com\/avatar\/c03aafdc2e714d25acb2f145eda11ecc45ef17c5219efd6cfba9f6a37f404cfe?s=96&d=mm&r=g\",\"contentUrl\":\"https:\/\/secure.gravatar.com\/avatar\/c03aafdc2e714d25acb2f145eda11ecc45ef17c5219efd6cfba9f6a37f404cfe?s=96&d=mm&r=g\",\"caption\":\"GAD\"},\"url\":\"https:\/\/disteco.com\/ca\/author\/baraka\/\"}]}<\/script>\n<!-- \/ Yoast SEO plugin. -->","yoast_head_json":{"title":"Les prote\u00efnes a una alimentaci\u00f3 saludable - GADisteco","description":"Per a una dieta equilibrada que ens mantingui sans i vitals, cal prestar una atenci\u00f3 especial a les prote\u00efnes en una alimentaci\u00f3 saludable.","robots":{"index":"index","follow":"follow","max-snippet":"max-snippet:-1","max-image-preview":"max-image-preview:large","max-video-preview":"max-video-preview:-1"},"canonical":"https:\/\/disteco.com\/ca\/las-proteinas-en-una-alimentacion-saludable\/","og_locale":"ca_ES","og_type":"article","og_title":"Les prote\u00efnes a una alimentaci\u00f3 saludable - GADisteco","og_description":"Per a una dieta equilibrada que ens mantingui sans i vitals, cal prestar una atenci\u00f3 especial a les prote\u00efnes en una alimentaci\u00f3 saludable.","og_url":"https:\/\/disteco.com\/ca\/las-proteinas-en-una-alimentacion-saludable\/","og_site_name":"GRUP ALIMENTARI DISTECO","article_publisher":"https:\/\/www.facebook.com\/grupalimentaridisteco\/","article_published_time":"2026-03-13T11:30:54+00:00","article_modified_time":"2026-03-30T07:14:13+00:00","og_image":[{"width":1920,"height":1280,"url":"https:\/\/disteco.com\/wp-content\/uploads\/2020\/03\/las-proteinas-en-una-alimentacion-saludable.jpg","type":"image\/jpeg"}],"author":"GAD","twitter_card":"summary_large_image","twitter_creator":"@DistecoGrup","twitter_site":"@DistecoGrup","twitter_misc":{"Escrit per":"GAD","Temps estimat de lectura":"3 minut"},"schema":{"@context":"https:\/\/schema.org","@graph":[{"@type":"Article","@id":"https:\/\/disteco.com\/ca\/las-proteinas-en-una-alimentacion-saludable\/#article","isPartOf":{"@id":"https:\/\/disteco.com\/ca\/las-proteinas-en-una-alimentacion-saludable\/"},"author":{"name":"GAD","@id":"https:\/\/disteco.com\/ca\/#\/schema\/person\/4ea51f932b94228a72ce3c6332cfd3c0"},"headline":"Les prote\u00efnes a una alimentaci\u00f3 saludable","datePublished":"2026-03-13T11:30:54+00:00","dateModified":"2026-03-30T07:14:13+00:00","mainEntityOfPage":{"@id":"https:\/\/disteco.com\/ca\/las-proteinas-en-una-alimentacion-saludable\/"},"wordCount":598,"commentCount":0,"publisher":{"@id":"https:\/\/disteco.com\/ca\/#organization"},"image":{"@id":"https:\/\/disteco.com\/ca\/las-proteinas-en-una-alimentacion-saludable\/#primaryimage"},"thumbnailUrl":"https:\/\/disteco.com\/wp-content\/uploads\/2020\/03\/las-proteinas-en-una-alimentacion-saludable.jpg","keywords":["alimentaci\u00f3 saludable","aliments rics en prote\u00efnes","carn fresca","dieta saludable","GAD"],"articleSection":["\u00daltimes not\u00edcies"],"inLanguage":"ca","potentialAction":[{"@type":"CommentAction","name":"Comment","target":["https:\/\/disteco.com\/ca\/las-proteinas-en-una-alimentacion-saludable\/#respond"]}]},{"@type":"WebPage","@id":"https:\/\/disteco.com\/ca\/las-proteinas-en-una-alimentacion-saludable\/","url":"https:\/\/disteco.com\/ca\/las-proteinas-en-una-alimentacion-saludable\/","name":"Les prote\u00efnes a una alimentaci\u00f3 saludable - GADisteco","isPartOf":{"@id":"https:\/\/disteco.com\/ca\/#website"},"primaryImageOfPage":{"@id":"https:\/\/disteco.com\/ca\/las-proteinas-en-una-alimentacion-saludable\/#primaryimage"},"image":{"@id":"https:\/\/disteco.com\/ca\/las-proteinas-en-una-alimentacion-saludable\/#primaryimage"},"thumbnailUrl":"https:\/\/disteco.com\/wp-content\/uploads\/2020\/03\/las-proteinas-en-una-alimentacion-saludable.jpg","datePublished":"2026-03-13T11:30:54+00:00","dateModified":"2026-03-30T07:14:13+00:00","description":"Per a una dieta equilibrada que ens mantingui sans i vitals, cal prestar una atenci\u00f3 especial a les prote\u00efnes en una alimentaci\u00f3 saludable.","breadcrumb":{"@id":"https:\/\/disteco.com\/ca\/las-proteinas-en-una-alimentacion-saludable\/#breadcrumb"},"inLanguage":"ca","potentialAction":[{"@type":"ReadAction","target":["https:\/\/disteco.com\/ca\/las-proteinas-en-una-alimentacion-saludable\/"]}]},{"@type":"ImageObject","inLanguage":"ca","@id":"https:\/\/disteco.com\/ca\/las-proteinas-en-una-alimentacion-saludable\/#primaryimage","url":"https:\/\/disteco.com\/wp-content\/uploads\/2020\/03\/las-proteinas-en-una-alimentacion-saludable.jpg","contentUrl":"https:\/\/disteco.com\/wp-content\/uploads\/2020\/03\/las-proteinas-en-una-alimentacion-saludable.jpg","width":1920,"height":1280,"caption":"La importancia de las prote\u00ednas en una alimentaci\u00f3n saludable"},{"@type":"BreadcrumbList","@id":"https:\/\/disteco.com\/ca\/las-proteinas-en-una-alimentacion-saludable\/#breadcrumb","itemListElement":[{"@type":"ListItem","position":1,"name":"Portada","item":"https:\/\/disteco.com\/ca\/"},{"@type":"ListItem","position":2,"name":"Les prote\u00efnes a una alimentaci\u00f3 saludable"}]},{"@type":"WebSite","@id":"https:\/\/disteco.com\/ca\/#website","url":"https:\/\/disteco.com\/ca\/","name":"GRUP ALIMENTARI DISTECO","description":"Distribuci\u00f3 aliment\u00e0ria de productes d'alta qualitat","publisher":{"@id":"https:\/\/disteco.com\/ca\/#organization"},"potentialAction":[{"@type":"SearchAction","target":{"@type":"EntryPoint","urlTemplate":"https:\/\/disteco.com\/ca\/?s={search_term_string}"},"query-input":{"@type":"PropertyValueSpecification","valueRequired":true,"valueName":"search_term_string"}}],"inLanguage":"ca"},{"@type":"Organization","@id":"https:\/\/disteco.com\/ca\/#organization","name":"GRUP ALIMENTARI DISTECO","url":"https:\/\/disteco.com\/ca\/","logo":{"@type":"ImageObject","inLanguage":"ca","@id":"https:\/\/disteco.com\/ca\/#\/schema\/logo\/image\/","url":"https:\/\/disteco.com\/wp-content\/uploads\/2017\/03\/logo-grup-alimentari-disteco.png","contentUrl":"https:\/\/disteco.com\/wp-content\/uploads\/2017\/03\/logo-grup-alimentari-disteco.png","width":600,"height":61,"caption":"GRUP ALIMENTARI DISTECO"},"image":{"@id":"https:\/\/disteco.com\/ca\/#\/schema\/logo\/image\/"},"sameAs":["https:\/\/www.facebook.com\/grupalimentaridisteco\/","https:\/\/x.com\/DistecoGrup","https:\/\/www.instagram.com\/gadisteco\/","https:\/\/www.linkedin.com\/company\/grup-alimentari-disteco\/","https:\/\/www.youtube.com\/@grupalimentaridisteco572"]},{"@type":"Person","@id":"https:\/\/disteco.com\/ca\/#\/schema\/person\/4ea51f932b94228a72ce3c6332cfd3c0","name":"GAD","image":{"@type":"ImageObject","inLanguage":"ca","@id":"https:\/\/disteco.com\/ca\/#\/schema\/person\/image\/","url":"https:\/\/secure.gravatar.com\/avatar\/c03aafdc2e714d25acb2f145eda11ecc45ef17c5219efd6cfba9f6a37f404cfe?s=96&d=mm&r=g","contentUrl":"https:\/\/secure.gravatar.com\/avatar\/c03aafdc2e714d25acb2f145eda11ecc45ef17c5219efd6cfba9f6a37f404cfe?s=96&d=mm&r=g","caption":"GAD"},"url":"https:\/\/disteco.com\/ca\/author\/baraka\/"}]}},"_links":{"self":[{"href":"https:\/\/disteco.com\/ca\/wp-json\/wp\/v2\/posts\/211880","targetHints":{"allow":["GET"]}}],"collection":[{"href":"https:\/\/disteco.com\/ca\/wp-json\/wp\/v2\/posts"}],"about":[{"href":"https:\/\/disteco.com\/ca\/wp-json\/wp\/v2\/types\/post"}],"author":[{"embeddable":true,"href":"https:\/\/disteco.com\/ca\/wp-json\/wp\/v2\/users\/1"}],"replies":[{"embeddable":true,"href":"https:\/\/disteco.com\/ca\/wp-json\/wp\/v2\/comments?post=211880"}],"version-history":[{"count":9,"href":"https:\/\/disteco.com\/ca\/wp-json\/wp\/v2\/posts\/211880\/revisions"}],"predecessor-version":[{"id":258393,"href":"https:\/\/disteco.com\/ca\/wp-json\/wp\/v2\/posts\/211880\/revisions\/258393"}],"wp:featuredmedia":[{"embeddable":true,"href":"https:\/\/disteco.com\/ca\/wp-json\/wp\/v2\/media\/211872"}],"wp:attachment":[{"href":"https:\/\/disteco.com\/ca\/wp-json\/wp\/v2\/media?parent=211880"}],"wp:term":[{"taxonomy":"category","embeddable":true,"href":"https:\/\/disteco.com\/ca\/wp-json\/wp\/v2\/categories?post=211880"},{"taxonomy":"post_tag","embeddable":true,"href":"https:\/\/disteco.com\/ca\/wp-json\/wp\/v2\/tags?post=211880"}],"curies":[{"name":"wp","href":"https:\/\/api.w.org\/{rel}","templated":true}]}}