{"id":211518,"date":"2025-12-05T11:26:00","date_gmt":"2025-12-05T11:26:00","guid":{"rendered":"https:\/\/disteco.com\/?p=211518"},"modified":"2025-12-07T19:14:31","modified_gmt":"2025-12-07T19:14:31","slug":"talls-de-carn-ideals-per-nadal","status":"publish","type":"post","link":"https:\/\/disteco.com\/ca\/talls-de-carn-ideals-per-nadal\/","title":{"rendered":"Talls de carn ideals per Nadal"},"content":{"rendered":"\n<figure class=\"wp-block-image\"><img loading=\"lazy\" decoding=\"async\" width=\"1024\" height=\"682\" src=\"https:\/\/disteco.com\/wp-content\/uploads\/2019\/12\/Cortes-de-carne-ideales-para-navidad-1024x682.jpg\" alt=\"\" class=\"wp-image-211512\" srcset=\"https:\/\/disteco.com\/wp-content\/uploads\/2019\/12\/Cortes-de-carne-ideales-para-navidad-980x652.jpg 980w, https:\/\/disteco.com\/wp-content\/uploads\/2019\/12\/Cortes-de-carne-ideales-para-navidad-480x320.jpg 480w\" sizes=\"(min-width: 0px) and (max-width: 480px) 480px, (min-width: 481px) and (max-width: 980px) 980px, (min-width: 981px) 1024px, 100vw\" \/><\/figure>\n<p><strong><span style=\"color: #cc0000;\"><em>Talls de carn ideals per Nadal<\/em><\/span><\/strong><\/p>\n\n<p class=\"has-very-dark-gray-color has-text-color\"><\/p>\n\n<h1 class=\"wp-block-heading\"><strong>Els talls de carn ideals per Nadal<\/strong><\/h1>\n\n<p>El Nadal \u00e9s una de les \u00e8poques en qu\u00e8 la cuina adquireix m\u00e9s rellev\u00e0ncia. Les celebracions familiars, les trobades amb amics i els men\u00fas tradicionals es concentren en pocs dies, cosa que acostuma a elevar el preu de molts productes t\u00edpics. Tot i aix\u00ed, \u00e9s possible elaborar plats festius amb talls de carn de qualitat sense que el pressupost augmenti en exc\u00e9s. A continuaci\u00f3, presentem dues receptes basades en <strong>vedella Angus<\/strong> i <strong>porc<\/strong>, dues opcions molt apreciades pel seu sabor i tendresa, i que ofereixen una magn\u00edfica relaci\u00f3 qualitat-preu durant la temporada nadalenca.  <\/p>\n\n<p><\/p>\n\n<h2 class=\"wp-block-heading\"><strong>Pasta de full farcida de vedella Angus i bolets<\/strong><\/h2>\n\n<p>Aquest past\u00eds salat \u00e9s una opci\u00f3 elegant i assequible per iniciar un men\u00fa nadalenc o per servir com a plat principal. La vedella Angus aporta sucositat, mentre que els bolets reforcen la profunditat de sabor. <\/p>\n\n<h3 class=\"wp-block-heading\"><strong>Ingredients<\/strong><\/h3>\n\n<ul class=\"wp-block-list\">\n<li>1 placa de pasta de full fresca<\/li>\n\n\n\n<li>400 g de carn picada de vedella Angus<\/li>\n\n\n\n<li>150 g de bolets o xampinyons<\/li>\n\n\n\n<li>1 ceba picada fina<\/li>\n\n\n\n<li>1 gra d&#8217;all<\/li>\n\n\n\n<li>1 rovell d&#8217;ou<\/li>\n\n\n\n<li>Oli d&#8217;oliva<\/li>\n\n\n\n<li>Esp\u00e8cies al gust: farigola, pebre negre, sal, s\u00e0lvia o roman\u00ed<\/li>\n<\/ul>\n\n<h3 class=\"wp-block-heading\"><strong>Preparaci\u00f3<\/strong><\/h3>\n\n<ol class=\"wp-block-list\">\n<li>Sofregiu la ceba i l&#8217;all amb un rajol\u00ed d&#8217;oli d&#8217;oliva. Quan la ceba estigui tendra, incorpora la carn Angus picada i salpebra. Cuina fins que estigui feta i passa la barreja per un colador per retirar el greix i els sucs generats durant la cocci\u00f3.  <\/li>\n\n\n\n<li>Salta els bolets per separat durant uns minuts amb sal i farigola, procurant que mantinguin la textura.<\/li>\n\n\n\n<li>Est\u00e9n la l\u00e0mina de pasta de full i distribueix la carn al centre. Afegeix despr\u00e9s els bolets. Tanca la pasta de full doblegant les vores i, si ho desitges, afegeix detalls decoratius amb retallades de la mateixa massa.  <\/li>\n\n\n\n<li>Pinzella la superf\u00edcie amb rovell d&#8217;ou. Forneja a 200 \u00b0C durant 18 a 20 minuts, fins que estigui daurat. <\/li>\n\n\n\n<li>Es pot servir com a entrant fred o com a plat principal acompanyat d&#8217;una amanida lleugera.<\/li>\n<\/ol>\n\n<p>L\u00b4\u00fas de <strong>vedella Angus picada<\/strong> permet gaudir d\u00b4un sabor excepcional sense rec\u00f3rrer a talls m\u00e9s cars, convertint aquesta recepta en una alternativa perfecta per a un men\u00fa nadalenc equilibrat.<\/p>\n\n<p><\/p>\n\n<h2 class=\"wp-block-heading\"><strong>Filet de porc glacejat a la taronja<\/strong><\/h2>\n\n<p>El filet de porc \u00e9s un dels talls m\u00e9s agra\u00efts a la cuina: tendre, econ\u00f2mic i vers\u00e0til. En aquesta versi\u00f3 glacejada amb taronja es converteix en un plat principal festiu, arom\u00e0tic i accessible. <\/p>\n\n<h3 class=\"wp-block-heading\"><strong>Ingredients<\/strong><\/h3>\n\n<ul class=\"wp-block-list\">\n<li>2 filets de porc<\/li>\n\n\n\n<li>1 ceba petita<\/li>\n\n\n\n<li>150 ml de suc de taronja i la ratlladura d&#8217;una taronja<\/li>\n\n\n\n<li>30 ml de salsa de soja<\/li>\n\n\n\n<li>15 g de mostassa<\/li>\n\n\n\n<li>1 cullerada de sucre bru<\/li>\n\n\n\n<li>Romero, pebre negre i sal<\/li>\n<\/ul>\n\n<h3 class=\"wp-block-heading\"><strong>Preparaci\u00f3<\/strong><\/h3>\n\n<ol class=\"wp-block-list\">\n<li>Neteja els filets i eixuga&#8217;ls amb paper de cuina. Salpebreu-los. <\/li>\n\n\n\n<li>Prepara una marinada barrejant el suc i la ratlladura de taronja amb la salsa de soja, la mostassa, el sucre bru i el roman\u00ed.<\/li>\n\n\n\n<li>Fes la ceba tallada a tires fins que comenci a daurar-se.<\/li>\n\n\n\n<li>Retira la ceba i segella els filets de porc a la mateixa paella, daurant-los per tots els costats.<\/li>\n\n\n\n<li>Afegiu-hi la ceba de nou i incorporeu-hi la marinada. Cuineu-ho a foc mitj\u00e0 durant uns deu minuts, fins que la salsa es redueixi i formi un gla\u00e7atge brillant que cobreixi la carn. <\/li>\n\n\n\n<li>Serveix-lo amb pur\u00e9 de patates, arr\u00f2s arom\u00e0tic o verdures de temporada.<\/li>\n<\/ol>\n\n<p>El <strong> filet de porc <\/strong> \u00e9s un dels talls m\u00e9s recomanats per a aquestes dates, ja que permet assolir un plat principal d&#8217;aspecte festiu i sabor equilibrat amb un cost moderat.<\/p>\n\n<h2 class=\"wp-block-heading\"><strong>Carns de qualitat per a un men\u00fa nadalenc complet<\/strong><\/h2>\n\n<p>La <strong>vedella Angus en format picat <\/strong> i <strong>els talls de porc <\/strong> com el filet, la paleta o el secret s&#8217;han consolidat com a alternatives excel\u00b7lents per dissenyar men\u00fas nadalencs que combinen sabor, accessibilitat i qualitat. Aquests talls permeten elaborar receptes variades sense que el pressupost suposi una barrera. <\/p>\n\n<h2 class=\"wp-block-heading\"><strong>Qualitat i proximitat durant tot l\u00b4any<\/strong><\/h2>\n\n<p>A <strong><a href=\"https:\/\/disteco.com\/ca\/\">Grup Alimentari Disteco<\/a><\/strong> seleccionem carns de prove\u00efdors de proximitat i productors km0 que garanteixen frescor, tra\u00e7abilitat i preus competitius al llarg de tot l&#8217;any. La nostra xarxa de distribuci\u00f3 i el comprom\u00eds amb la qualitat ens permeten oferir opcions vers\u00e0tils per a men\u00fas nadalencs adaptats a diferents necessitats i pressupostos.<\/p>\n\n<p class=\"has-very-dark-gray-color has-text-color\">Si vols planificar un men\u00fa equilibrat i de qualitat per a les festes, el nostre equip pot assessorar-te en l&#8217;elecci\u00f3 dels <a href=\"https:\/\/disteco.com\/ca\/carns\/anguscat\/\">talls de vedella Angus<\/a> i <a href=\"https:\/\/disteco.com\/ca\/carns\/\">porc<\/a> m\u00e9s adequats per a cada elaboraci\u00f3.<\/p>\n","protected":false},"excerpt":{"rendered":"<p>El Nadal \u00e9s una de les \u00e8poques en qu\u00e8 la cuina adquireix m\u00e9s rellev\u00e0ncia. Les celebracions familiars, les trobades amb amics i els men\u00fas tradicionals <\/p>\n","protected":false},"author":1,"featured_media":211513,"comment_status":"open","ping_status":"open","sticky":false,"template":"","format":"image","meta":{"_et_pb_use_builder":"off","_et_pb_old_content":"","_et_gb_content_width":"","footnotes":""},"categories":[43],"tags":[909,126,140,121,63,141,910],"class_list":["post-211518","post","type-post","status-publish","format-image","has-post-thumbnail","hentry","category-ultimes-noticies","tag-carn-ca","tag-compres-de-nadal","tag-festes","tag-gad-ca-2","tag-gastronomia-ca-2","tag-nadal","tag-tall-ca","post_format-post-format-image"],"yoast_head":"<!-- This site is optimized with the Yoast SEO plugin v26.9 - https:\/\/yoast.com\/product\/yoast-seo-wordpress\/ -->\n<title>Talls de carn ideals per Nadal - GRUP ALIMENTARI DISTECO<\/title>\n<meta name=\"description\" content=\"Descobreix receptes nadalenques econ\u00f2miques amb vedella Angus i porc. Idees saboroses per a un men\u00fa de Nadal de qualitat sense gastar de m\u00e9s.\" \/>\n<meta name=\"robots\" content=\"index, follow, max-snippet:-1, max-image-preview:large, max-video-preview:-1\" \/>\n<link rel=\"canonical\" href=\"https:\/\/disteco.com\/ca\/talls-de-carn-ideals-per-nadal\/\" \/>\n<meta property=\"og:locale\" content=\"ca_ES\" \/>\n<meta property=\"og:type\" content=\"article\" \/>\n<meta property=\"og:title\" content=\"Talls de carn ideals per Nadal - GRUP ALIMENTARI DISTECO\" \/>\n<meta property=\"og:description\" content=\"Descobreix receptes nadalenques econ\u00f2miques amb vedella Angus i porc. Idees saboroses per a un men\u00fa de Nadal de qualitat sense gastar de m\u00e9s.\" \/>\n<meta property=\"og:url\" content=\"https:\/\/disteco.com\/ca\/talls-de-carn-ideals-per-nadal\/\" \/>\n<meta property=\"og:site_name\" content=\"GRUP ALIMENTARI DISTECO\" \/>\n<meta property=\"article:publisher\" content=\"https:\/\/www.facebook.com\/grupalimentaridisteco\/\" \/>\n<meta property=\"article:published_time\" content=\"2025-12-05T11:26:00+00:00\" \/>\n<meta property=\"article:modified_time\" content=\"2025-12-07T19:14:31+00:00\" \/>\n<meta property=\"og:image\" content=\"https:\/\/disteco.com\/wp-content\/uploads\/2019\/12\/Cortes-de-carne-ideales-para-navidad.jpg\" \/>\n\t<meta property=\"og:image:width\" content=\"1920\" \/>\n\t<meta property=\"og:image:height\" content=\"1278\" \/>\n\t<meta property=\"og:image:type\" content=\"image\/jpeg\" \/>\n<meta name=\"author\" content=\"GAD\" \/>\n<meta name=\"twitter:card\" content=\"summary_large_image\" \/>\n<meta name=\"twitter:creator\" content=\"@DistecoGrup\" \/>\n<meta name=\"twitter:site\" content=\"@DistecoGrup\" \/>\n<meta name=\"twitter:label1\" content=\"Escrit per\" \/>\n\t<meta name=\"twitter:data1\" content=\"GAD\" \/>\n\t<meta name=\"twitter:label2\" content=\"Temps estimat de lectura\" \/>\n\t<meta name=\"twitter:data2\" content=\"4 minut\" \/>\n<script type=\"application\/ld+json\" class=\"yoast-schema-graph\">{\"@context\":\"https:\/\/schema.org\",\"@graph\":[{\"@type\":\"Article\",\"@id\":\"https:\/\/disteco.com\/ca\/talls-de-carn-ideals-per-nadal\/#article\",\"isPartOf\":{\"@id\":\"https:\/\/disteco.com\/ca\/talls-de-carn-ideals-per-nadal\/\"},\"author\":{\"name\":\"GAD\",\"@id\":\"https:\/\/disteco.com\/ca\/#\/schema\/person\/4ea51f932b94228a72ce3c6332cfd3c0\"},\"headline\":\"Talls de carn ideals per Nadal\",\"datePublished\":\"2025-12-05T11:26:00+00:00\",\"dateModified\":\"2025-12-07T19:14:31+00:00\",\"mainEntityOfPage\":{\"@id\":\"https:\/\/disteco.com\/ca\/talls-de-carn-ideals-per-nadal\/\"},\"wordCount\":762,\"commentCount\":0,\"publisher\":{\"@id\":\"https:\/\/disteco.com\/ca\/#organization\"},\"image\":{\"@id\":\"https:\/\/disteco.com\/ca\/talls-de-carn-ideals-per-nadal\/#primaryimage\"},\"thumbnailUrl\":\"https:\/\/disteco.com\/wp-content\/uploads\/2019\/12\/Cortes-de-carne-ideales-para-navidad.jpg\",\"keywords\":[\"carn\",\"compres de Nadal\",\"festes\",\"GAD\",\"gastronomia\",\"nadal\",\"tall\"],\"articleSection\":[\"\u00daltimes not\u00edcies\"],\"inLanguage\":\"ca\",\"potentialAction\":[{\"@type\":\"CommentAction\",\"name\":\"Comment\",\"target\":[\"https:\/\/disteco.com\/ca\/talls-de-carn-ideals-per-nadal\/#respond\"]}]},{\"@type\":\"WebPage\",\"@id\":\"https:\/\/disteco.com\/ca\/talls-de-carn-ideals-per-nadal\/\",\"url\":\"https:\/\/disteco.com\/ca\/talls-de-carn-ideals-per-nadal\/\",\"name\":\"Talls de carn ideals per Nadal - GRUP ALIMENTARI DISTECO\",\"isPartOf\":{\"@id\":\"https:\/\/disteco.com\/ca\/#website\"},\"primaryImageOfPage\":{\"@id\":\"https:\/\/disteco.com\/ca\/talls-de-carn-ideals-per-nadal\/#primaryimage\"},\"image\":{\"@id\":\"https:\/\/disteco.com\/ca\/talls-de-carn-ideals-per-nadal\/#primaryimage\"},\"thumbnailUrl\":\"https:\/\/disteco.com\/wp-content\/uploads\/2019\/12\/Cortes-de-carne-ideales-para-navidad.jpg\",\"datePublished\":\"2025-12-05T11:26:00+00:00\",\"dateModified\":\"2025-12-07T19:14:31+00:00\",\"description\":\"Descobreix receptes nadalenques econ\u00f2miques amb vedella Angus i porc. Idees saboroses per a un men\u00fa de Nadal de qualitat sense gastar de m\u00e9s.\",\"breadcrumb\":{\"@id\":\"https:\/\/disteco.com\/ca\/talls-de-carn-ideals-per-nadal\/#breadcrumb\"},\"inLanguage\":\"ca\",\"potentialAction\":[{\"@type\":\"ReadAction\",\"target\":[\"https:\/\/disteco.com\/ca\/talls-de-carn-ideals-per-nadal\/\"]}]},{\"@type\":\"ImageObject\",\"inLanguage\":\"ca\",\"@id\":\"https:\/\/disteco.com\/ca\/talls-de-carn-ideals-per-nadal\/#primaryimage\",\"url\":\"https:\/\/disteco.com\/wp-content\/uploads\/2019\/12\/Cortes-de-carne-ideales-para-navidad.jpg\",\"contentUrl\":\"https:\/\/disteco.com\/wp-content\/uploads\/2019\/12\/Cortes-de-carne-ideales-para-navidad.jpg\",\"width\":1920,\"height\":1278,\"caption\":\"Cortes de carne ideales para Navidad\"},{\"@type\":\"BreadcrumbList\",\"@id\":\"https:\/\/disteco.com\/ca\/talls-de-carn-ideals-per-nadal\/#breadcrumb\",\"itemListElement\":[{\"@type\":\"ListItem\",\"position\":1,\"name\":\"Portada\",\"item\":\"https:\/\/disteco.com\/ca\/\"},{\"@type\":\"ListItem\",\"position\":2,\"name\":\"Talls de carn ideals per Nadal\"}]},{\"@type\":\"WebSite\",\"@id\":\"https:\/\/disteco.com\/ca\/#website\",\"url\":\"https:\/\/disteco.com\/ca\/\",\"name\":\"GRUP ALIMENTARI DISTECO\",\"description\":\"Distribuci\u00f3 aliment\u00e0ria de productes d'alta qualitat\",\"publisher\":{\"@id\":\"https:\/\/disteco.com\/ca\/#organization\"},\"potentialAction\":[{\"@type\":\"SearchAction\",\"target\":{\"@type\":\"EntryPoint\",\"urlTemplate\":\"https:\/\/disteco.com\/ca\/?s={search_term_string}\"},\"query-input\":{\"@type\":\"PropertyValueSpecification\",\"valueRequired\":true,\"valueName\":\"search_term_string\"}}],\"inLanguage\":\"ca\"},{\"@type\":\"Organization\",\"@id\":\"https:\/\/disteco.com\/ca\/#organization\",\"name\":\"GRUP ALIMENTARI DISTECO\",\"url\":\"https:\/\/disteco.com\/ca\/\",\"logo\":{\"@type\":\"ImageObject\",\"inLanguage\":\"ca\",\"@id\":\"https:\/\/disteco.com\/ca\/#\/schema\/logo\/image\/\",\"url\":\"https:\/\/disteco.com\/wp-content\/uploads\/2017\/03\/logo-grup-alimentari-disteco.png\",\"contentUrl\":\"https:\/\/disteco.com\/wp-content\/uploads\/2017\/03\/logo-grup-alimentari-disteco.png\",\"width\":600,\"height\":61,\"caption\":\"GRUP ALIMENTARI DISTECO\"},\"image\":{\"@id\":\"https:\/\/disteco.com\/ca\/#\/schema\/logo\/image\/\"},\"sameAs\":[\"https:\/\/www.facebook.com\/grupalimentaridisteco\/\",\"https:\/\/x.com\/DistecoGrup\",\"https:\/\/www.instagram.com\/gadisteco\/\",\"https:\/\/www.linkedin.com\/company\/grup-alimentari-disteco\/\",\"https:\/\/www.youtube.com\/@grupalimentaridisteco572\"]},{\"@type\":\"Person\",\"@id\":\"https:\/\/disteco.com\/ca\/#\/schema\/person\/4ea51f932b94228a72ce3c6332cfd3c0\",\"name\":\"GAD\",\"image\":{\"@type\":\"ImageObject\",\"inLanguage\":\"ca\",\"@id\":\"https:\/\/disteco.com\/ca\/#\/schema\/person\/image\/\",\"url\":\"https:\/\/secure.gravatar.com\/avatar\/c03aafdc2e714d25acb2f145eda11ecc45ef17c5219efd6cfba9f6a37f404cfe?s=96&d=mm&r=g\",\"contentUrl\":\"https:\/\/secure.gravatar.com\/avatar\/c03aafdc2e714d25acb2f145eda11ecc45ef17c5219efd6cfba9f6a37f404cfe?s=96&d=mm&r=g\",\"caption\":\"GAD\"},\"url\":\"https:\/\/disteco.com\/ca\/author\/baraka\/\"}]}<\/script>\n<!-- \/ Yoast SEO plugin. -->","yoast_head_json":{"title":"Talls de carn ideals per Nadal - GRUP ALIMENTARI DISTECO","description":"Descobreix receptes nadalenques econ\u00f2miques amb vedella Angus i porc. Idees saboroses per a un men\u00fa de Nadal de qualitat sense gastar de m\u00e9s.","robots":{"index":"index","follow":"follow","max-snippet":"max-snippet:-1","max-image-preview":"max-image-preview:large","max-video-preview":"max-video-preview:-1"},"canonical":"https:\/\/disteco.com\/ca\/talls-de-carn-ideals-per-nadal\/","og_locale":"ca_ES","og_type":"article","og_title":"Talls de carn ideals per Nadal - GRUP ALIMENTARI DISTECO","og_description":"Descobreix receptes nadalenques econ\u00f2miques amb vedella Angus i porc. Idees saboroses per a un men\u00fa de Nadal de qualitat sense gastar de m\u00e9s.","og_url":"https:\/\/disteco.com\/ca\/talls-de-carn-ideals-per-nadal\/","og_site_name":"GRUP ALIMENTARI DISTECO","article_publisher":"https:\/\/www.facebook.com\/grupalimentaridisteco\/","article_published_time":"2025-12-05T11:26:00+00:00","article_modified_time":"2025-12-07T19:14:31+00:00","og_image":[{"width":1920,"height":1278,"url":"https:\/\/disteco.com\/wp-content\/uploads\/2019\/12\/Cortes-de-carne-ideales-para-navidad.jpg","type":"image\/jpeg"}],"author":"GAD","twitter_card":"summary_large_image","twitter_creator":"@DistecoGrup","twitter_site":"@DistecoGrup","twitter_misc":{"Escrit per":"GAD","Temps estimat de lectura":"4 minut"},"schema":{"@context":"https:\/\/schema.org","@graph":[{"@type":"Article","@id":"https:\/\/disteco.com\/ca\/talls-de-carn-ideals-per-nadal\/#article","isPartOf":{"@id":"https:\/\/disteco.com\/ca\/talls-de-carn-ideals-per-nadal\/"},"author":{"name":"GAD","@id":"https:\/\/disteco.com\/ca\/#\/schema\/person\/4ea51f932b94228a72ce3c6332cfd3c0"},"headline":"Talls de carn ideals per Nadal","datePublished":"2025-12-05T11:26:00+00:00","dateModified":"2025-12-07T19:14:31+00:00","mainEntityOfPage":{"@id":"https:\/\/disteco.com\/ca\/talls-de-carn-ideals-per-nadal\/"},"wordCount":762,"commentCount":0,"publisher":{"@id":"https:\/\/disteco.com\/ca\/#organization"},"image":{"@id":"https:\/\/disteco.com\/ca\/talls-de-carn-ideals-per-nadal\/#primaryimage"},"thumbnailUrl":"https:\/\/disteco.com\/wp-content\/uploads\/2019\/12\/Cortes-de-carne-ideales-para-navidad.jpg","keywords":["carn","compres de Nadal","festes","GAD","gastronomia","nadal","tall"],"articleSection":["\u00daltimes not\u00edcies"],"inLanguage":"ca","potentialAction":[{"@type":"CommentAction","name":"Comment","target":["https:\/\/disteco.com\/ca\/talls-de-carn-ideals-per-nadal\/#respond"]}]},{"@type":"WebPage","@id":"https:\/\/disteco.com\/ca\/talls-de-carn-ideals-per-nadal\/","url":"https:\/\/disteco.com\/ca\/talls-de-carn-ideals-per-nadal\/","name":"Talls de carn ideals per Nadal - GRUP ALIMENTARI DISTECO","isPartOf":{"@id":"https:\/\/disteco.com\/ca\/#website"},"primaryImageOfPage":{"@id":"https:\/\/disteco.com\/ca\/talls-de-carn-ideals-per-nadal\/#primaryimage"},"image":{"@id":"https:\/\/disteco.com\/ca\/talls-de-carn-ideals-per-nadal\/#primaryimage"},"thumbnailUrl":"https:\/\/disteco.com\/wp-content\/uploads\/2019\/12\/Cortes-de-carne-ideales-para-navidad.jpg","datePublished":"2025-12-05T11:26:00+00:00","dateModified":"2025-12-07T19:14:31+00:00","description":"Descobreix receptes nadalenques econ\u00f2miques amb vedella Angus i porc. Idees saboroses per a un men\u00fa de Nadal de qualitat sense gastar de m\u00e9s.","breadcrumb":{"@id":"https:\/\/disteco.com\/ca\/talls-de-carn-ideals-per-nadal\/#breadcrumb"},"inLanguage":"ca","potentialAction":[{"@type":"ReadAction","target":["https:\/\/disteco.com\/ca\/talls-de-carn-ideals-per-nadal\/"]}]},{"@type":"ImageObject","inLanguage":"ca","@id":"https:\/\/disteco.com\/ca\/talls-de-carn-ideals-per-nadal\/#primaryimage","url":"https:\/\/disteco.com\/wp-content\/uploads\/2019\/12\/Cortes-de-carne-ideales-para-navidad.jpg","contentUrl":"https:\/\/disteco.com\/wp-content\/uploads\/2019\/12\/Cortes-de-carne-ideales-para-navidad.jpg","width":1920,"height":1278,"caption":"Cortes de carne ideales para Navidad"},{"@type":"BreadcrumbList","@id":"https:\/\/disteco.com\/ca\/talls-de-carn-ideals-per-nadal\/#breadcrumb","itemListElement":[{"@type":"ListItem","position":1,"name":"Portada","item":"https:\/\/disteco.com\/ca\/"},{"@type":"ListItem","position":2,"name":"Talls de carn ideals per Nadal"}]},{"@type":"WebSite","@id":"https:\/\/disteco.com\/ca\/#website","url":"https:\/\/disteco.com\/ca\/","name":"GRUP ALIMENTARI DISTECO","description":"Distribuci\u00f3 aliment\u00e0ria de productes d'alta qualitat","publisher":{"@id":"https:\/\/disteco.com\/ca\/#organization"},"potentialAction":[{"@type":"SearchAction","target":{"@type":"EntryPoint","urlTemplate":"https:\/\/disteco.com\/ca\/?s={search_term_string}"},"query-input":{"@type":"PropertyValueSpecification","valueRequired":true,"valueName":"search_term_string"}}],"inLanguage":"ca"},{"@type":"Organization","@id":"https:\/\/disteco.com\/ca\/#organization","name":"GRUP ALIMENTARI DISTECO","url":"https:\/\/disteco.com\/ca\/","logo":{"@type":"ImageObject","inLanguage":"ca","@id":"https:\/\/disteco.com\/ca\/#\/schema\/logo\/image\/","url":"https:\/\/disteco.com\/wp-content\/uploads\/2017\/03\/logo-grup-alimentari-disteco.png","contentUrl":"https:\/\/disteco.com\/wp-content\/uploads\/2017\/03\/logo-grup-alimentari-disteco.png","width":600,"height":61,"caption":"GRUP ALIMENTARI DISTECO"},"image":{"@id":"https:\/\/disteco.com\/ca\/#\/schema\/logo\/image\/"},"sameAs":["https:\/\/www.facebook.com\/grupalimentaridisteco\/","https:\/\/x.com\/DistecoGrup","https:\/\/www.instagram.com\/gadisteco\/","https:\/\/www.linkedin.com\/company\/grup-alimentari-disteco\/","https:\/\/www.youtube.com\/@grupalimentaridisteco572"]},{"@type":"Person","@id":"https:\/\/disteco.com\/ca\/#\/schema\/person\/4ea51f932b94228a72ce3c6332cfd3c0","name":"GAD","image":{"@type":"ImageObject","inLanguage":"ca","@id":"https:\/\/disteco.com\/ca\/#\/schema\/person\/image\/","url":"https:\/\/secure.gravatar.com\/avatar\/c03aafdc2e714d25acb2f145eda11ecc45ef17c5219efd6cfba9f6a37f404cfe?s=96&d=mm&r=g","contentUrl":"https:\/\/secure.gravatar.com\/avatar\/c03aafdc2e714d25acb2f145eda11ecc45ef17c5219efd6cfba9f6a37f404cfe?s=96&d=mm&r=g","caption":"GAD"},"url":"https:\/\/disteco.com\/ca\/author\/baraka\/"}]}},"_links":{"self":[{"href":"https:\/\/disteco.com\/ca\/wp-json\/wp\/v2\/posts\/211518","targetHints":{"allow":["GET"]}}],"collection":[{"href":"https:\/\/disteco.com\/ca\/wp-json\/wp\/v2\/posts"}],"about":[{"href":"https:\/\/disteco.com\/ca\/wp-json\/wp\/v2\/types\/post"}],"author":[{"embeddable":true,"href":"https:\/\/disteco.com\/ca\/wp-json\/wp\/v2\/users\/1"}],"replies":[{"embeddable":true,"href":"https:\/\/disteco.com\/ca\/wp-json\/wp\/v2\/comments?post=211518"}],"version-history":[{"count":15,"href":"https:\/\/disteco.com\/ca\/wp-json\/wp\/v2\/posts\/211518\/revisions"}],"predecessor-version":[{"id":258256,"href":"https:\/\/disteco.com\/ca\/wp-json\/wp\/v2\/posts\/211518\/revisions\/258256"}],"wp:featuredmedia":[{"embeddable":true,"href":"https:\/\/disteco.com\/ca\/wp-json\/wp\/v2\/media\/211513"}],"wp:attachment":[{"href":"https:\/\/disteco.com\/ca\/wp-json\/wp\/v2\/media?parent=211518"}],"wp:term":[{"taxonomy":"category","embeddable":true,"href":"https:\/\/disteco.com\/ca\/wp-json\/wp\/v2\/categories?post=211518"},{"taxonomy":"post_tag","embeddable":true,"href":"https:\/\/disteco.com\/ca\/wp-json\/wp\/v2\/tags?post=211518"}],"curies":[{"name":"wp","href":"https:\/\/api.w.org\/{rel}","templated":true}]}}