{"id":211262,"date":"2025-09-26T17:48:00","date_gmt":"2025-09-26T17:48:00","guid":{"rendered":"https:\/\/disteco.com\/?p=211262"},"modified":"2025-09-29T12:04:14","modified_gmt":"2025-09-29T12:04:14","slug":"comercialitzacio-de-productes-majoristes-de-distribucio","status":"publish","type":"post","link":"https:\/\/disteco.com\/ca\/comercialitzacio-de-productes-majoristes-de-distribucio\/","title":{"rendered":"Comercialitzaci\u00f3 de productes d&#8217;alimentaci\u00f3"},"content":{"rendered":"<h6><img loading=\"lazy\" decoding=\"async\" class=\"alignnone size-large wp-image-26209\" src=\"https:\/\/disteco.com\/wp-content\/uploads\/2017\/06\/vehiculos-grup-alimentari-disteco-1024x682.jpg\" alt=\"\" width=\"1024\" height=\"682\" srcset=\"https:\/\/disteco.com\/wp-content\/uploads\/2017\/06\/vehiculos-grup-alimentari-disteco-1024x682.jpg 1024w, https:\/\/disteco.com\/wp-content\/uploads\/2017\/06\/vehiculos-grup-alimentari-disteco-300x200.jpg 300w, https:\/\/disteco.com\/wp-content\/uploads\/2017\/06\/vehiculos-grup-alimentari-disteco-768x512.jpg 768w, https:\/\/disteco.com\/wp-content\/uploads\/2017\/06\/vehiculos-grup-alimentari-disteco-1080x720.jpg 1080w, https:\/\/disteco.com\/wp-content\/uploads\/2017\/06\/vehiculos-grup-alimentari-disteco.jpg 1280w\" sizes=\"(max-width: 1024px) 100vw, 1024px\" \/><\/h6>\n<h6><em><span style=\"color: #cc0000;\">Comercialitzaci\u00f3 de productes d&#8217;alimentaci\u00f3<\/span><\/em><\/h6>\n<h1><\/h1>\n<h1 data-start=\"337\" data-end=\"397\">Comercialitzaci\u00f3 de productes d&#8217;alimentaci\u00f3<\/h1>\n<p data-start=\"399\" data-end=\"584\">Les empreses dedicades a la <strong data-start=\"427\" data-end=\"486\">comercialitzaci\u00f3 majorista de productes d&#8217;alimentaci\u00f3<\/strong> han esdevingut un aliat indispensable per a les botigues especialitzades i el canal Horeca.<\/p>\n<p data-start=\"586\" data-end=\"883\">Al sector alimentari, el <strong data-start=\"615\" data-end=\"641\">distribu\u00efdor majorista<\/strong> \u00e9s la baula que connecta el productor o fabricant amb el consumidor final, garantint que els productes arribin en la qualitat i quantitat necess\u00e0ries. El seu paper \u00e9s fonamental perqu\u00e8 la cadena de subministrament funcioni de manera eficient. <\/p>\n<p data-start=\"885\" data-end=\"1115\">En un entorn cada cop m\u00e9s competitiu i diversificat, els <strong data-start=\"945\" data-end=\"1006\">serveis diferencials dels majoristes d&#8217;alimentaci\u00f3<\/strong> s\u00f3n clau perqu\u00e8 una marca o un comerciant tingui un soci estrat\u00e8gic que li aporti valor afegit.<\/p>\n<h2 data-start=\"1122\" data-end=\"1186\"><\/h2>\n<h2 data-start=\"1122\" data-end=\"1186\">El que marca la difer\u00e8ncia en la comercialitzaci\u00f3 majorista<\/h2>\n<p data-start=\"1188\" data-end=\"1474\">La <strong data-start=\"1191\" data-end=\"1213\">venda a l&#8217;engr\u00f2s<\/strong> i la distribuci\u00f3 s\u00f3n pilars b\u00e0sics en el negoci de lalimentaci\u00f3. Tot i aix\u00f2, la transformaci\u00f3 digital i l&#8217;auge del comer\u00e7 electr\u00f2nic han plantejat nous desafiaments que exigeixen innovaci\u00f3, efici\u00e8ncia i adaptaci\u00f3 a les demandes dels consumidors. <\/p>\n<p data-start=\"1476\" data-end=\"1556\">Avui, els factors que diferencien els millors distribu\u00efdors majoristes s\u00f3n:<\/p>\n<h3 data-start=\"1558\" data-end=\"1600\">Log\u00edstica i distribuci\u00f3 intel\u00b7ligent<\/h3>\n<p data-start=\"1601\" data-end=\"1854\">L&#8217;aplicaci\u00f3 de <strong data-start=\"1618\" data-end=\"1651\">tecnologies d&#8217;emmagatzematge<\/strong>, l&#8217;optimitzaci\u00f3 de les naus de distribuci\u00f3, una <strong data-start=\"1703\" data-end=\"1724\">flota actualitzada<\/strong> i la <strong data-start=\"1730\" data-end=\"1757\">log\u00edstica de proximitat <\/strong> s\u00f3n aspectes essencials per garantir un servei eficient i un lliurament en temps i forma.<\/p>\n<h3 data-start=\"1856\" data-end=\"1887\">Equip hum\u00e0 qualificat<\/h3>\n<p data-start=\"1888\" data-end=\"2177\">Darrere de cada operaci\u00f3 hi ha un <strong data-start=\"1920\" data-end=\"1965\">equip professional altament comprom\u00e8s<\/strong>, que abasta des de latenci\u00f3 al client fins al transport. La implicaci\u00f3 i l&#8217;experi\u00e8ncia de l&#8217;equip marquen la difer\u00e8ncia en la qualitat del servei i en la capacitat de resposta davant de qualsevol necessitat. <\/p>\n<h3 data-start=\"2179\" data-end=\"2215\">Serveis adaptats al client<\/h3>\n<p data-start=\"2216\" data-end=\"2537\">M\u00e9s enll\u00e0 de la venda de producte, un distribu\u00efdor majorista de qualitat s&#8217;ha de convertir en un <strong data-start=\"2310\" data-end=\"2331\">soci estrat\u00e8gic<\/strong> capa\u00e7 d&#8217;oferir una selecci\u00f3 personalitzada de productes per a cada tipus d&#8217;establiment. L&#8217;objectiu \u00e9s aportar solucions que contribueixin a millorar el posicionament i la rendibilitat del negoci. <\/p>\n<h3 data-start=\"2539\" data-end=\"2579\">Responsabilitat social i ambiental<\/h3>\n<p data-start=\"2580\" data-end=\"2833\">La sostenibilitat \u00e9s un valor imprescindible al sector alimentari actual. Apostar per productes que hagin seguit una <strong data-start=\"2702\" data-end=\"2725\">gesti\u00f3 responsable<\/strong> i respectuosa amb el medi ambient aporta confian\u00e7a al client i es converteix en un avantatge competitiu. <\/p>\n<h2 data-start=\"2840\" data-end=\"2901\"><\/h2>\n<h2 data-start=\"2840\" data-end=\"2901\">Disteco, el seu soci de confian\u00e7a en distribuci\u00f3 majorista<\/h2>\n<blockquote>\n<h4 data-start=\"2903\" data-end=\"3194\">A <span style=\"color: #cc0000;\"><a style=\"color: #cc0000;\" href=\"https:\/\/disteco.com\/ca\/\" target=\"_blank\" rel=\"noopener\"><strong data-start=\"2906\" data-end=\"2933\">Grup Alimentari Disteco<\/strong><\/a><\/span> comptem amb una \u00e0mplia experi\u00e8ncia a la <a href=\"\/?page_id=25258\" target=\"_blank\" rel=\"noopener\"><span style=\"color: #cc0000;\"><strong data-start=\"2976\" data-end=\"3048\">comercialitzaci\u00f3 de productes majoristes de distribuci\u00f3 aliment\u00e0ria<\/strong><\/span><\/a>. El nostre comprom\u00eds \u00e9s oferir productes d\u00b4alta qualitat juntament amb un servei proper, eficient i adaptat a les necessitats de cada client. <\/h4>\n<\/blockquote>\n<p data-start=\"3196\" data-end=\"3371\">Si el vostre negoci d&#8217;alimentaci\u00f3 busca un <strong data-start=\"3235\" data-end=\"3271\">prove\u00efdor majorista de confian\u00e7a<\/strong>, estarem encantats d&#8217;assessorar-vos i posar a la vostra disposici\u00f3 tot el nostre cat\u00e0leg de solucions.<\/p>\n<p data-start=\"3373\" data-end=\"3451\"><span style=\"color: #cc0000;\"><strong><a class=\"decorated-link cursor-pointer\" style=\"color: #cc0000;\" target=\"_new\" rel=\"noopener\" data-start=\"3373\" data-end=\"3427\">Contacti amb nosaltres<\/a><\/strong><\/span> per a m\u00e9s informaci\u00f3.<\/p>\n","protected":false},"excerpt":{"rendered":"<p>Les empreses dedicades a la comercialitzaci\u00f3 majorista de productes d&#8217;alimentaci\u00f3 han esdevingut un aliat indispensable <\/p>\n","protected":false},"author":1,"featured_media":205174,"comment_status":"open","ping_status":"open","sticky":false,"template":"","format":"standard","meta":{"_et_pb_use_builder":"","_et_pb_old_content":"","_et_gb_content_width":"","footnotes":""},"categories":[43],"tags":[59,117,120,121,65],"class_list":["post-211262","post","type-post","status-publish","format-standard","has-post-thumbnail","hentry","category-ultimes-noticies","tag-alimentacio","tag-distribucio-alimentaria","tag-distribuidors-de-alimentacio-a-espanya","tag-gad-ca-2","tag-productes-de-proximitat"],"yoast_head":"<!-- This site is optimized with the Yoast SEO plugin v26.9 - https:\/\/yoast.com\/product\/yoast-seo-wordpress\/ -->\n<title>Comercialitzaci\u00f3 de productes d&#039;alimentaci\u00f3 - GAD<\/title>\n<meta name=\"description\" content=\"A GAD som experts en la comercialitzaci\u00f3 de productes d&#039;alimentaci\u00f3 per a hostaleria i botigues especialitzades.\" \/>\n<meta name=\"robots\" content=\"index, follow, max-snippet:-1, max-image-preview:large, max-video-preview:-1\" \/>\n<link rel=\"canonical\" href=\"https:\/\/disteco.com\/ca\/comercialitzacio-de-productes-majoristes-de-distribucio\/\" \/>\n<meta property=\"og:locale\" content=\"ca_ES\" \/>\n<meta property=\"og:type\" content=\"article\" \/>\n<meta property=\"og:title\" content=\"Comercialitzaci\u00f3 de productes d&#039;alimentaci\u00f3 - GAD\" \/>\n<meta property=\"og:description\" content=\"A GAD som experts en la comercialitzaci\u00f3 de productes d&#039;alimentaci\u00f3 per a hostaleria i botigues especialitzades.\" \/>\n<meta property=\"og:url\" content=\"https:\/\/disteco.com\/ca\/comercialitzacio-de-productes-majoristes-de-distribucio\/\" \/>\n<meta property=\"og:site_name\" content=\"GRUP ALIMENTARI DISTECO\" \/>\n<meta property=\"article:publisher\" content=\"https:\/\/www.facebook.com\/grupalimentaridisteco\/\" \/>\n<meta property=\"article:published_time\" content=\"2025-09-26T17:48:00+00:00\" \/>\n<meta property=\"article:modified_time\" content=\"2025-09-29T12:04:14+00:00\" \/>\n<meta property=\"og:image\" content=\"https:\/\/disteco.com\/wp-content\/uploads\/2017\/06\/vehiculos-grup-alimentari-disteco.jpg\" \/>\n\t<meta property=\"og:image:width\" content=\"1280\" \/>\n\t<meta property=\"og:image:height\" content=\"853\" \/>\n\t<meta property=\"og:image:type\" content=\"image\/jpeg\" \/>\n<meta name=\"author\" content=\"GAD\" \/>\n<meta name=\"twitter:card\" content=\"summary_large_image\" \/>\n<meta name=\"twitter:creator\" content=\"@DistecoGrup\" \/>\n<meta name=\"twitter:site\" content=\"@DistecoGrup\" \/>\n<meta name=\"twitter:label1\" content=\"Escrit per\" \/>\n\t<meta name=\"twitter:data1\" content=\"GAD\" \/>\n\t<meta name=\"twitter:label2\" content=\"Temps estimat de lectura\" \/>\n\t<meta name=\"twitter:data2\" content=\"3 minut\" \/>\n<script type=\"application\/ld+json\" class=\"yoast-schema-graph\">{\"@context\":\"https:\/\/schema.org\",\"@graph\":[{\"@type\":\"Article\",\"@id\":\"https:\/\/disteco.com\/ca\/comercialitzacio-de-productes-majoristes-de-distribucio\/#article\",\"isPartOf\":{\"@id\":\"https:\/\/disteco.com\/ca\/comercialitzacio-de-productes-majoristes-de-distribucio\/\"},\"author\":{\"name\":\"GAD\",\"@id\":\"https:\/\/disteco.com\/ca\/#\/schema\/person\/4ea51f932b94228a72ce3c6332cfd3c0\"},\"headline\":\"Comercialitzaci\u00f3 de productes d&#8217;alimentaci\u00f3\",\"datePublished\":\"2025-09-26T17:48:00+00:00\",\"dateModified\":\"2025-09-29T12:04:14+00:00\",\"mainEntityOfPage\":{\"@id\":\"https:\/\/disteco.com\/ca\/comercialitzacio-de-productes-majoristes-de-distribucio\/\"},\"wordCount\":480,\"commentCount\":0,\"publisher\":{\"@id\":\"https:\/\/disteco.com\/ca\/#organization\"},\"image\":{\"@id\":\"https:\/\/disteco.com\/ca\/comercialitzacio-de-productes-majoristes-de-distribucio\/#primaryimage\"},\"thumbnailUrl\":\"https:\/\/disteco.com\/wp-content\/uploads\/2017\/06\/vehiculos-grup-alimentari-disteco.jpg\",\"keywords\":[\"alimentaci\u00f3\",\"distribuci\u00f3 alimentaria\",\"Distribu\u00efdors d&#039;alimentaci\u00f3 a Espanya\",\"GAD\",\"productes de proximitat\"],\"articleSection\":[\"\u00daltimes not\u00edcies\"],\"inLanguage\":\"ca\",\"potentialAction\":[{\"@type\":\"CommentAction\",\"name\":\"Comment\",\"target\":[\"https:\/\/disteco.com\/ca\/comercialitzacio-de-productes-majoristes-de-distribucio\/#respond\"]}]},{\"@type\":\"WebPage\",\"@id\":\"https:\/\/disteco.com\/ca\/comercialitzacio-de-productes-majoristes-de-distribucio\/\",\"url\":\"https:\/\/disteco.com\/ca\/comercialitzacio-de-productes-majoristes-de-distribucio\/\",\"name\":\"Comercialitzaci\u00f3 de productes d'alimentaci\u00f3 - GAD\",\"isPartOf\":{\"@id\":\"https:\/\/disteco.com\/ca\/#website\"},\"primaryImageOfPage\":{\"@id\":\"https:\/\/disteco.com\/ca\/comercialitzacio-de-productes-majoristes-de-distribucio\/#primaryimage\"},\"image\":{\"@id\":\"https:\/\/disteco.com\/ca\/comercialitzacio-de-productes-majoristes-de-distribucio\/#primaryimage\"},\"thumbnailUrl\":\"https:\/\/disteco.com\/wp-content\/uploads\/2017\/06\/vehiculos-grup-alimentari-disteco.jpg\",\"datePublished\":\"2025-09-26T17:48:00+00:00\",\"dateModified\":\"2025-09-29T12:04:14+00:00\",\"description\":\"A GAD som experts en la comercialitzaci\u00f3 de productes d'alimentaci\u00f3 per a hostaleria i botigues especialitzades.\",\"breadcrumb\":{\"@id\":\"https:\/\/disteco.com\/ca\/comercialitzacio-de-productes-majoristes-de-distribucio\/#breadcrumb\"},\"inLanguage\":\"ca\",\"potentialAction\":[{\"@type\":\"ReadAction\",\"target\":[\"https:\/\/disteco.com\/ca\/comercialitzacio-de-productes-majoristes-de-distribucio\/\"]}]},{\"@type\":\"ImageObject\",\"inLanguage\":\"ca\",\"@id\":\"https:\/\/disteco.com\/ca\/comercialitzacio-de-productes-majoristes-de-distribucio\/#primaryimage\",\"url\":\"https:\/\/disteco.com\/wp-content\/uploads\/2017\/06\/vehiculos-grup-alimentari-disteco.jpg\",\"contentUrl\":\"https:\/\/disteco.com\/wp-content\/uploads\/2017\/06\/vehiculos-grup-alimentari-disteco.jpg\",\"width\":1280,\"height\":853,\"caption\":\"Comercializaci\u00f3n de productos mayoristas de distribuci\u00f3n\"},{\"@type\":\"BreadcrumbList\",\"@id\":\"https:\/\/disteco.com\/ca\/comercialitzacio-de-productes-majoristes-de-distribucio\/#breadcrumb\",\"itemListElement\":[{\"@type\":\"ListItem\",\"position\":1,\"name\":\"Portada\",\"item\":\"https:\/\/disteco.com\/ca\/\"},{\"@type\":\"ListItem\",\"position\":2,\"name\":\"Comercialitzaci\u00f3 de productes d&#8217;alimentaci\u00f3\"}]},{\"@type\":\"WebSite\",\"@id\":\"https:\/\/disteco.com\/ca\/#website\",\"url\":\"https:\/\/disteco.com\/ca\/\",\"name\":\"GRUP ALIMENTARI DISTECO\",\"description\":\"Distribuci\u00f3 aliment\u00e0ria de productes d'alta qualitat\",\"publisher\":{\"@id\":\"https:\/\/disteco.com\/ca\/#organization\"},\"potentialAction\":[{\"@type\":\"SearchAction\",\"target\":{\"@type\":\"EntryPoint\",\"urlTemplate\":\"https:\/\/disteco.com\/ca\/?s={search_term_string}\"},\"query-input\":{\"@type\":\"PropertyValueSpecification\",\"valueRequired\":true,\"valueName\":\"search_term_string\"}}],\"inLanguage\":\"ca\"},{\"@type\":\"Organization\",\"@id\":\"https:\/\/disteco.com\/ca\/#organization\",\"name\":\"GRUP ALIMENTARI DISTECO\",\"url\":\"https:\/\/disteco.com\/ca\/\",\"logo\":{\"@type\":\"ImageObject\",\"inLanguage\":\"ca\",\"@id\":\"https:\/\/disteco.com\/ca\/#\/schema\/logo\/image\/\",\"url\":\"https:\/\/disteco.com\/wp-content\/uploads\/2017\/03\/logo-grup-alimentari-disteco.png\",\"contentUrl\":\"https:\/\/disteco.com\/wp-content\/uploads\/2017\/03\/logo-grup-alimentari-disteco.png\",\"width\":600,\"height\":61,\"caption\":\"GRUP ALIMENTARI DISTECO\"},\"image\":{\"@id\":\"https:\/\/disteco.com\/ca\/#\/schema\/logo\/image\/\"},\"sameAs\":[\"https:\/\/www.facebook.com\/grupalimentaridisteco\/\",\"https:\/\/x.com\/DistecoGrup\",\"https:\/\/www.instagram.com\/gadisteco\/\",\"https:\/\/www.linkedin.com\/company\/grup-alimentari-disteco\/\",\"https:\/\/www.youtube.com\/@grupalimentaridisteco572\"]},{\"@type\":\"Person\",\"@id\":\"https:\/\/disteco.com\/ca\/#\/schema\/person\/4ea51f932b94228a72ce3c6332cfd3c0\",\"name\":\"GAD\",\"image\":{\"@type\":\"ImageObject\",\"inLanguage\":\"ca\",\"@id\":\"https:\/\/disteco.com\/ca\/#\/schema\/person\/image\/\",\"url\":\"https:\/\/secure.gravatar.com\/avatar\/c03aafdc2e714d25acb2f145eda11ecc45ef17c5219efd6cfba9f6a37f404cfe?s=96&d=mm&r=g\",\"contentUrl\":\"https:\/\/secure.gravatar.com\/avatar\/c03aafdc2e714d25acb2f145eda11ecc45ef17c5219efd6cfba9f6a37f404cfe?s=96&d=mm&r=g\",\"caption\":\"GAD\"},\"url\":\"https:\/\/disteco.com\/ca\/author\/baraka\/\"}]}<\/script>\n<!-- \/ Yoast SEO plugin. -->","yoast_head_json":{"title":"Comercialitzaci\u00f3 de productes d'alimentaci\u00f3 - GAD","description":"A GAD som experts en la comercialitzaci\u00f3 de productes d'alimentaci\u00f3 per a hostaleria i botigues especialitzades.","robots":{"index":"index","follow":"follow","max-snippet":"max-snippet:-1","max-image-preview":"max-image-preview:large","max-video-preview":"max-video-preview:-1"},"canonical":"https:\/\/disteco.com\/ca\/comercialitzacio-de-productes-majoristes-de-distribucio\/","og_locale":"ca_ES","og_type":"article","og_title":"Comercialitzaci\u00f3 de productes d'alimentaci\u00f3 - GAD","og_description":"A GAD som experts en la comercialitzaci\u00f3 de productes d'alimentaci\u00f3 per a hostaleria i botigues especialitzades.","og_url":"https:\/\/disteco.com\/ca\/comercialitzacio-de-productes-majoristes-de-distribucio\/","og_site_name":"GRUP ALIMENTARI DISTECO","article_publisher":"https:\/\/www.facebook.com\/grupalimentaridisteco\/","article_published_time":"2025-09-26T17:48:00+00:00","article_modified_time":"2025-09-29T12:04:14+00:00","og_image":[{"width":1280,"height":853,"url":"https:\/\/disteco.com\/wp-content\/uploads\/2017\/06\/vehiculos-grup-alimentari-disteco.jpg","type":"image\/jpeg"}],"author":"GAD","twitter_card":"summary_large_image","twitter_creator":"@DistecoGrup","twitter_site":"@DistecoGrup","twitter_misc":{"Escrit per":"GAD","Temps estimat de lectura":"3 minut"},"schema":{"@context":"https:\/\/schema.org","@graph":[{"@type":"Article","@id":"https:\/\/disteco.com\/ca\/comercialitzacio-de-productes-majoristes-de-distribucio\/#article","isPartOf":{"@id":"https:\/\/disteco.com\/ca\/comercialitzacio-de-productes-majoristes-de-distribucio\/"},"author":{"name":"GAD","@id":"https:\/\/disteco.com\/ca\/#\/schema\/person\/4ea51f932b94228a72ce3c6332cfd3c0"},"headline":"Comercialitzaci\u00f3 de productes d&#8217;alimentaci\u00f3","datePublished":"2025-09-26T17:48:00+00:00","dateModified":"2025-09-29T12:04:14+00:00","mainEntityOfPage":{"@id":"https:\/\/disteco.com\/ca\/comercialitzacio-de-productes-majoristes-de-distribucio\/"},"wordCount":480,"commentCount":0,"publisher":{"@id":"https:\/\/disteco.com\/ca\/#organization"},"image":{"@id":"https:\/\/disteco.com\/ca\/comercialitzacio-de-productes-majoristes-de-distribucio\/#primaryimage"},"thumbnailUrl":"https:\/\/disteco.com\/wp-content\/uploads\/2017\/06\/vehiculos-grup-alimentari-disteco.jpg","keywords":["alimentaci\u00f3","distribuci\u00f3 alimentaria","Distribu\u00efdors d&#039;alimentaci\u00f3 a Espanya","GAD","productes de proximitat"],"articleSection":["\u00daltimes not\u00edcies"],"inLanguage":"ca","potentialAction":[{"@type":"CommentAction","name":"Comment","target":["https:\/\/disteco.com\/ca\/comercialitzacio-de-productes-majoristes-de-distribucio\/#respond"]}]},{"@type":"WebPage","@id":"https:\/\/disteco.com\/ca\/comercialitzacio-de-productes-majoristes-de-distribucio\/","url":"https:\/\/disteco.com\/ca\/comercialitzacio-de-productes-majoristes-de-distribucio\/","name":"Comercialitzaci\u00f3 de productes d'alimentaci\u00f3 - GAD","isPartOf":{"@id":"https:\/\/disteco.com\/ca\/#website"},"primaryImageOfPage":{"@id":"https:\/\/disteco.com\/ca\/comercialitzacio-de-productes-majoristes-de-distribucio\/#primaryimage"},"image":{"@id":"https:\/\/disteco.com\/ca\/comercialitzacio-de-productes-majoristes-de-distribucio\/#primaryimage"},"thumbnailUrl":"https:\/\/disteco.com\/wp-content\/uploads\/2017\/06\/vehiculos-grup-alimentari-disteco.jpg","datePublished":"2025-09-26T17:48:00+00:00","dateModified":"2025-09-29T12:04:14+00:00","description":"A GAD som experts en la comercialitzaci\u00f3 de productes d'alimentaci\u00f3 per a hostaleria i botigues especialitzades.","breadcrumb":{"@id":"https:\/\/disteco.com\/ca\/comercialitzacio-de-productes-majoristes-de-distribucio\/#breadcrumb"},"inLanguage":"ca","potentialAction":[{"@type":"ReadAction","target":["https:\/\/disteco.com\/ca\/comercialitzacio-de-productes-majoristes-de-distribucio\/"]}]},{"@type":"ImageObject","inLanguage":"ca","@id":"https:\/\/disteco.com\/ca\/comercialitzacio-de-productes-majoristes-de-distribucio\/#primaryimage","url":"https:\/\/disteco.com\/wp-content\/uploads\/2017\/06\/vehiculos-grup-alimentari-disteco.jpg","contentUrl":"https:\/\/disteco.com\/wp-content\/uploads\/2017\/06\/vehiculos-grup-alimentari-disteco.jpg","width":1280,"height":853,"caption":"Comercializaci\u00f3n de productos mayoristas de distribuci\u00f3n"},{"@type":"BreadcrumbList","@id":"https:\/\/disteco.com\/ca\/comercialitzacio-de-productes-majoristes-de-distribucio\/#breadcrumb","itemListElement":[{"@type":"ListItem","position":1,"name":"Portada","item":"https:\/\/disteco.com\/ca\/"},{"@type":"ListItem","position":2,"name":"Comercialitzaci\u00f3 de productes d&#8217;alimentaci\u00f3"}]},{"@type":"WebSite","@id":"https:\/\/disteco.com\/ca\/#website","url":"https:\/\/disteco.com\/ca\/","name":"GRUP ALIMENTARI DISTECO","description":"Distribuci\u00f3 aliment\u00e0ria de productes d'alta qualitat","publisher":{"@id":"https:\/\/disteco.com\/ca\/#organization"},"potentialAction":[{"@type":"SearchAction","target":{"@type":"EntryPoint","urlTemplate":"https:\/\/disteco.com\/ca\/?s={search_term_string}"},"query-input":{"@type":"PropertyValueSpecification","valueRequired":true,"valueName":"search_term_string"}}],"inLanguage":"ca"},{"@type":"Organization","@id":"https:\/\/disteco.com\/ca\/#organization","name":"GRUP ALIMENTARI DISTECO","url":"https:\/\/disteco.com\/ca\/","logo":{"@type":"ImageObject","inLanguage":"ca","@id":"https:\/\/disteco.com\/ca\/#\/schema\/logo\/image\/","url":"https:\/\/disteco.com\/wp-content\/uploads\/2017\/03\/logo-grup-alimentari-disteco.png","contentUrl":"https:\/\/disteco.com\/wp-content\/uploads\/2017\/03\/logo-grup-alimentari-disteco.png","width":600,"height":61,"caption":"GRUP ALIMENTARI DISTECO"},"image":{"@id":"https:\/\/disteco.com\/ca\/#\/schema\/logo\/image\/"},"sameAs":["https:\/\/www.facebook.com\/grupalimentaridisteco\/","https:\/\/x.com\/DistecoGrup","https:\/\/www.instagram.com\/gadisteco\/","https:\/\/www.linkedin.com\/company\/grup-alimentari-disteco\/","https:\/\/www.youtube.com\/@grupalimentaridisteco572"]},{"@type":"Person","@id":"https:\/\/disteco.com\/ca\/#\/schema\/person\/4ea51f932b94228a72ce3c6332cfd3c0","name":"GAD","image":{"@type":"ImageObject","inLanguage":"ca","@id":"https:\/\/disteco.com\/ca\/#\/schema\/person\/image\/","url":"https:\/\/secure.gravatar.com\/avatar\/c03aafdc2e714d25acb2f145eda11ecc45ef17c5219efd6cfba9f6a37f404cfe?s=96&d=mm&r=g","contentUrl":"https:\/\/secure.gravatar.com\/avatar\/c03aafdc2e714d25acb2f145eda11ecc45ef17c5219efd6cfba9f6a37f404cfe?s=96&d=mm&r=g","caption":"GAD"},"url":"https:\/\/disteco.com\/ca\/author\/baraka\/"}]}},"_links":{"self":[{"href":"https:\/\/disteco.com\/ca\/wp-json\/wp\/v2\/posts\/211262","targetHints":{"allow":["GET"]}}],"collection":[{"href":"https:\/\/disteco.com\/ca\/wp-json\/wp\/v2\/posts"}],"about":[{"href":"https:\/\/disteco.com\/ca\/wp-json\/wp\/v2\/types\/post"}],"author":[{"embeddable":true,"href":"https:\/\/disteco.com\/ca\/wp-json\/wp\/v2\/users\/1"}],"replies":[{"embeddable":true,"href":"https:\/\/disteco.com\/ca\/wp-json\/wp\/v2\/comments?post=211262"}],"version-history":[{"count":9,"href":"https:\/\/disteco.com\/ca\/wp-json\/wp\/v2\/posts\/211262\/revisions"}],"predecessor-version":[{"id":258136,"href":"https:\/\/disteco.com\/ca\/wp-json\/wp\/v2\/posts\/211262\/revisions\/258136"}],"wp:featuredmedia":[{"embeddable":true,"href":"https:\/\/disteco.com\/ca\/wp-json\/wp\/v2\/media\/205174"}],"wp:attachment":[{"href":"https:\/\/disteco.com\/ca\/wp-json\/wp\/v2\/media?parent=211262"}],"wp:term":[{"taxonomy":"category","embeddable":true,"href":"https:\/\/disteco.com\/ca\/wp-json\/wp\/v2\/categories?post=211262"},{"taxonomy":"post_tag","embeddable":true,"href":"https:\/\/disteco.com\/ca\/wp-json\/wp\/v2\/tags?post=211262"}],"curies":[{"name":"wp","href":"https:\/\/api.w.org\/{rel}","templated":true}]}}